{"id":5811,"date":"2012-11-17T10:00:13","date_gmt":"2012-11-17T13:00:13","guid":{"rendered":"http:\/\/www.24baires.com\/?p=5811"},"modified":"2012-11-17T16:46:03","modified_gmt":"2012-11-17T19:46:03","slug":"avellaneda-capacitaron-en-rcp-a-alumnos-universitarios","status":"publish","type":"post","link":"https:\/\/www.24baires.com\/?p=5811","title":{"rendered":"Avellaneda: capacitaron en RCP a alumnos universitarios"},"content":{"rendered":"<p><img data-recalc-dims=\"1\" loading=\"lazy\" decoding=\"async\" class=\"alignleft size-medium wp-image-5812\" title=\"rcp Avellaneada\" src=\"https:\/\/i0.wp.com\/www.24baires.com\/wp-content\/uploads\/2012\/11\/rcp-Avellaneada.jpg?resize=300%2C225\" alt=\"\" width=\"300\" height=\"225\" srcset=\"https:\/\/i0.wp.com\/www.24baires.com\/wp-content\/uploads\/2012\/11\/rcp-Avellaneada.jpg?resize=300%2C225&amp;ssl=1 300w, https:\/\/i0.wp.com\/www.24baires.com\/wp-content\/uploads\/2012\/11\/rcp-Avellaneada.jpg?w=560&amp;ssl=1 560w\" sizes=\"auto, (max-width: 300px) 100vw, 300px\" \/>El programa provincial de Ense\u00f1anza de Reanimaci\u00f3n Cardiopulmonar y el Seguro P\u00fablico de Salud (SPS) realiz\u00f3 una jornada de capacitaci\u00f3n en RCP y primeros auxilios para m\u00e1s de 60 alumnos de la Universidad Nacional de Avellaneda.<!--more--><\/p>\n<p>La jornada estuvo encabezada por el t\u00e9cnico en Emergentolog\u00eda, Gonzalo Sim\u00f3n, del programa de Ense\u00f1anza de RCP que depende de la direcci\u00f3n provincial de Programas Sanitarios.<\/p>\n<p>La capacitaci\u00f3n en Avellaneda fue la tercera en universidades ubicadas en el territorio provincial. Anteriormente se realizaron en las casas de estudios de Ezeiza y Azul.<\/p>\n<p>Los alumnos que presenciaron de la jornada de capacitaci\u00f3n en t\u00e9cnicas de Reanimaci\u00f3n Cardiopulmonar y primeros auxilios obtuvieron los certificados de participaci\u00f3n.<\/p>\n<p>El SPS provee un sistema de cobertura m\u00e9dica, odontol\u00f3gica y de an\u00e1lisis bioqu\u00edmicos que ofrece el ministerio de Salud provincial a los estudiantes que carecen de obra social, y cuenta con 13.207 beneficiarios en 19 universidades que est\u00e1n ubicadas en la provincia de Buenos Aires.<\/p>\n","protected":false},"excerpt":{"rendered":"<p>El programa provincial de Ense\u00f1anza de Reanimaci\u00f3n Cardiopulmonar y el Seguro P\u00fablico de Salud (SPS) realiz\u00f3 una jornada de capacitaci\u00f3n en RCP y primeros auxilios para m\u00e1s de 60 alumnos de la Universidad Nacional de Avellaneda.<\/p>\n","protected":false},"author":4,"featured_media":0,"comment_status":"open","ping_status":"open","sticky":false,"template":"","format":"standard","meta":{"_jetpack_newsletter_access":"","_jetpack_dont_email_post_to_subs":false,"_jetpack_newsletter_tier_id":0,"_jetpack_memberships_contains_paywalled_content":false,"_jetpack_memberships_contains_paid_content":false,"footnotes":""},"categories":[38],"tags":[],"class_list":["post-5811","post","type-post","status-publish","format-standard","hentry","category-locales"],"jetpack_featured_media_url":"","jetpack_shortlink":"https:\/\/wp.me\/p2JWE0-1vJ","jetpack-related-posts":[{"id":55102,"url":"https:\/\/www.24baires.com\/?p=55102","url_meta":{"origin":5811,"position":0},"title":"Alumnos de Navarro se capacitaron en Reanimaci\u00f3n Cardio-Pulmonar","author":"GB","date":"09\/10\/2014","format":false,"excerpt":"La municipalidad de Navarro abri\u00f3 sus puertas durante todo el d\u00eda martes para que la Subsecretar\u00eda de Deporte Comunitario del Ministerio de Desarrollo Social de la Naci\u00f3n pueda brindar una nueva capacitaci\u00f3n en RCP. En este caso 300 alumnos de escuelas secundarias de la ciudad. \u201cTodos podemos Salvar una Vida\u201d\u2026","rel":"","context":"En \u00abMunicipios\u00bb","block_context":{"text":"Municipios","link":"https:\/\/www.24baires.com\/?cat=44"},"img":{"alt_text":"","src":"","width":0,"height":0},"classes":[]},{"id":63139,"url":"https:\/\/www.24baires.com\/?p=63139","url_meta":{"origin":5811,"position":1},"title":"Proponen que sea obligatorio saber hacer RCP para obtener el carnet de conducir","author":"AF","date":"14\/03\/2015","format":false,"excerpt":"El titular de la C\u00e1mara de Diputados, Juli\u00e1n Dom\u00ednguez, anunci\u00f3 la presentaci\u00f3n de un proyecto de ley para que sea obligatorio aprobar un curso de reanimaci\u00f3n cardiopulmonar antes de recibir la licencia de conducir. Dom\u00ednguez inaugur\u00f3 este viernes junto al m\u00e9dico Daniel L\u00f3pez Rosetti, la campa\u00f1a nacional de difusi\u00f3n de\u2026","rel":"","context":"En \u00abSociedad\u00bb","block_context":{"text":"Sociedad","link":"https:\/\/www.24baires.com\/?cat=1"},"img":{"alt_text":"","src":"","width":0,"height":0},"classes":[]},{"id":46593,"url":"https:\/\/www.24baires.com\/?p=46593","url_meta":{"origin":5811,"position":2},"title":"Se realizaron jornadas de capacitaci\u00f3n en RCP en General Rodr\u00edguez","author":"GB","date":"23\/05\/2014","format":false,"excerpt":"La Subsecretar\u00eda de Planeamiento y Gesti\u00f3n Deportiva, conducida por Luis Vivona, llev\u00f3 sus jornadas de capacitaci\u00f3n en reanimaci\u00f3n cardiopulmonar al terru\u00f1o de Juan Pablo Anghileri. Vivona ya hab\u00eda estado una semana antes y refuerza su v\u00ednculo. A primera hora del jueves, tuvo lugar una capacitaci\u00f3n del programa de \u201cRCP en\u2026","rel":"","context":"En \u00abMunicipios\u00bb","block_context":{"text":"Municipios","link":"https:\/\/www.24baires.com\/?cat=44"},"img":{"alt_text":"","src":"","width":0,"height":0},"classes":[]},{"id":35802,"url":"https:\/\/www.24baires.com\/?p=35802","url_meta":{"origin":5811,"position":3},"title":"Guardavidas bonaerenses deber\u00e1n capacitarse en RCP","author":"AF","date":"27\/11\/2013","format":false,"excerpt":"A partir de ahora, los guardavidas que presten servicio en la provincia de Buenos Aires, tendr\u00e1n que actualizarse, obligatoriamente, en maniobras de resucitaci\u00f3n cardiopulmonar (RCP). As\u00ed lo establecieron las autoridades de la Comisi\u00f3n Provincial de Guardavidas que, con la intervenci\u00f3n del ministerio de Salud, que ya capacit\u00f3 a un grupo\u2026","rel":"","context":"En \u00abProvincia\u00bb","block_context":{"text":"Provincia","link":"https:\/\/www.24baires.com\/?cat=40"},"img":{"alt_text":"","src":"","width":0,"height":0},"classes":[]},{"id":81922,"url":"https:\/\/www.24baires.com\/?p=81922","url_meta":{"origin":5811,"position":4},"title":"Empleados p\u00fablicos tendr\u00e1n cursos obligatorios de RCP","author":"AF","date":"26\/04\/2016","format":false,"excerpt":"La diputada provincial M\u00f3nica L\u00f3pez (Unibloque Peronismo Bonaerense) inst\u00f3 a concientizar y capacitar a los trabajadores de la Administraci\u00f3n P\u00fablica sobre la importancia que tiene la t\u00e9cnica de Reanimaci\u00f3n Cardio-Pulmonar (RCP) a trav\u00e9s de un curso que se brindar\u00e1 una vez por a\u00f1o y ser\u00e1 obligatorio para todos los empleados.\u2026","rel":"","context":"En \u00abSociedad\u00bb","block_context":{"text":"Sociedad","link":"https:\/\/www.24baires.com\/?cat=1"},"img":{"alt_text":"m\u00f3nica l\u00f3pez2","src":"https:\/\/i0.wp.com\/www.24baires.com\/wp-content\/uploads\/2015\/10\/m%C3%B3nica-l%C3%B3pez2.jpg?resize=350%2C200","width":350,"height":200,"srcset":"https:\/\/i0.wp.com\/www.24baires.com\/wp-content\/uploads\/2015\/10\/m%C3%B3nica-l%C3%B3pez2.jpg?resize=350%2C200 1x, https:\/\/i0.wp.com\/www.24baires.com\/wp-content\/uploads\/2015\/10\/m%C3%B3nica-l%C3%B3pez2.jpg?resize=525%2C300 1.5x"},"classes":[]},{"id":36931,"url":"https:\/\/www.24baires.com\/?p=36931","url_meta":{"origin":5811,"position":5},"title":"Ferrobaires: una capacitaci\u00f3n que vale por 900","author":"Grupo Sierra","date":"16\/12\/2013","format":false,"excerpt":"En la Casa de la Provincia, Ferrobaires entreg\u00f3 certificados a los 900 trabajadores que se capacitaron durante el a\u00f1o a trav\u00e9s de los programas de formaci\u00f3n que dict\u00f3 junto al Ministerio de Trabajo y la Subsecretar\u00eda para la Modernizaci\u00f3n del Estado, por medio del Instituto Provincial de la Administraci\u00f3n P\u00fablica\u2026","rel":"","context":"En \u00abProvincia\u00bb","block_context":{"text":"Provincia","link":"https:\/\/www.24baires.com\/?cat=40"},"img":{"alt_text":"","src":"","width":0,"height":0},"classes":[]}],"jetpack_sharing_enabled":true,"jetpack_likes_enabled":true,"_links":{"self":[{"href":"https:\/\/www.24baires.com\/index.php?rest_route=\/wp\/v2\/posts\/5811","targetHints":{"allow":["GET"]}}],"collection":[{"href":"https:\/\/www.24baires.com\/index.php?rest_route=\/wp\/v2\/posts"}],"about":[{"href":"https:\/\/www.24baires.com\/index.php?rest_route=\/wp\/v2\/types\/post"}],"author":[{"embeddable":true,"href":"https:\/\/www.24baires.com\/index.php?rest_route=\/wp\/v2\/users\/4"}],"replies":[{"embeddable":true,"href":"https:\/\/www.24baires.com\/index.php?rest_route=%2Fwp%2Fv2%2Fcomments&post=5811"}],"version-history":[{"count":1,"href":"https:\/\/www.24baires.com\/index.php?rest_route=\/wp\/v2\/posts\/5811\/revisions"}],"predecessor-version":[{"id":5813,"href":"https:\/\/www.24baires.com\/index.php?rest_route=\/wp\/v2\/posts\/5811\/revisions\/5813"}],"wp:attachment":[{"href":"https:\/\/www.24baires.com\/index.php?rest_route=%2Fwp%2Fv2%2Fmedia&parent=5811"}],"wp:term":[{"taxonomy":"category","embeddable":true,"href":"https:\/\/www.24baires.com\/index.php?rest_route=%2Fwp%2Fv2%2Fcategories&post=5811"},{"taxonomy":"post_tag","embeddable":true,"href":"https:\/\/www.24baires.com\/index.php?rest_route=%2Fwp%2Fv2%2Ftags&post=5811"}],"curies":[{"name":"wp","href":"https:\/\/api.w.org\/{rel}","templated":true}]}}