{"id":5802,"date":"2012-11-17T13:34:52","date_gmt":"2012-11-17T16:34:52","guid":{"rendered":"http:\/\/www.24baires.com\/?p=5802"},"modified":"2012-11-17T16:57:07","modified_gmt":"2012-11-17T19:57:07","slug":"en-quilmes-los-trabajadores-luchan-por-la-recuperacion-de-la-fabrica-acetatos-argentinos-s-a","status":"publish","type":"post","link":"https:\/\/www.24baires.com\/?p=5802","title":{"rendered":"En Quilmes los trabajadores luchan por la recuperaci\u00f3n de la f\u00e1brica Acetatos Argentinos"},"content":{"rendered":"<p>Cuando hace poco m\u00e1s de un mes, los due\u00f1os decidieron presentarse a la quiebra, tras veinte meses de conflicto con sus empleados, \u00e9stos \u00faltimos optaron por hacer los tr\u00e1mites para conformarse en cooperativa, lo cual fue aceptado por el INAES. Hace apenas unas semanas, la Cooperativa Acetatos Argentinos recibi\u00f3 la matr\u00edcula que la habilita como tal.<!--more--><\/p>\n<p>Se trata de una empresa de larga trayectoria en la zona de Quilmes, que originalmente pertenec\u00eda al estado franc\u00e9s, y que en 1992 fue vendida a un empresario privado. La f\u00e1brica, que originalmente s\u00f3lo hacia hilado de acetato, con la llegada del nuevo due\u00f1o incorpor\u00f3 un nuevo proceso de urdido, encolado y tintorer\u00eda, que les permiti\u00f3 pasar de la venta del hilado en bruto a la producci\u00f3n de la tela final.<\/p>\n<p>La tela de acetato es una seda artificial que se usa b\u00e1sicamente para el forrado de los trajes y vestidos, y para el filtro de los cigarrillos, y cuyo componente natural se obtiene de la corteza del \u00e1rbol. Por ahora la materia prima es totalmente importada. \u201cEsta planta es la \u00fanica que hay en Sudam\u00e9rica \u2013aclara Carlos Alberto Magdycz, a cargo de la cooperativa-Hab\u00eda una en Venezuela, que era melliza de esta, pero cerr\u00f3 hace cuatro a\u00f1os.\u201d<\/p>\n<p>Carlos explica que hasta el a\u00f1o 2005 trabajaron bien y que lleg\u00f3 a haber 300 personas en la planta. Pero a este punto el due\u00f1o ya era un hombre mayor y, si bien sigui\u00f3 al frente del directorio, fue derivando el manejo de la empresa en sus tres hijos y ah\u00ed empezaron los problemas. Carlos explica c\u00f3mo fue la ca\u00edda: \u201cUn poco por desconocimiento, y otro porque son chicos que nacieron en cuna de oro, saben poco y desprecian al trabajador. Lo primero que hicieron fue un vaciamiento de materias gris, o sea que cada estupidez que ellos propon\u00edan, el que sab\u00eda les hac\u00eda frente y lo terminaban echando. Se fueron rodeando de in\u00fatiles. Hubo una desinversi\u00f3n muy grande, empezaron a perder mercados y llegaron a esta situaci\u00f3n extrema.\u201d<\/p>\n<p>Los \u00faltimos veinte meses, previendo la debacle y atentos a nuevos inversores, los empleados se preocuparon en mantener la f\u00e1brica en condiciones de funcionamiento y limpieza. \u201cHubo un par de empresarios que se acercaron y recorrieron la planta \u2013cuenta Magdycz-, pero ellos mismos reconoc\u00edan que iban a pedir plata al estado para invertir. A los mismos due\u00f1os, por una gesti\u00f3n del sindicato ante la C\u00e1mara de la industria, les hab\u00edan ofrecido los cr\u00e9ditos del Bicentenario, pero \u00bfsabe usted cu\u00e1ndo no los quisieron? Cuando les pidieron garant\u00edas.\u201d<\/p>\n<p>Los integrantes de la cooperativa Acetatos Argentinos son 128. Hay operarios, supervisores, empleados administrativos y hasta gerentes. Est\u00e1n en condiciones de poner en marcha la f\u00e1brica inmediatamente y hasta hay clientes que los est\u00e1n esperando para volver a comprarles. Ahora s\u00f3lo les falta algo de financiaci\u00f3n para comprar la materia prima, ya que acaban de terminar de procesar lo \u00faltimo que quedaba.<\/p>\n<p>\u201cLas m\u00e1quinas est\u00e1n intactas, apret\u00e1s el bot\u00f3n verde y arrancan. Nosotros estamos capacitados para llevar esto adelante. La cooperativa es una figura legal, pero adentro queremos que siga funcionando como una empresa. Si nos dan cr\u00e9ditos, que nos los den con todos los controles; nosotros no queremos un estado bobo. Ser\u00eda una picard\u00eda no poder seguir, porque si no la hacemos nosotros, esta tela va a entrar de afuera.\u201d<\/p>\n<p>Carlos espera una pronta soluci\u00f3n porque siente que est\u00e1n encuadrados en todas las pol\u00edticas que pregona el gobierno nacional. \u201cPara empezar \u2013dice- no se puede permitir que se pierdan 128 puestos de trabajo por culpa de los empresarios vaciadores e in\u00fatiles. Y otra que si la f\u00e1brica se pone en marcha, vamos a precisar gente. Nos encuadramos en el tema de conservar fuentes de trabajo, de generarlos, y tambi\u00e9n encuadramos en el tema de la sustituci\u00f3n de importaciones. Porque si nosotros no fabricamos esta tela, va a venir de afuera.\u201d<\/p>\n<p>\u201cAcetatos Argentinos S.A.\u201d, ahora reconvertida en \u201cCooperativa Acetatos Argentinos Ltda.\u201d, est\u00e1 en Primera Junta 525, Quilmes. A partir de la obtenci\u00f3n de la matr\u00edcula cooperativista, sus trabajadores contin\u00faan ahora haciendo los tr\u00e1mites en la AFIP y en el gobierno de la provincia de Buenos Aires. Han golpeado todas las puertas y seguir\u00e1n haci\u00e9ndolo hasta obtener lo m\u00ednimo para empezar a andar. Como dice su titular, \u201chay un mercado de 300 mil metros de tela que est\u00e1 esperando, y m\u00e1s: porque en un momento hasta llegamos a exportar a Brasil.\u201d<\/p>\n","protected":false},"excerpt":{"rendered":"<p>Cuando hace poco m\u00e1s de un mes, los due\u00f1os decidieron presentarse a la quiebra, tras veinte meses de conflicto con sus empleados, \u00e9stos \u00faltimos optaron por hacer los tr\u00e1mites para conformarse en cooperativa, lo cual fue aceptado por el INAES. Hace apenas unas semanas, la Cooperativa Acetatos Argentinos recibi\u00f3 la matr\u00edcula que la habilita como tal.<\/p>\n","protected":false},"author":4,"featured_media":0,"comment_status":"open","ping_status":"open","sticky":false,"template":"","format":"standard","meta":{"_jetpack_newsletter_access":"","_jetpack_dont_email_post_to_subs":false,"_jetpack_newsletter_tier_id":0,"_jetpack_memberships_contains_paywalled_content":false,"_jetpack_memberships_contains_paid_content":false,"footnotes":""},"categories":[1],"tags":[],"class_list":["post-5802","post","type-post","status-publish","format-standard","hentry","category-sociedad"],"jetpack_featured_media_url":"","jetpack_shortlink":"https:\/\/wp.me\/p2JWE0-1vA","jetpack-related-posts":[{"id":92035,"url":"https:\/\/www.24baires.com\/?p=92035","url_meta":{"origin":5802,"position":0},"title":"Vidal vet\u00f3 expropiaciones en favor de Asociaci\u00f3n Civil y dos f\u00e1bricas recuperadas","author":"GB","date":"31\/01\/2017","format":false,"excerpt":"Se trata de normativas que beneficiaban a la Asociaci\u00f3n Civil Pantal\u00f3n Cortito y a dos cooperativas de trabajo, una de Quilmes y la otra de Tigre. El primero se refiere a Asociaci\u00f3n Civil Pantal\u00f3n Cortito, de la localidad de Abasto de La Plata, la asociaci\u00f3n civil que lleva casi 30\u2026","rel":"","context":"En \u00abProvincia\u00bb","block_context":{"text":"Provincia","link":"https:\/\/www.24baires.com\/?cat=40"},"img":{"alt_text":"","src":"https:\/\/i0.wp.com\/www.24baires.com\/wp-content\/uploads\/2016\/12\/vidall.jpg?resize=350%2C200","width":350,"height":200,"srcset":"https:\/\/i0.wp.com\/www.24baires.com\/wp-content\/uploads\/2016\/12\/vidall.jpg?resize=350%2C200 1x, https:\/\/i0.wp.com\/www.24baires.com\/wp-content\/uploads\/2016\/12\/vidall.jpg?resize=525%2C300 1.5x"},"classes":[]},{"id":108427,"url":"https:\/\/www.24baires.com\/?p=108427","url_meta":{"origin":5802,"position":1},"title":"Empleados tomaron una f\u00e1brica metal\u00fargica en Bernal y piden al gobierno por sus empleos","author":"AF","date":"27\/05\/2019","format":false,"excerpt":"Los 240 operarios de la f\u00e1brica industrial ubicada en Bernal intentan salvar los empleos con la conformaci\u00f3n de una cooperativa. Los due\u00f1os de la metal\u00fargica aseguraron que la apertura a las importaciones agrav\u00f3 la situaci\u00f3n de la firma. La metal\u00fargica Eitar quebr\u00f3. Estaba dedicada a la fabricaci\u00f3n de accesorios para\u2026","rel":"","context":"En \u00abSociedad\u00bb","block_context":{"text":"Sociedad","link":"https:\/\/www.24baires.com\/?cat=1"},"img":{"alt_text":"","src":"https:\/\/i0.wp.com\/www.24baires.com\/wp-content\/uploads\/2019\/05\/metalurgica-eitar.jpg?resize=350%2C200","width":350,"height":200,"srcset":"https:\/\/i0.wp.com\/www.24baires.com\/wp-content\/uploads\/2019\/05\/metalurgica-eitar.jpg?resize=350%2C200 1x, https:\/\/i0.wp.com\/www.24baires.com\/wp-content\/uploads\/2019\/05\/metalurgica-eitar.jpg?resize=525%2C300 1.5x"},"classes":[]},{"id":116177,"url":"https:\/\/www.24baires.com\/?p=116177","url_meta":{"origin":5802,"position":2},"title":"Presentaron el nuevo Ahora 12","author":"AF","date":"09\/09\/2020","format":false,"excerpt":"Durante el acto encabezado en la f\u00e1brica de la cervecer\u00eda Quilmes por el presidente Alberto Fern\u00e1ndez y el gobernador bonaerense Axel Kicillof, la secretaria de Comercio Interior, Paula Espa\u00f1ol, anunci\u00f3 la nueva fase del plan Ahora12 que incluir\u00e1 la posibilidad de tener tres meses de gracia para comenzar a pagar\u2026","rel":"","context":"En \u00abSociedad\u00bb","block_context":{"text":"Sociedad","link":"https:\/\/www.24baires.com\/?cat=1"},"img":{"alt_text":"","src":"https:\/\/i0.wp.com\/www.24baires.com\/wp-content\/uploads\/2015\/03\/ahora-12.jpg?resize=350%2C200","width":350,"height":200,"srcset":"https:\/\/i0.wp.com\/www.24baires.com\/wp-content\/uploads\/2015\/03\/ahora-12.jpg?resize=350%2C200 1x, https:\/\/i0.wp.com\/www.24baires.com\/wp-content\/uploads\/2015\/03\/ahora-12.jpg?resize=525%2C300 1.5x"},"classes":[]},{"id":107429,"url":"https:\/\/www.24baires.com\/?p=107429","url_meta":{"origin":5802,"position":3},"title":"La justicia orden\u00f3 desalojar una cooperativa en Quilmes","author":"GB","date":"29\/03\/2019","format":false,"excerpt":"El hecho ocurri\u00f3 la ma\u00f1ana del viernes cuando los trabajadores fueron corridos del lugar donde desempe\u00f1an su tarea por decisi\u00f3n del juez de Garant\u00edas N\u00ba2, Mart\u00edn Nolfi. Los trabajadores de la Cooperativa El Registro de Quilmes fueron desalojados sorpresivamente este viernes por ma\u00f1ana a ra\u00edz de una orden judicial. La\u2026","rel":"","context":"En \u00abMunicipios\u00bb","block_context":{"text":"Municipios","link":"https:\/\/www.24baires.com\/?cat=44"},"img":{"alt_text":"","src":"https:\/\/i0.wp.com\/www.24baires.com\/wp-content\/uploads\/2019\/03\/cooperativa-quilmes.jpg?resize=350%2C200","width":350,"height":200,"srcset":"https:\/\/i0.wp.com\/www.24baires.com\/wp-content\/uploads\/2019\/03\/cooperativa-quilmes.jpg?resize=350%2C200 1x, https:\/\/i0.wp.com\/www.24baires.com\/wp-content\/uploads\/2019\/03\/cooperativa-quilmes.jpg?resize=525%2C300 1.5x"},"classes":[]},{"id":111214,"url":"https:\/\/www.24baires.com\/?p=111214","url_meta":{"origin":5802,"position":4},"title":"Papelera platense al borde del cierre","author":"GB","date":"17\/07\/2019","format":false,"excerpt":"La cooperativa de Ringuelet se encuentra inoperativa desde hace tres semanas. Los obreros piden financiaci\u00f3n para poder cumplir con el pago. Cortan el Camino Centenario para visibilizar la problem\u00e1tica. En jaque por el aumento de las tarifas, los trabajadores de la popular papelera ubicada en la localidad platense de Ringuelet\u2026","rel":"","context":"En \u00abMunicipios\u00bb","block_context":{"text":"Municipios","link":"https:\/\/www.24baires.com\/?cat=44"},"img":{"alt_text":"","src":"https:\/\/i0.wp.com\/www.24baires.com\/wp-content\/uploads\/2019\/07\/papelera.jpeg?resize=350%2C200","width":350,"height":200,"srcset":"https:\/\/i0.wp.com\/www.24baires.com\/wp-content\/uploads\/2019\/07\/papelera.jpeg?resize=350%2C200 1x, https:\/\/i0.wp.com\/www.24baires.com\/wp-content\/uploads\/2019\/07\/papelera.jpeg?resize=525%2C300 1.5x"},"classes":[]},{"id":100364,"url":"https:\/\/www.24baires.com\/?p=100364","url_meta":{"origin":5802,"position":5},"title":"S\u00f3lo en enero se registraron m\u00e1s de 6 mil despidos","author":"GB","date":"05\/02\/2018","format":false,"excerpt":"Seg\u00fan un informe del Centro de Econom\u00eda Pol\u00edtica Argentina, la cantidad de personas que se quedaron sin trabajo durante el \u00faltimo mes duplic\u00f3 la cifra de diciembre y la de enero del a\u00f1o pasado. El documento detalla adem\u00e1s, que m\u00e1s de la mitad de las cesant\u00edas se registr\u00f3 en la\u2026","rel":"","context":"En \u00abSociedad\u00bb","block_context":{"text":"Sociedad","link":"https:\/\/www.24baires.com\/?cat=1"},"img":{"alt_text":"","src":"https:\/\/i0.wp.com\/www.24baires.com\/wp-content\/uploads\/2018\/02\/desempleo.jpg?resize=350%2C200","width":350,"height":200,"srcset":"https:\/\/i0.wp.com\/www.24baires.com\/wp-content\/uploads\/2018\/02\/desempleo.jpg?resize=350%2C200 1x, https:\/\/i0.wp.com\/www.24baires.com\/wp-content\/uploads\/2018\/02\/desempleo.jpg?resize=525%2C300 1.5x"},"classes":[]}],"jetpack_sharing_enabled":true,"jetpack_likes_enabled":true,"_links":{"self":[{"href":"https:\/\/www.24baires.com\/index.php?rest_route=\/wp\/v2\/posts\/5802","targetHints":{"allow":["GET"]}}],"collection":[{"href":"https:\/\/www.24baires.com\/index.php?rest_route=\/wp\/v2\/posts"}],"about":[{"href":"https:\/\/www.24baires.com\/index.php?rest_route=\/wp\/v2\/types\/post"}],"author":[{"embeddable":true,"href":"https:\/\/www.24baires.com\/index.php?rest_route=\/wp\/v2\/users\/4"}],"replies":[{"embeddable":true,"href":"https:\/\/www.24baires.com\/index.php?rest_route=%2Fwp%2Fv2%2Fcomments&post=5802"}],"version-history":[{"count":3,"href":"https:\/\/www.24baires.com\/index.php?rest_route=\/wp\/v2\/posts\/5802\/revisions"}],"predecessor-version":[{"id":5815,"href":"https:\/\/www.24baires.com\/index.php?rest_route=\/wp\/v2\/posts\/5802\/revisions\/5815"}],"wp:attachment":[{"href":"https:\/\/www.24baires.com\/index.php?rest_route=%2Fwp%2Fv2%2Fmedia&parent=5802"}],"wp:term":[{"taxonomy":"category","embeddable":true,"href":"https:\/\/www.24baires.com\/index.php?rest_route=%2Fwp%2Fv2%2Fcategories&post=5802"},{"taxonomy":"post_tag","embeddable":true,"href":"https:\/\/www.24baires.com\/index.php?rest_route=%2Fwp%2Fv2%2Ftags&post=5802"}],"curies":[{"name":"wp","href":"https:\/\/api.w.org\/{rel}","templated":true}]}}