{"id":5799,"date":"2012-11-17T10:15:12","date_gmt":"2012-11-17T13:15:12","guid":{"rendered":"http:\/\/www.24baires.com\/?p=5799"},"modified":"2012-11-17T13:08:04","modified_gmt":"2012-11-17T16:08:04","slug":"piense-antes-de-imprimir-es-ley-bonaerense","status":"publish","type":"post","link":"https:\/\/www.24baires.com\/?p=5799","title":{"rendered":"&#8216;Piense antes de imprimir&#8217; es Ley bonaerense"},"content":{"rendered":"<p>La C\u00e1mara de Senadores bonaerense aprob\u00f3 por mayor\u00eda de votos y transform\u00f3 en ley la iniciativa de autor\u00eda de la diputada del Pro Peronismo de la Provincia de Buenos Aires, Nancy Monz\u00f3n, que incorpora al pie de todos los correos electr\u00f3nicos oficiales de los poderes Ejecutivo, Legislativo y Judicial, de organismos dependientes o bajo la \u00f3rbita del Poder Ejecutivo, de empresas estatales o con participaci\u00f3n estatal mayoritaria y Organismos Constitucionales la frase \u201cPiense antes de imprimir. Ahorrar papel es cuidar el medioambiente\u201d.<!--more--><\/p>\n<p>\u201cLa cantidad de mails que se env\u00edan desde los distintos organismos p\u00fablicos por d\u00eda y la diversidad de los destinatarios, facilita la difusi\u00f3n de estas ideas para la educaci\u00f3n de la comunidad. Nuestro objetivo a mediano plazo es que todas las dependencias p\u00fablicas utilicen papel reciclado y en ese sentido estamos trabajando\u201d, fundament\u00f3 Monz\u00f3n en su proyecto de ley.<\/p>\n<p>Monz\u00f3n afirm\u00f3 que \u201clo que intentamos es crear conciencia acerca de la necesidad de cuidar el medio ambiente ya que por a\u00f1o se talan miles de \u00e1rboles para la producci\u00f3n de papel. Tambi\u00e9n se contaminan muchos recursos h\u00eddricos mediante sustancias altamente contaminantes en pos del n\u00edtido color blanco que se acostumbra en el uso de las hojas de oficina\u201d.<\/p>\n<p>Cabe resaltar hoy casi todo el papel proviene de bosques implantados, es decir aquellos producidos por el hombre mediante siembra o plantaci\u00f3n de especies arb\u00f3reas nativas, que no pertenecen al lugar. \u201cCon esta ley queremos concientizar y educar a la comunidad para cuidar el ambiente\u201d, agreg\u00f3 Monz\u00f3n.<\/p>\n<p>As\u00ed la provincia de Buenos Aires se sum\u00f3 as\u00ed a una iniciativa de nivel global \u2013 tanto en empresas como en organismos p\u00fablicos, que incluye frases del mismo estilo, dentro del aviso legal o debajo de las firmas de sus e-mails.<\/p>\n<p>\u201cUn ejemplo de ello, es la frase \u2018Antes de imprimir, piense en el Medio Ambiente\u2019, que incluye la Secretar\u00eda de ambiente y Desarrollo Sustentable de la Naci\u00f3n en sus correos electr\u00f3nicos\u201d, dijo finalmente Monz\u00f3n<\/p>\n","protected":false},"excerpt":{"rendered":"<p>La C\u00e1mara de Senadores bonaerense aprob\u00f3 por mayor\u00eda de votos y transform\u00f3 en ley la iniciativa de autor\u00eda de la diputada del Pro Peronismo de la Provincia de Buenos Aires, Nancy Monz\u00f3n, que incorpora al pie de todos los correos electr\u00f3nicos oficiales de los poderes Ejecutivo, Legislativo y Judicial, de organismos dependientes o bajo la \u00f3rbita del Poder Ejecutivo, de [&#8230;]<\/p>\n","protected":false},"author":4,"featured_media":0,"comment_status":"open","ping_status":"open","sticky":false,"template":"","format":"standard","meta":{"_jetpack_newsletter_access":"","_jetpack_dont_email_post_to_subs":false,"_jetpack_newsletter_tier_id":0,"_jetpack_memberships_contains_paywalled_content":false,"_jetpack_memberships_contains_paid_content":false,"footnotes":""},"categories":[40],"tags":[],"class_list":["post-5799","post","type-post","status-publish","format-standard","hentry","category-provincia"],"jetpack_featured_media_url":"","jetpack_shortlink":"https:\/\/wp.me\/p2JWE0-1vx","jetpack-related-posts":[{"id":104140,"url":"https:\/\/www.24baires.com\/?p=104140","url_meta":{"origin":5799,"position":0},"title":"Estatales bonaerenses iniciaron un nuevo paro de 48 horas","author":"GB","date":"28\/08\/2018","format":false,"excerpt":"Los trabajadores nucleados en ATE reclaman la reapertura de la paritaria y pases a planta permanente y rechazan el ajuste en los organismos p\u00fablicos. La Asociaci\u00f3n de Trabajadores del Estado (ATE) de la provincia de Buenos Aires inici\u00f3 hoy un paro de 48 horas para exigir la reapertura de la\u2026","rel":"","context":"En \u00abProvincia\u00bb","block_context":{"text":"Provincia","link":"https:\/\/www.24baires.com\/?cat=40"},"img":{"alt_text":"","src":"https:\/\/i0.wp.com\/www.24baires.com\/wp-content\/uploads\/2016\/03\/marcha-ate.jpg?resize=350%2C200","width":350,"height":200,"srcset":"https:\/\/i0.wp.com\/www.24baires.com\/wp-content\/uploads\/2016\/03\/marcha-ate.jpg?resize=350%2C200 1x, https:\/\/i0.wp.com\/www.24baires.com\/wp-content\/uploads\/2016\/03\/marcha-ate.jpg?resize=525%2C300 1.5x"},"classes":[]},{"id":113738,"url":"https:\/\/www.24baires.com\/?p=113738","url_meta":{"origin":5799,"position":1},"title":"Provincia confirm\u00f3 bono a estatales","author":"GB","date":"09\/01\/2020","format":false,"excerpt":"El gobierno bonaerense expres\u00f3 la intenci\u00f3n de aplicar el aumento a los gremios, pero con las modificaciones que impuso la oposici\u00f3n a la ley impositiva deber\u00e1 hacer las cuentas nuevamente. La sanci\u00f3n de la ley impositiva 2020 con los cambios impuestos por parte de la oposici\u00f3n ya comenz\u00f3 a hacer\u2026","rel":"","context":"En \u00abLocales\u00bb","block_context":{"text":"Locales","link":"https:\/\/www.24baires.com\/?cat=38"},"img":{"alt_text":"","src":"","width":0,"height":0},"classes":[]},{"id":120785,"url":"https:\/\/www.24baires.com\/?p=120785","url_meta":{"origin":5799,"position":2},"title":"Paro de estatales de ATE en la Provincia en rechazo al DNU de Milei","author":"GB","date":"22\/12\/2023","format":false,"excerpt":"La Asociaci\u00f3n de Trabajadores del Estado (ATE) bonaerense realizar\u00e1 una medida de fuerza este viernes que afectar\u00e1 a la administraci\u00f3n Kicillof. La acci\u00f3n, que incluir\u00e1 cortes en la Autopista La Plata - Buenos Aires, ser\u00e1 contra el \"decretazo\" que el Presidente firm\u00f3 la noche del mi\u00e9rcoles y que incluye la\u2026","rel":"","context":"En \u00abPol\u00edtica\u00bb","block_context":{"text":"Pol\u00edtica","link":"https:\/\/www.24baires.com\/?cat=51"},"img":{"alt_text":"","src":"https:\/\/i0.wp.com\/www.24baires.com\/wp-content\/uploads\/2019\/04\/estatales-ate.jpg?resize=350%2C200","width":350,"height":200,"srcset":"https:\/\/i0.wp.com\/www.24baires.com\/wp-content\/uploads\/2019\/04\/estatales-ate.jpg?resize=350%2C200 1x, https:\/\/i0.wp.com\/www.24baires.com\/wp-content\/uploads\/2019\/04\/estatales-ate.jpg?resize=525%2C300 1.5x, https:\/\/i0.wp.com\/www.24baires.com\/wp-content\/uploads\/2019\/04\/estatales-ate.jpg?resize=700%2C400 2x"},"classes":[]},{"id":108318,"url":"https:\/\/www.24baires.com\/?p=108318","url_meta":{"origin":5799,"position":3},"title":"Denuncian que m\u00e1s de 4 mil estatales bonaerenses podr\u00edan quedar sin trabajo","author":"GB","date":"22\/05\/2019","format":false,"excerpt":"Desde ATE dieron a conocer que este 26 de mayo vence una ley que ampara la modalidad de contratos aut\u00f3nomos y exigen a la gobernadora, Mar\u00eda Eugenia Vidal, que los pasen a planta permanente. Desde ATE mostraron su preocupaci\u00f3n por la continuidad laboral de m\u00e1s de cuatro mil estatales bonaerenses\u2026","rel":"","context":"En \u00abProvincia\u00bb","block_context":{"text":"Provincia","link":"https:\/\/www.24baires.com\/?cat=40"},"img":{"alt_text":"","src":"https:\/\/i0.wp.com\/www.24baires.com\/wp-content\/uploads\/2018\/06\/gob-provincial-300x200.jpg?resize=350%2C200","width":350,"height":200},"classes":[]},{"id":116670,"url":"https:\/\/www.24baires.com\/?p=116670","url_meta":{"origin":5799,"position":4},"title":"M\u00e9dicos bonaerenses realizar\u00e1n una protesta para exigir aumentos salariales","author":"GB","date":"11\/11\/2020","format":false,"excerpt":"La Asociaci\u00f3n Sindical de Profesionales de la Salud de la provincia de Buenos Aires (Cicop), que nuclea a los m\u00e9dicos de los hospitales bonaerenses, realizar\u00e1 ma\u00f1ana una caravana de autos, en demanda de una nueva convocatoria paritaria \"en la que el Gobierno mejore sustancialmente la oferta salarial\", se inform\u00f3 en\u2026","rel":"","context":"En \u00abProvincia\u00bb","block_context":{"text":"Provincia","link":"https:\/\/www.24baires.com\/?cat=40"},"img":{"alt_text":"","src":"https:\/\/i0.wp.com\/www.24baires.com\/wp-content\/uploads\/2019\/03\/hospital.jpg?resize=350%2C200","width":350,"height":200,"srcset":"https:\/\/i0.wp.com\/www.24baires.com\/wp-content\/uploads\/2019\/03\/hospital.jpg?resize=350%2C200 1x, https:\/\/i0.wp.com\/www.24baires.com\/wp-content\/uploads\/2019\/03\/hospital.jpg?resize=525%2C300 1.5x"},"classes":[]},{"id":107205,"url":"https:\/\/www.24baires.com\/?p=107205","url_meta":{"origin":5799,"position":5},"title":"Estatales piden reapertura de paritaria con aumento igual a docentes","author":"GB","date":"14\/03\/2019","format":false,"excerpt":"Los gremios estatales presionan al gobierno bonaerense para que se vuelva a discutir en una mesa salarial el salario de este a\u00f1o. ATE, que no firm\u00f3 el a\u00f1o pasado, viene insistiendo con esa idea. UPCN, acorralado por la presi\u00f3n de sus bases, se encolumn\u00f3 en ese camino. La inflaci\u00f3n que\u2026","rel":"","context":"En \u00abProvincia\u00bb","block_context":{"text":"Provincia","link":"https:\/\/www.24baires.com\/?cat=40"},"img":{"alt_text":"","src":"https:\/\/i0.wp.com\/www.24baires.com\/wp-content\/uploads\/2018\/11\/estatales.jpg?resize=350%2C200","width":350,"height":200,"srcset":"https:\/\/i0.wp.com\/www.24baires.com\/wp-content\/uploads\/2018\/11\/estatales.jpg?resize=350%2C200 1x, https:\/\/i0.wp.com\/www.24baires.com\/wp-content\/uploads\/2018\/11\/estatales.jpg?resize=525%2C300 1.5x"},"classes":[]}],"jetpack_sharing_enabled":true,"jetpack_likes_enabled":true,"_links":{"self":[{"href":"https:\/\/www.24baires.com\/index.php?rest_route=\/wp\/v2\/posts\/5799","targetHints":{"allow":["GET"]}}],"collection":[{"href":"https:\/\/www.24baires.com\/index.php?rest_route=\/wp\/v2\/posts"}],"about":[{"href":"https:\/\/www.24baires.com\/index.php?rest_route=\/wp\/v2\/types\/post"}],"author":[{"embeddable":true,"href":"https:\/\/www.24baires.com\/index.php?rest_route=\/wp\/v2\/users\/4"}],"replies":[{"embeddable":true,"href":"https:\/\/www.24baires.com\/index.php?rest_route=%2Fwp%2Fv2%2Fcomments&post=5799"}],"version-history":[{"count":2,"href":"https:\/\/www.24baires.com\/index.php?rest_route=\/wp\/v2\/posts\/5799\/revisions"}],"predecessor-version":[{"id":5801,"href":"https:\/\/www.24baires.com\/index.php?rest_route=\/wp\/v2\/posts\/5799\/revisions\/5801"}],"wp:attachment":[{"href":"https:\/\/www.24baires.com\/index.php?rest_route=%2Fwp%2Fv2%2Fmedia&parent=5799"}],"wp:term":[{"taxonomy":"category","embeddable":true,"href":"https:\/\/www.24baires.com\/index.php?rest_route=%2Fwp%2Fv2%2Fcategories&post=5799"},{"taxonomy":"post_tag","embeddable":true,"href":"https:\/\/www.24baires.com\/index.php?rest_route=%2Fwp%2Fv2%2Ftags&post=5799"}],"curies":[{"name":"wp","href":"https:\/\/api.w.org\/{rel}","templated":true}]}}