{"id":5786,"date":"2012-11-17T12:14:06","date_gmt":"2012-11-17T15:14:06","guid":{"rendered":"http:\/\/www.24baires.com\/?p=5786"},"modified":"2012-11-17T12:14:06","modified_gmt":"2012-11-17T15:14:06","slug":"sugieren-la-creacion-de-un-sistema-integral-de-atencion-para-adictos","status":"publish","type":"post","link":"https:\/\/www.24baires.com\/?p=5786","title":{"rendered":"Sugieren la creaci\u00f3n de un sistema integral de atenci\u00f3n para adictos"},"content":{"rendered":"<p>El proyecto pertenece a la senadora Mar\u00eda Isabel Gainza y tiene como objetivo implementar en todo el territorio provincial un organismo de atenci\u00f3n p\u00fablico (SiPAPCA) dedicado a prevenir, diagnosticar y brindar atenci\u00f3n m\u00e9dica para personas adictas.<!--more--><br \/>\nEl proyecto de la senadora Maria Isabel Gainza propone crear el Sistema P\u00fablico de Atenci\u00f3n de las Personas con Conductas Adictivas (SiPAPCA) y su implementaci\u00f3n en todo el territorio bonaerense.<\/p>\n<p>El objetivo de la presentaci\u00f3n es que la Provincia cuente con un organismo dedicado a prevenir, diagnosticar y brindar atenci\u00f3n m\u00e9dica, asistencia e investigaci\u00f3n cl\u00ednica y epidemiol\u00f3gica de personas con conductas de adicci\u00f3n, a trav\u00e9s de la creaci\u00f3n de una red de atenci\u00f3n p\u00fablica espec\u00edfica.<\/p>\n<p>Seg\u00fan expres\u00f3 Gainza en un comunicado, \u201cactualmente, el Estado provincial carece de un sistema de atenci\u00f3n p\u00fablica y gratuita que promueva pol\u00edticas preventivas y garantice la atenci\u00f3n temprana, tratamiento y, en \u00faltima instancia, \u00e1mbitos de internaci\u00f3n para aquellas personas que sean adictas a sustancias legales o ilegales\u201d.<\/p>\n<p>\u201cLos criterios neoliberales en materia de organizaci\u00f3n de la atenci\u00f3n de la salud determinaron la cesi\u00f3n de dicha responsabilidad estatal en centros creados desde la sociedad civil -con encomiable compromiso, esfuerzo y sentido solidario &#8211; sin prever un ordenamiento com\u00fan: no se determinaron protocolos de actuaci\u00f3n, sistemas de evaluaci\u00f3n y control de los tratamientos implementados, procesos de aprendizaje institucional, dejando tan sensible cuesti\u00f3n librada a una oferta voluntaria, heterog\u00e9nea, eventual y asistem\u00e1tica\u201d, explica en sus fundamentos.<\/p>\n<p>\u201cP\u00e1rrafo aparte merece el grado de angustia y desconcierto al que se ven sometidos quienes se hallan en la situaci\u00f3n l\u00edmite de ver c\u00f3mo sus hijos, parejas, amigos se encaminan en un proceso de autodestrucci\u00f3n ante el cual toda advertencia, ayuda o reclamo cae impotente en la indiferencia\u00bb, sostiene en sus considerados el proyecto.<\/p>\n<p>Para Gainza el esfuerzo de un Estado responsable debe estar fuertemente orientado al desarrollo de pol\u00edticas que integren la cuesti\u00f3n social, educacional, productiva y de salud con acciones espec\u00edficas que garanticen la promoci\u00f3n de la calidad de vida, el acceso a diagn\u00f3sticos certeros y oportunos y a la constituci\u00f3n de \u00e1mbitos y procedimientos adecuados para la contenci\u00f3n f\u00edsica y emocional de los adictos.<\/p>\n","protected":false},"excerpt":{"rendered":"<p>El proyecto pertenece a la senadora Mar\u00eda Isabel Gainza y tiene como objetivo implementar en todo el territorio provincial un organismo de atenci\u00f3n p\u00fablico (SiPAPCA) dedicado a prevenir, diagnosticar y brindar atenci\u00f3n m\u00e9dica para personas adictas.<\/p>\n","protected":false},"author":4,"featured_media":0,"comment_status":"open","ping_status":"open","sticky":false,"template":"","format":"standard","meta":{"_jetpack_newsletter_access":"","_jetpack_dont_email_post_to_subs":false,"_jetpack_newsletter_tier_id":0,"_jetpack_memberships_contains_paywalled_content":false,"_jetpack_memberships_contains_paid_content":false,"footnotes":""},"categories":[1],"tags":[],"class_list":["post-5786","post","type-post","status-publish","format-standard","hentry","category-sociedad"],"jetpack_featured_media_url":"","jetpack_shortlink":"https:\/\/wp.me\/p2JWE0-1vk","jetpack-related-posts":[{"id":16127,"url":"https:\/\/www.24baires.com\/?p=16127","url_meta":{"origin":5786,"position":0},"title":"Presentan proyecto para crear una materia escolar sobre la violencia de g\u00e9nero","author":"AF","date":"19\/02\/2013","format":false,"excerpt":"Un proyecto de ley impulsado en el Senado bonaerense busca que los estudiantes de las escuelas del distrito cursen una materia destinada a prevenir la violencia de g\u00e9nero. La iniciativa de la senadora provincial Mar\u00eda Isabel (Coalici\u00f3n C\u00edvica) Gainza, incorpora al dise\u00f1o curricular del sistema educativo bonaerense, con car\u00e1cter obligatorio\u2026","rel":"","context":"En \u00abSociedad\u00bb","block_context":{"text":"Sociedad","link":"https:\/\/www.24baires.com\/?cat=1"},"img":{"alt_text":"clase","src":"https:\/\/i0.wp.com\/www.24baires.com\/wp-content\/uploads\/2013\/02\/clase-300x198.jpg?resize=350%2C200","width":350,"height":200},"classes":[]},{"id":8134,"url":"https:\/\/www.24baires.com\/?p=8134","url_meta":{"origin":5786,"position":1},"title":"Proponen declarar la emergencia del servicio alimentario escolar","author":"AF","date":"06\/12\/2012","format":false,"excerpt":"La iniciativa es impulsada por la senadora bonaerense Mar\u00eda Isabel Gainza frente a la situaci\u00f3n de los proveedores de los comedores escolares, quienes amenazaron con cortar el servicio por la elevada deuda que mantiene la provincia de Buenos Aires. A trav\u00e9s de un proyecto de ley, la legisladora de la\u2026","rel":"","context":"En \u00abSociedad\u00bb","block_context":{"text":"Sociedad","link":"https:\/\/www.24baires.com\/?cat=1"},"img":{"alt_text":"","src":"","width":0,"height":0},"classes":[]},{"id":1627,"url":"https:\/\/www.24baires.com\/?p=1627","url_meta":{"origin":5786,"position":2},"title":"Denuncian que empresa privada reemplaza personal de seguridad por polic\u00edas bonaerenses","author":"AF","date":"10\/10\/2012","format":false,"excerpt":"La senadora provincial de la Coalici\u00f3n C\u00edvica, Mar\u00eda Isabel Gainza, asegur\u00f3 que en las pr\u00f3ximas horas elevar\u00e1n un pedido de informes al Ejecutivo. \u201cLos polic\u00edas son servidores p\u00fablicos que est\u00e1n para dar seguridad a todos los bonaerenses y no a los bienes de una empresa. Queremos saber si Casal est\u00e1\u2026","rel":"","context":"En \u00abSociedad\u00bb","block_context":{"text":"Sociedad","link":"https:\/\/www.24baires.com\/?cat=1"},"img":{"alt_text":"","src":"","width":0,"height":0},"classes":[]},{"id":14906,"url":"https:\/\/www.24baires.com\/?p=14906","url_meta":{"origin":5786,"position":3},"title":"La Senadora Gainza alert\u00f3 al Ejecutivo sobre el deplorable estado de las rutas bonaerenses","author":"AF","date":"07\/02\/2013","format":false,"excerpt":"La senadora de la 7ma secci\u00f3n electoral, Mar\u00eda Isabel Gainza, dio a conocer un parte de prensa, donde se\u00f1ala que \"en los \u00faltimos dos a\u00f1os present\u00f3 13 proyectos alertando al Ejecutivo bonaerense sobre el estado deplorable de las rutas 60, 65, 51, 76, 46\". Mientras el gobierno de Daniel Scioli\u2026","rel":"","context":"En \u00abProvincia\u00bb","block_context":{"text":"Provincia","link":"https:\/\/www.24baires.com\/?cat=40"},"img":{"alt_text":"ruta 2","src":"https:\/\/i0.wp.com\/www.24baires.com\/wp-content\/uploads\/2012\/12\/ruta-2-300x168.jpg?resize=350%2C200","width":350,"height":200},"classes":[]},{"id":14144,"url":"https:\/\/www.24baires.com\/?p=14144","url_meta":{"origin":5786,"position":4},"title":"Comedores y transportes escolares en la Provincia: solicitan declarar la Emergencia","author":"AF","date":"31\/01\/2013","format":false,"excerpt":"El proyecto de ley es impulsado por la senadora bonaerense, Mar\u00eda Isabel Gainza, y pretende declarar por doce meses la emergencia de los comedores escolares y los transportes de alumnos. La senadora provincial Mar\u00eda Isabel Gainza, manifest\u00f3 que desde su bloque \u201chemos denunciado en forma permanente la falta de ejecuci\u00f3n\u2026","rel":"","context":"En \u00abSociedad\u00bb","block_context":{"text":"Sociedad","link":"https:\/\/www.24baires.com\/?cat=1"},"img":{"alt_text":"","src":"","width":0,"height":0},"classes":[]},{"id":22082,"url":"https:\/\/www.24baires.com\/?p=22082","url_meta":{"origin":5786,"position":5},"title":"Casi sin pruebas Casal quiere cerrar el caso del testigo muerto del Caso Candela","author":"Grupo Sierra","date":"28\/04\/2013","format":false,"excerpt":"Su subsecretario de Pol\u00edtica Criminal, C\u00e9sar Albarrac\u00edn, dio el primer paso en ese sentido al descartar de plano que la muerte del testigo del caso Candela \u201cse haya tratado de un homicidio\". Dos de los legisladores que investigar\u00e1n el hecho desde el Senado coincidieron en que es \u201cmuy apresurado\u201d aventurar\u2026","rel":"","context":"En \u00abProvincia\u00bb","block_context":{"text":"Provincia","link":"https:\/\/www.24baires.com\/?cat=40"},"img":{"alt_text":"CASAL 24 BAIRES small","src":"https:\/\/i0.wp.com\/www.24baires.com\/wp-content\/uploads\/2012\/12\/CASAL-24-BAIRES-small.jpg?resize=350%2C200","width":350,"height":200,"srcset":"https:\/\/i0.wp.com\/www.24baires.com\/wp-content\/uploads\/2012\/12\/CASAL-24-BAIRES-small.jpg?resize=350%2C200 1x, https:\/\/i0.wp.com\/www.24baires.com\/wp-content\/uploads\/2012\/12\/CASAL-24-BAIRES-small.jpg?resize=525%2C300 1.5x"},"classes":[]}],"jetpack_sharing_enabled":true,"jetpack_likes_enabled":true,"_links":{"self":[{"href":"https:\/\/www.24baires.com\/index.php?rest_route=\/wp\/v2\/posts\/5786","targetHints":{"allow":["GET"]}}],"collection":[{"href":"https:\/\/www.24baires.com\/index.php?rest_route=\/wp\/v2\/posts"}],"about":[{"href":"https:\/\/www.24baires.com\/index.php?rest_route=\/wp\/v2\/types\/post"}],"author":[{"embeddable":true,"href":"https:\/\/www.24baires.com\/index.php?rest_route=\/wp\/v2\/users\/4"}],"replies":[{"embeddable":true,"href":"https:\/\/www.24baires.com\/index.php?rest_route=%2Fwp%2Fv2%2Fcomments&post=5786"}],"version-history":[{"count":1,"href":"https:\/\/www.24baires.com\/index.php?rest_route=\/wp\/v2\/posts\/5786\/revisions"}],"predecessor-version":[{"id":5787,"href":"https:\/\/www.24baires.com\/index.php?rest_route=\/wp\/v2\/posts\/5786\/revisions\/5787"}],"wp:attachment":[{"href":"https:\/\/www.24baires.com\/index.php?rest_route=%2Fwp%2Fv2%2Fmedia&parent=5786"}],"wp:term":[{"taxonomy":"category","embeddable":true,"href":"https:\/\/www.24baires.com\/index.php?rest_route=%2Fwp%2Fv2%2Fcategories&post=5786"},{"taxonomy":"post_tag","embeddable":true,"href":"https:\/\/www.24baires.com\/index.php?rest_route=%2Fwp%2Fv2%2Ftags&post=5786"}],"curies":[{"name":"wp","href":"https:\/\/api.w.org\/{rel}","templated":true}]}}