{"id":5779,"date":"2012-11-17T11:53:20","date_gmt":"2012-11-17T14:53:20","guid":{"rendered":"http:\/\/www.24baires.com\/?p=5779"},"modified":"2012-11-17T11:53:20","modified_gmt":"2012-11-17T14:53:20","slug":"ley-de-medios-no-es-solo-de-adecuacion-de-grandes-empresas","status":"publish","type":"post","link":"https:\/\/www.24baires.com\/?p=5779","title":{"rendered":"Ley de Medios: \u201cno es s\u00f3lo de adecuaci\u00f3n de grandes empresas\u201d"},"content":{"rendered":"<p><img data-recalc-dims=\"1\" loading=\"lazy\" decoding=\"async\" class=\"alignleft size-full wp-image-5780\" title=\"ley de medios\" src=\"https:\/\/i0.wp.com\/www.24baires.com\/wp-content\/uploads\/2012\/11\/ley-de-medios.jpg?resize=300%2C200\" alt=\"\" width=\"300\" height=\"200\" \/>El fundador de FM La Tribu, Ernesto Lamas dijo que \u00abla ley leg\u00edtima otra forma de comunicaci\u00f3n que expresa voces que no ten\u00edan representaci\u00f3n\u00bb.<!--more--><br \/>\nEl representante de la Ernesto Lamas, afirm\u00f3 que la Ley de Servicios de Comunicaci\u00f3n Audiovisual \u201cno es una idea que quede circunscripta s\u00f3lo a la adecuaci\u00f3n de las grandes empresas, sino que la ley es un conjunto de otras normas que hacen a la vida de la radiodifusi\u00f3n comunitaria, donde muchas personas y representantes de movimiento sociales decidieron que era necesario hacer medios propios y crearlos m\u00e1s all\u00e1 de la ley\u201d.<\/p>\n<p>En ese sentido, expuso que \u201cesa lucha hizo legitimar que es posible hacer otro tipo de comunicaci\u00f3n que exprese voces que no ten\u00edan representaci\u00f3n y legitimidad en otros espacios\u201d.<\/p>\n<p>Dijo que \u201choy en d\u00eda esta Ley es hace que en todas las capas de la sociedad est\u00e9 hablando de ella y tratando de entenderla. Los medios comunitarios han sido vanguardia\u201d.<\/p>\n<p>Por \u00faltimo, resalt\u00f3 que \u201cen los \u00faltimos tiempos huno un intento del Estado de hacer una televisi\u00f3n p\u00fablica m\u00e1s p\u00fablica m\u00e1s all\u00e1 de ser oficialista\u201d.<\/p>\n","protected":false},"excerpt":{"rendered":"<p>El fundador de FM La Tribu, Ernesto Lamas dijo que \u00abla ley leg\u00edtima otra forma de comunicaci\u00f3n que expresa voces que no ten\u00edan representaci\u00f3n\u00bb.<\/p>\n","protected":false},"author":4,"featured_media":0,"comment_status":"open","ping_status":"open","sticky":false,"template":"","format":"standard","meta":{"_jetpack_newsletter_access":"","_jetpack_dont_email_post_to_subs":false,"_jetpack_newsletter_tier_id":0,"_jetpack_memberships_contains_paywalled_content":false,"_jetpack_memberships_contains_paid_content":false,"footnotes":""},"categories":[54],"tags":[],"class_list":["post-5779","post","type-post","status-publish","format-standard","hentry","category-medios"],"jetpack_featured_media_url":"","jetpack_shortlink":"https:\/\/wp.me\/p2JWE0-1vd","jetpack-related-posts":[{"id":34549,"url":"https:\/\/www.24baires.com\/?p=34549","url_meta":{"origin":5779,"position":0},"title":"Sabbatella: \u00abno vamos a esperar ni un minuto porque es una deuda de hace 30 a\u00f1os\u00bb","author":"GB","date":"03\/11\/2013","format":false,"excerpt":"El presidente de la Autoridad Federal de Servicios de Comunicaci\u00f3n Audiovisual (Afsca) Mart\u00edn Sabbatella se refiri\u00f3 as\u00ed a la adecuaci\u00f3n de oficio del Grupo Clar\u00edn a la ley de Medios y reafirm\u00f3 que la normativa \"busca que est\u00e9n todas las voces\". \"No vamos a esperar ni un minuto, porque ya\u2026","rel":"","context":"En \u00abMedios\u00bb","block_context":{"text":"Medios","link":"https:\/\/www.24baires.com\/?cat=54"},"img":{"alt_text":"sabbatella desafio","src":"https:\/\/i0.wp.com\/www.24baires.com\/wp-content\/uploads\/2012\/10\/sabbatella-desafio.jpg?resize=350%2C200","width":350,"height":200,"srcset":"https:\/\/i0.wp.com\/www.24baires.com\/wp-content\/uploads\/2012\/10\/sabbatella-desafio.jpg?resize=350%2C200 1x, https:\/\/i0.wp.com\/www.24baires.com\/wp-content\/uploads\/2012\/10\/sabbatella-desafio.jpg?resize=525%2C300 1.5x"},"classes":[]},{"id":7722,"url":"https:\/\/www.24baires.com\/?p=7722","url_meta":{"origin":5779,"position":1},"title":"7D: El \u00faltimo plazo para adecuarse es a la medianoche del viernes","author":"Grupo Sierra","date":"03\/12\/2012","format":false,"excerpt":"El titular de la Afsca precis\u00f3 que presentaron su adecuaci\u00f3n a la ley de medios \"14 grupos de los 21 que ten\u00edan que hacerlo\" y reafirm\u00f3 que \"la fecha l\u00edmite\" para \"sigue siendo el 7 de diciembre\".\u00a0 \u00a0 \u00a0 \"Esperamos que en estos d\u00edas se complete y estamos convencidos de\u2026","rel":"","context":"En \u00abMedios\u00bb","block_context":{"text":"Medios","link":"https:\/\/www.24baires.com\/?cat=54"},"img":{"alt_text":"","src":"","width":0,"height":0},"classes":[]},{"id":783,"url":"https:\/\/www.24baires.com\/?p=783","url_meta":{"origin":5779,"position":2},"title":"\u00abTodos sin ninguna excepci\u00f3n tienen que cumplir la Ley\u00bb de medios","author":"Grupo Sierra","date":"01\/10\/2012","format":false,"excerpt":"El flamante titular de la Autoridad Federal de Servicios de Comunicaci\u00f3n Audiovisual (AFSCA), Mart\u00edn Sabbatella, asegur\u00f3 que \"todos, sin excepci\u00f3n, tendr\u00e1n que cumplir la ley\" de medios. Sabbatella afirm\u00f3 hoy que el 7 de diciembre pr\u00f3ximo \"vence el plazo para que se ponga en marcha el proceso de adecuaci\u00f3n a\u2026","rel":"","context":"En \u00abMedios\u00bb","block_context":{"text":"Medios","link":"https:\/\/www.24baires.com\/?cat=54"},"img":{"alt_text":"","src":"","width":0,"height":0},"classes":[]},{"id":38149,"url":"https:\/\/www.24baires.com\/?p=38149","url_meta":{"origin":5779,"position":3},"title":"\u00ab2014 es el a\u00f1o de adecuaci\u00f3n a la ley\u00bb afirm\u00f3 Sabbatella","author":"GB","date":"08\/01\/2014","format":false,"excerpt":"El titular de la Afsca remarc\u00f3 que a\u00fan quedan once empresas por adecuarse, y subray\u00f3 que \"la pluralidad de voces es una pol\u00edtica en la que est\u00e1n comprometidos muchos organismos del Estado\". El titular de la Autoridad Federal de Servicios de Comunicaci\u00f3n Audiovisual (Afsca), Mart\u00edn Sabbatella, asegur\u00f3 que durante 2014\u2026","rel":"","context":"En \u00abMedios\u00bb","block_context":{"text":"Medios","link":"https:\/\/www.24baires.com\/?cat=54"},"img":{"alt_text":"","src":"","width":0,"height":0},"classes":[]},{"id":17619,"url":"https:\/\/www.24baires.com\/?p=17619","url_meta":{"origin":5779,"position":4},"title":"\u201cQueremos que est\u00e9n todas las voces; incluso las que mienten, como Clar\u00edn y La Naci\u00f3n\u201d","author":"AF","date":"06\/03\/2013","format":false,"excerpt":"Todas las empresas de medios audiovisuales de la Argentina, excepto el Grupo Clar\u00edn, han presentado su plan de adecuaci\u00f3n voluntaria para cumplir con la ley, y el Afsca est\u00e1 trabajando en la evaluaci\u00f3n y admisi\u00f3n de esos planes\u201d, afirm\u00f3 en declaraciones period\u00edsticas el titular de la Autoridad Federal de Servicios\u2026","rel":"","context":"En \u00abMedios\u00bb","block_context":{"text":"Medios","link":"https:\/\/www.24baires.com\/?cat=54"},"img":{"alt_text":"sabbatella desafio","src":"https:\/\/i0.wp.com\/www.24baires.com\/wp-content\/uploads\/2012\/10\/sabbatella-desafio.jpg?resize=350%2C200","width":350,"height":200,"srcset":"https:\/\/i0.wp.com\/www.24baires.com\/wp-content\/uploads\/2012\/10\/sabbatella-desafio.jpg?resize=350%2C200 1x, https:\/\/i0.wp.com\/www.24baires.com\/wp-content\/uploads\/2012\/10\/sabbatella-desafio.jpg?resize=525%2C300 1.5x"},"classes":[]},{"id":57890,"url":"https:\/\/www.24baires.com\/?p=57890","url_meta":{"origin":5779,"position":5},"title":"Clar\u00edn y Radio Mitre quer\u00edan suspender la adecuaci\u00f3n y se los negaron","author":"Grupo Sierra","date":"29\/11\/2014","format":false,"excerpt":"Hab\u00edan solicitado una medida cautelar para suspender el procedimiento de adecuaci\u00f3n en el marco de la Ley de Servicios de Comunicaci\u00f3n Audiovisual. El representante del Ministerio P\u00fablico afirm\u00f3 que las actuaciones de la AFSCA gozan de presunci\u00f3n de legitimidad y fuerza ejecutoria. El fiscal Miguel Gilligan consider\u00f3 que no demostraron\u2026","rel":"","context":"En \u00abMedios\u00bb","block_context":{"text":"Medios","link":"https:\/\/www.24baires.com\/?cat=54"},"img":{"alt_text":"clar\u00edn mitre","src":"https:\/\/i0.wp.com\/www.24baires.com\/wp-content\/uploads\/2014\/11\/clar%C3%ADn-mitre.jpg?resize=350%2C200","width":350,"height":200,"srcset":"https:\/\/i0.wp.com\/www.24baires.com\/wp-content\/uploads\/2014\/11\/clar%C3%ADn-mitre.jpg?resize=350%2C200 1x, https:\/\/i0.wp.com\/www.24baires.com\/wp-content\/uploads\/2014\/11\/clar%C3%ADn-mitre.jpg?resize=525%2C300 1.5x"},"classes":[]}],"jetpack_sharing_enabled":true,"jetpack_likes_enabled":true,"_links":{"self":[{"href":"https:\/\/www.24baires.com\/index.php?rest_route=\/wp\/v2\/posts\/5779","targetHints":{"allow":["GET"]}}],"collection":[{"href":"https:\/\/www.24baires.com\/index.php?rest_route=\/wp\/v2\/posts"}],"about":[{"href":"https:\/\/www.24baires.com\/index.php?rest_route=\/wp\/v2\/types\/post"}],"author":[{"embeddable":true,"href":"https:\/\/www.24baires.com\/index.php?rest_route=\/wp\/v2\/users\/4"}],"replies":[{"embeddable":true,"href":"https:\/\/www.24baires.com\/index.php?rest_route=%2Fwp%2Fv2%2Fcomments&post=5779"}],"version-history":[{"count":2,"href":"https:\/\/www.24baires.com\/index.php?rest_route=\/wp\/v2\/posts\/5779\/revisions"}],"predecessor-version":[{"id":5782,"href":"https:\/\/www.24baires.com\/index.php?rest_route=\/wp\/v2\/posts\/5779\/revisions\/5782"}],"wp:attachment":[{"href":"https:\/\/www.24baires.com\/index.php?rest_route=%2Fwp%2Fv2%2Fmedia&parent=5779"}],"wp:term":[{"taxonomy":"category","embeddable":true,"href":"https:\/\/www.24baires.com\/index.php?rest_route=%2Fwp%2Fv2%2Fcategories&post=5779"},{"taxonomy":"post_tag","embeddable":true,"href":"https:\/\/www.24baires.com\/index.php?rest_route=%2Fwp%2Fv2%2Ftags&post=5779"}],"curies":[{"name":"wp","href":"https:\/\/api.w.org\/{rel}","templated":true}]}}