{"id":5777,"date":"2012-11-17T11:30:55","date_gmt":"2012-11-17T14:30:55","guid":{"rendered":"http:\/\/www.24baires.com\/?p=5777"},"modified":"2012-11-17T11:48:24","modified_gmt":"2012-11-17T14:48:24","slug":"los-sabados-se-podra-renovar-el-dni-desde-los-14-anos","status":"publish","type":"post","link":"https:\/\/www.24baires.com\/?p=5777","title":{"rendered":"Los s\u00e1bados se podr\u00e1 renovar el DNI desde los 14 a\u00f1os"},"content":{"rendered":"<p>El subsecretario de Gabinete de la provincia de Buenos Aires, Juan Pablo Alvarez Echag\u00fce, explic\u00f3 que desde este s\u00e1bado los registros civiles y centros de documentaci\u00f3n r\u00e1pida abrir\u00e1n tambi\u00e9n los s\u00e1bados para renovar los DNI desde los 14 a\u00f1os.<!--more--><\/p>\n<p>Explic\u00f3 que \u00abel nuevo enrolamiento es para hacer los padrones electorales\u00bb ahora que se podr\u00e1 votar desde los 16 a\u00f1os.<\/p>\n<p>\u00c1lvarez Echag\u00fce agreg\u00f3 que \u00abcomo la afluencia es importante se decidi\u00f3 abrir desde este s\u00e1bado para identificarse a partir de los 14 a\u00f1os y ya quedan inscriptos en el padr\u00f3n para votar en las elecciones legislativas del a\u00f1o pr\u00f3ximo\u00bb.<\/p>\n<p>Aclar\u00f3 que los s\u00e1bados los registros civiles estar\u00e1n abiertos solamente para hacer este tr\u00e1mite.<\/p>\n","protected":false},"excerpt":{"rendered":"<p>El subsecretario de Gabinete de la provincia de Buenos Aires, Juan Pablo Alvarez Echag\u00fce, explic\u00f3 que desde este s\u00e1bado los registros civiles y centros de documentaci\u00f3n r\u00e1pida abrir\u00e1n tambi\u00e9n los s\u00e1bados para renovar los DNI desde los 14 a\u00f1os.<\/p>\n","protected":false},"author":4,"featured_media":0,"comment_status":"open","ping_status":"open","sticky":false,"template":"","format":"standard","meta":{"_jetpack_newsletter_access":"","_jetpack_dont_email_post_to_subs":false,"_jetpack_newsletter_tier_id":0,"_jetpack_memberships_contains_paywalled_content":false,"_jetpack_memberships_contains_paid_content":false,"footnotes":""},"categories":[1],"tags":[],"class_list":["post-5777","post","type-post","status-publish","format-standard","hentry","category-sociedad"],"jetpack_featured_media_url":"","jetpack_shortlink":"https:\/\/wp.me\/p2JWE0-1vb","jetpack-related-posts":[{"id":6883,"url":"https:\/\/www.24baires.com\/?p=6883","url_meta":{"origin":5777,"position":0},"title":"10 mil pibes ya renovaron su DNI de acuerdo a la \u00abLey del Voto Joven\u00bb en la Provincia","author":"Grupo Sierra","date":"26\/11\/2012","format":false,"excerpt":"M\u00e1s de 10.000 j\u00f3venes bonaerenses de 14 a\u00f1os actualizaron su documento nacional de identidad (DNI), seg\u00fan lo dispone la nueva ley nacional que permite el voto a los 16 a\u00f1os. \"La Provincia de Buenos Aires acompa\u00f1a la implementaci\u00f3n del voto a los 16 a\u00f1os, lo que constituye una ampliaci\u00f3n de\u2026","rel":"","context":"En \u00abSociedad\u00bb","block_context":{"text":"Sociedad","link":"https:\/\/www.24baires.com\/?cat=1"},"img":{"alt_text":"","src":"https:\/\/i0.wp.com\/www.24baires.com\/wp-content\/uploads\/2012\/11\/dni-jovenes-300x179.jpg?resize=350%2C200","width":350,"height":200},"classes":[]},{"id":53869,"url":"https:\/\/www.24baires.com\/?p=53869","url_meta":{"origin":5777,"position":1},"title":"Los bonaerenses tambi\u00e9n podr\u00e1n tramitar los s\u00e1bados el nuevo DNI","author":"GB","date":"18\/09\/2014","format":false,"excerpt":"\u201cTodav\u00eda hay 2 millones de bonaerenses que no renovaron el DNI. Como el plazo vence a fin de a\u00f1o, decidimos ampliar la atenci\u00f3n en puntos clave para que los ciudadanos tengan la posibilidad de ir los s\u00e1bados de 9 a 13\u201d, explic\u00f3 el subsecretario de Gabinete, Juan Pablo \u00c1lvarez Echag\u00fce.\u2026","rel":"","context":"En \u00abSociedad\u00bb","block_context":{"text":"Sociedad","link":"https:\/\/www.24baires.com\/?cat=1"},"img":{"alt_text":"DNI tarjeta","src":"https:\/\/i0.wp.com\/www.24baires.com\/wp-content\/uploads\/2012\/11\/DNI-tarjeta.jpg?resize=350%2C200","width":350,"height":200,"srcset":"https:\/\/i0.wp.com\/www.24baires.com\/wp-content\/uploads\/2012\/11\/DNI-tarjeta.jpg?resize=350%2C200 1x, https:\/\/i0.wp.com\/www.24baires.com\/wp-content\/uploads\/2012\/11\/DNI-tarjeta.jpg?resize=525%2C300 1.5x"},"classes":[]},{"id":9489,"url":"https:\/\/www.24baires.com\/?p=9489","url_meta":{"origin":5777,"position":2},"title":"Los j\u00f3venes pueden tramitar tambi\u00e9n los s\u00e1bados el nuevo DNI","author":"AF","date":"17\/12\/2012","format":false,"excerpt":"La Jefatura de Gabinete provincial, a cargo de Alberto P\u00e9rez, record\u00f3 que permanecen abiertos los d\u00edas s\u00e1bado los 10 centros de documentaci\u00f3n r\u00e1pida y 10 registros civiles del conurbano, para tramitar el nuevo DNI 14 a\u00f1os. Lo hizo en el marco de la aprobaci\u00f3n de la ley que habilita a\u2026","rel":"","context":"En \u00abSociedad\u00bb","block_context":{"text":"Sociedad","link":"https:\/\/www.24baires.com\/?cat=1"},"img":{"alt_text":"DNI 14","src":"https:\/\/i0.wp.com\/www.24baires.com\/wp-content\/uploads\/2012\/12\/DNI-14-300x199.jpg?resize=350%2C200","width":350,"height":200},"classes":[]},{"id":65440,"url":"https:\/\/www.24baires.com\/?p=65440","url_meta":{"origin":5777,"position":3},"title":"A partir del viernes estar\u00e1n disponibles los padrones provisorios","author":"AF","date":"06\/05\/2015","format":false,"excerpt":"La Jefatura de Gabinete bonaerense inform\u00f3 que hasta el 23 de mayo los electores bonaerenses tendr\u00e1n tiempo para verificar si figuran en los padrones electorales y si todos sus datos personales son correctos. Las consultas podr\u00e1n hacerse a trav\u00e9s de Internet o por tel\u00e9fono. Los padrones electorales provisorios de la\u2026","rel":"","context":"En \u00abSociedad\u00bb","block_context":{"text":"Sociedad","link":"https:\/\/www.24baires.com\/?cat=1"},"img":{"alt_text":"padr\u00f3n electoral","src":"https:\/\/i0.wp.com\/www.24baires.com\/wp-content\/uploads\/2013\/05\/padr%C3%B3n-electoral.jpg?resize=350%2C200","width":350,"height":200,"srcset":"https:\/\/i0.wp.com\/www.24baires.com\/wp-content\/uploads\/2013\/05\/padr%C3%B3n-electoral.jpg?resize=350%2C200 1x, https:\/\/i0.wp.com\/www.24baires.com\/wp-content\/uploads\/2013\/05\/padr%C3%B3n-electoral.jpg?resize=525%2C300 1.5x"},"classes":[]},{"id":17239,"url":"https:\/\/www.24baires.com\/?p=17239","url_meta":{"origin":5777,"position":4},"title":"Abren incluso los s\u00e1bados los registros bonaerenses para sacar el DNI de 8 a 14 a\u00f1os","author":"Grupo Sierra","date":"02\/03\/2013","format":false,"excerpt":"Los diez Centros de Documentaci\u00f3n R\u00e1pida y los 13 Registros civiles del Conurbano bonaerense permanecer\u00e1n abiertos todos los s\u00e1bados s\u00f3lo para tramitar esas actualizaciones. Con esta medida, estos tr\u00e1mites pueden hacerse de lunes a s\u00e1bados en estas oficinas y de lunes a viernes en todas las delegaciones de la Provincia,\u2026","rel":"","context":"En \u00abSociedad\u00bb","block_context":{"text":"Sociedad","link":"https:\/\/www.24baires.com\/?cat=1"},"img":{"alt_text":"","src":"","width":0,"height":0},"classes":[]},{"id":51971,"url":"https:\/\/www.24baires.com\/?p=51971","url_meta":{"origin":5777,"position":5},"title":"M\u00e1s de 2,5 millones de bonaerenses todav\u00eda no renovaron su DNI","author":"GB","date":"17\/08\/2014","format":false,"excerpt":"M\u00e1s de dos millones y medio de bonaerenses a\u00fan no renovaron el Documento Nacional de Identidad (DNI), tr\u00e1mite para el que hay plazo hasta el pr\u00f3ximo 30 de diciembre, inform\u00f3 hoy el gobierno boanerense. \u201cDesde noviembre de 2010, cuando se implement\u00f3 el nuevo DNI tarjeta en todo el pa\u00eds, en\u2026","rel":"","context":"En \u00abSociedad\u00bb","block_context":{"text":"Sociedad","link":"https:\/\/www.24baires.com\/?cat=1"},"img":{"alt_text":"dni","src":"https:\/\/i0.wp.com\/www.24baires.com\/wp-content\/uploads\/2014\/08\/dni.jpg?resize=350%2C200","width":350,"height":200,"srcset":"https:\/\/i0.wp.com\/www.24baires.com\/wp-content\/uploads\/2014\/08\/dni.jpg?resize=350%2C200 1x, https:\/\/i0.wp.com\/www.24baires.com\/wp-content\/uploads\/2014\/08\/dni.jpg?resize=525%2C300 1.5x"},"classes":[]}],"jetpack_sharing_enabled":true,"jetpack_likes_enabled":true,"_links":{"self":[{"href":"https:\/\/www.24baires.com\/index.php?rest_route=\/wp\/v2\/posts\/5777","targetHints":{"allow":["GET"]}}],"collection":[{"href":"https:\/\/www.24baires.com\/index.php?rest_route=\/wp\/v2\/posts"}],"about":[{"href":"https:\/\/www.24baires.com\/index.php?rest_route=\/wp\/v2\/types\/post"}],"author":[{"embeddable":true,"href":"https:\/\/www.24baires.com\/index.php?rest_route=\/wp\/v2\/users\/4"}],"replies":[{"embeddable":true,"href":"https:\/\/www.24baires.com\/index.php?rest_route=%2Fwp%2Fv2%2Fcomments&post=5777"}],"version-history":[{"count":1,"href":"https:\/\/www.24baires.com\/index.php?rest_route=\/wp\/v2\/posts\/5777\/revisions"}],"predecessor-version":[{"id":5778,"href":"https:\/\/www.24baires.com\/index.php?rest_route=\/wp\/v2\/posts\/5777\/revisions\/5778"}],"wp:attachment":[{"href":"https:\/\/www.24baires.com\/index.php?rest_route=%2Fwp%2Fv2%2Fmedia&parent=5777"}],"wp:term":[{"taxonomy":"category","embeddable":true,"href":"https:\/\/www.24baires.com\/index.php?rest_route=%2Fwp%2Fv2%2Fcategories&post=5777"},{"taxonomy":"post_tag","embeddable":true,"href":"https:\/\/www.24baires.com\/index.php?rest_route=%2Fwp%2Fv2%2Ftags&post=5777"}],"curies":[{"name":"wp","href":"https:\/\/api.w.org\/{rel}","templated":true}]}}