{"id":5773,"date":"2012-11-17T10:30:35","date_gmt":"2012-11-17T13:30:35","guid":{"rendered":"http:\/\/www.24baires.com\/?p=5773"},"modified":"2012-11-17T11:21:22","modified_gmt":"2012-11-17T14:21:22","slug":"proponen-crear-un-registro-nacional-de-violadores","status":"publish","type":"post","link":"https:\/\/www.24baires.com\/?p=5773","title":{"rendered":"Proponen crear un registro nacional de violadores"},"content":{"rendered":"<p><img data-recalc-dims=\"1\" loading=\"lazy\" decoding=\"async\" class=\"alignleft size-medium wp-image-5774\" title=\"\u00e1lvarez elsa\" src=\"https:\/\/i0.wp.com\/www.24baires.com\/wp-content\/uploads\/2012\/11\/%C3%A1lvarez-elsa-300x223.jpg?resize=300%2C223\" alt=\"\" width=\"300\" height=\"223\" srcset=\"https:\/\/i0.wp.com\/www.24baires.com\/wp-content\/uploads\/2012\/11\/%C3%A1lvarez-elsa.jpg?resize=300%2C223&amp;ssl=1 300w, https:\/\/i0.wp.com\/www.24baires.com\/wp-content\/uploads\/2012\/11\/%C3%A1lvarez-elsa.jpg?w=500&amp;ssl=1 500w\" sizes=\"auto, (max-width: 300px) 100vw, 300px\" \/><\/p>\n<p>Es a partir de un proyecto de la diputada radical santacruce\u00f1a Elsa \u00c1lvarez, quien remarc\u00f3 el car\u00e1cter \u00abreservado\u00bb de la n\u00f3mina, a la que \u00abpodr\u00e1n acceder los jueces y tribunales de todo el pa\u00eds\u00bb, para poder \u00abactuar de oficio, o a pedido de parte que acredite un inter\u00e9s leg\u00edtimo\u00bb. <!--more--><br \/>\nLa diputada nacional de la UCR, Elsa \u00c1lvarez, present\u00f3 un proyecto de ley por el cual propone crear y organizar dentro del Registro de Reincidencia, un registro nacional para los casos particulares de quienes hayan cometidos delitos contra la integridad sexual.<\/p>\n<p>\u201cSe trata de proteger as\u00ed a la poblaci\u00f3n del potencial peligro que importa la existencia de esta verdadera lacra social que son los violadores\u201d, argument\u00f3, para luego indicar que \u201cdebemos ejercer un mayor control sobre esta clase de delincuentes, habida cuenta del alto grado de reincidencia en su conducta\u201d.<\/p>\n<p>Adem\u00e1s, la legisladora santacruce\u00f1a remarc\u00f3 que \u201cson p\u00fablicos numerosos estudios cient\u00edficos que coinciden en afirmar que quienes cometen estos delitos presentan un alto grado de perversi\u00f3n, el que se manifiesta en un profundo desprecio por la condici\u00f3n humana de sus v\u00edctimas\u201d.<\/p>\n<p>\u201cFrente a esta realidad, la respuesta del Estado no puede ser otra que arbitrar todos los medios a su alcance para impedir este tipo de conductas aberrantes. La identificaci\u00f3n de los datos gen\u00e9ticos del delincuente resulta clave para el cumplimiento de esta finalidad\u201d, a\u00f1adi\u00f3 \u00c1lvarez.<\/p>\n<p>En este sentido, record\u00f3 que \u201chubo varios proyectos tendientes a la creaci\u00f3n de un registro especial para inscribir a los delincuentes sexuales: uno fue sancionado por la C\u00e1mara Baja, pero no se trat\u00f3 en el Senado, porque hay quienes sostienen que estos registros violan derechos humanos esenciales de los condenados\u201d.<\/p>\n<p>\u201cPor eso, dentro del marco de las m\u00e1s estricta legalidad y atendiendo los derechos humanos de las v\u00edctimas, la soluci\u00f3n es esta propuesta, incluir dentro de la ley vigente un registro de violadores, reservado, y al que podr\u00e1n acceder los jueces y tribunales de todo el pa\u00eds, quienes podr\u00e1n actuar de oficio, o a pedido de parte que acredite un inter\u00e9s leg\u00edtimo, en la forma y modo que dispongan las leyes de procedimiento de la respectiva jurisdicci\u00f3n\u201d, concluy\u00f3 la diputada.<\/p>\n","protected":false},"excerpt":{"rendered":"<p>Es a partir de un proyecto de la diputada radical santacruce\u00f1a Elsa \u00c1lvarez, quien remarc\u00f3 el car\u00e1cter \u00abreservado\u00bb de la n\u00f3mina, a la que \u00abpodr\u00e1n acceder los jueces y tribunales de todo el pa\u00eds\u00bb, para poder \u00abactuar de oficio, o a pedido de parte que acredite un inter\u00e9s leg\u00edtimo\u00bb.<\/p>\n","protected":false},"author":4,"featured_media":0,"comment_status":"open","ping_status":"open","sticky":false,"template":"","format":"standard","meta":{"_jetpack_newsletter_access":"","_jetpack_dont_email_post_to_subs":false,"_jetpack_newsletter_tier_id":0,"_jetpack_memberships_contains_paywalled_content":false,"_jetpack_memberships_contains_paid_content":false,"footnotes":""},"categories":[1],"tags":[],"class_list":["post-5773","post","type-post","status-publish","format-standard","hentry","category-sociedad"],"jetpack_featured_media_url":"","jetpack_shortlink":"https:\/\/wp.me\/p2JWE0-1v7","jetpack-related-posts":[{"id":6146,"url":"https:\/\/www.24baires.com\/?p=6146","url_meta":{"origin":5773,"position":0},"title":"Avanza la creaci\u00f3n del registro de violadores","author":"Grupo Sierra","date":"20\/11\/2012","format":false,"excerpt":"La comisi\u00f3n de Legislaci\u00f3n Penal firm\u00f3 el dictamen del proyecto para crear un Registro de Datos Gen\u00e9ticos vinculados a Delitos contra la Integridad Sexual a nivel nacional. La iniciativa ya tiene media sanci\u00f3n del Senado y ahora debe ser tratada por las comisiones de Familia y de Presupuesto antes de\u2026","rel":"","context":"En \u00abPol\u00edtica\u00bb","block_context":{"text":"Pol\u00edtica","link":"https:\/\/www.24baires.com\/?cat=51"},"img":{"alt_text":"","src":"","width":0,"height":0},"classes":[]},{"id":27444,"url":"https:\/\/www.24baires.com\/?p=27444","url_meta":{"origin":5773,"position":1},"title":"Diputados aprob\u00f3 el dictamen para el registro de violadores","author":"AF","date":"03\/07\/2013","format":false,"excerpt":"La C\u00e1mara de Diputados dio dictamen favorable para la creaci\u00f3n de un Banco de datos gen\u00e9ticos para personas con sentencia firme por abuso sexual. Las comisiones de Familia y Presupuesto de la C\u00e1mara de Diputados dieron dictamen favorable al proyecto que crea un banco de datos gen\u00e9ticos para personas condenadas\u2026","rel":"","context":"En \u00abSociedad\u00bb","block_context":{"text":"Sociedad","link":"https:\/\/www.24baires.com\/?cat=1"},"img":{"alt_text":"","src":"","width":0,"height":0},"classes":[]},{"id":95691,"url":"https:\/\/www.24baires.com\/?p=95691","url_meta":{"origin":5773,"position":2},"title":"Los condenados por delitos graves no tendr\u00e1n m\u00e1s salidas transitorias","author":"GB","date":"05\/07\/2017","format":false,"excerpt":"La C\u00e1mara baja convirti\u00f3 en ley el proyecto que limita las excarcelaciones para los casos de delitos graves. Los diputados votaron por amplia mayor\u00eda las modificaciones introducidas por el Senado. Los reincidentes tampoco podr\u00e1n tener salidas anticipadas. El proyecto para limitar excarcelaciones o salidas anticipadas a condenados por violaciones, femicidios,\u2026","rel":"","context":"En \u00abPol\u00edtica\u00bb","block_context":{"text":"Pol\u00edtica","link":"https:\/\/www.24baires.com\/?cat=51"},"img":{"alt_text":"","src":"https:\/\/i0.wp.com\/www.24baires.com\/wp-content\/uploads\/2017\/02\/diputados.jpg?resize=350%2C200","width":350,"height":200,"srcset":"https:\/\/i0.wp.com\/www.24baires.com\/wp-content\/uploads\/2017\/02\/diputados.jpg?resize=350%2C200 1x, https:\/\/i0.wp.com\/www.24baires.com\/wp-content\/uploads\/2017\/02\/diputados.jpg?resize=525%2C300 1.5x"},"classes":[]},{"id":106934,"url":"https:\/\/www.24baires.com\/?p=106934","url_meta":{"origin":5773,"position":3},"title":"Ordenan incluir en el registro de violadores al cura Grassi","author":"GB","date":"21\/02\/2019","format":false,"excerpt":"La justicia dictamin\u00f3 que se le extraigan muestras de ADN al padre condenado a 15 a\u00f1os de prisi\u00f3n por abuso sexual agravado y corrupci\u00f3n de menores en 2019. La justicia orden\u00f3 extraer muestras de ADN del cura Julio C\u00e9sar Grassi, condenado a 15 a\u00f1os de prisi\u00f3n por abuso sexual agravado\u2026","rel":"","context":"En \u00abSociedad\u00bb","block_context":{"text":"Sociedad","link":"https:\/\/www.24baires.com\/?cat=1"},"img":{"alt_text":"","src":"https:\/\/i0.wp.com\/www.24baires.com\/wp-content\/uploads\/2013\/09\/grassi3.jpg?resize=350%2C200","width":350,"height":200,"srcset":"https:\/\/i0.wp.com\/www.24baires.com\/wp-content\/uploads\/2013\/09\/grassi3.jpg?resize=350%2C200 1x, https:\/\/i0.wp.com\/www.24baires.com\/wp-content\/uploads\/2013\/09\/grassi3.jpg?resize=525%2C300 1.5x"},"classes":[]},{"id":26843,"url":"https:\/\/www.24baires.com\/?p=26843","url_meta":{"origin":5773,"position":4},"title":"Diputados retoma el debate por el registro de violadores","author":"AF","date":"25\/06\/2013","format":false,"excerpt":"La Comisi\u00f3n de Familia analizar\u00e1 hoy a las 16.00 el proyecto para la creaci\u00f3n del registro nacional de datos gen\u00e9ticos vinculados a delitos contra la integridad sexual. El proyecto, elaborado por el Senado, estipula facilitar el esclarecimiento de los hechos investigados judicialmente vinculados a este tipo de casos. Este martes\u2026","rel":"","context":"En \u00abSociedad\u00bb","block_context":{"text":"Sociedad","link":"https:\/\/www.24baires.com\/?cat=1"},"img":{"alt_text":"","src":"","width":0,"height":0},"classes":[]},{"id":41356,"url":"https:\/\/www.24baires.com\/?p=41356","url_meta":{"origin":5773,"position":5},"title":"Massa y Cobos fustigaron la reforma al C\u00f3digo Penal","author":"Grupo Sierra","date":"01\/03\/2014","format":false,"excerpt":"Luego de que la presidenta Cristina Fern\u00e1ndez de Kirchner anunciara que se presentar\u00e1 un proyecto para reformar el C\u00f3digo Penal, el l\u00edder del Frente Renovador pidi\u00f3 \"no pasar por alto\" el tema porque \"violadores, narcos y asesinos ver\u00e1n reducidas sus penas\". \"Si finalmente llega al Congreso el borrador que est\u00e1\u2026","rel":"","context":"En \u00abPol\u00edtica\u00bb","block_context":{"text":"Pol\u00edtica","link":"https:\/\/www.24baires.com\/?cat=51"},"img":{"alt_text":"","src":"","width":0,"height":0},"classes":[]}],"jetpack_sharing_enabled":true,"jetpack_likes_enabled":true,"_links":{"self":[{"href":"https:\/\/www.24baires.com\/index.php?rest_route=\/wp\/v2\/posts\/5773","targetHints":{"allow":["GET"]}}],"collection":[{"href":"https:\/\/www.24baires.com\/index.php?rest_route=\/wp\/v2\/posts"}],"about":[{"href":"https:\/\/www.24baires.com\/index.php?rest_route=\/wp\/v2\/types\/post"}],"author":[{"embeddable":true,"href":"https:\/\/www.24baires.com\/index.php?rest_route=\/wp\/v2\/users\/4"}],"replies":[{"embeddable":true,"href":"https:\/\/www.24baires.com\/index.php?rest_route=%2Fwp%2Fv2%2Fcomments&post=5773"}],"version-history":[{"count":2,"href":"https:\/\/www.24baires.com\/index.php?rest_route=\/wp\/v2\/posts\/5773\/revisions"}],"predecessor-version":[{"id":5776,"href":"https:\/\/www.24baires.com\/index.php?rest_route=\/wp\/v2\/posts\/5773\/revisions\/5776"}],"wp:attachment":[{"href":"https:\/\/www.24baires.com\/index.php?rest_route=%2Fwp%2Fv2%2Fmedia&parent=5773"}],"wp:term":[{"taxonomy":"category","embeddable":true,"href":"https:\/\/www.24baires.com\/index.php?rest_route=%2Fwp%2Fv2%2Fcategories&post=5773"},{"taxonomy":"post_tag","embeddable":true,"href":"https:\/\/www.24baires.com\/index.php?rest_route=%2Fwp%2Fv2%2Ftags&post=5773"}],"curies":[{"name":"wp","href":"https:\/\/api.w.org\/{rel}","templated":true}]}}