{"id":5770,"date":"2012-11-17T10:45:56","date_gmt":"2012-11-17T13:45:56","guid":{"rendered":"http:\/\/www.24baires.com\/?p=5770"},"modified":"2012-11-17T11:08:33","modified_gmt":"2012-11-17T14:08:33","slug":"dia-del-militante-diferentes-actos-y-estreno-de-la-pelicula-de-nestor-kirchner","status":"publish","type":"post","link":"https:\/\/www.24baires.com\/?p=5770","title":{"rendered":"D\u00eda del militante: diferentes actos y estreno de la pel\u00edcula de N\u00e9stor Kirchner"},"content":{"rendered":"<p>Dirigentes pol\u00edticos y militantes de todo el pa\u00eds conmemorar\u00e1n este s\u00e1bado el D\u00eda del Militante con un serie de actos, mientras que el encuentro central se desarrollar\u00e1 en el estadio Luna Park. En ese estadio se proyectar\u00e1 el estreno del documental \u201cN\u00e9stor Kirchner\u201d. Est\u00e1 previsto que la actividad en el m\u00edtico estadio porte\u00f1o se inicie a las 20 y cierre con la proyecci\u00f3n de la pel\u00edcula dirigida por Paula de Luque.<!--more--><br \/>\nTambi\u00e9n habr\u00e1 actividades en el barrio Cilda\u00f1ez de la Ciudad, con la presencia de los ministros de Trabajo Carlos Tomada y Alberto Sileoni, y actos en Hurlingam y Tigre, con presencia de dirigentes, funcionarios y militantes.<br \/>\nEn cuanto a la actividad central en el Luna, la iniciativa para realizar la pel\u00edcula que se estrenar\u00e1 en consonancia con el D\u00eda del Militante responde a un proyecto impulsado por Fernando \u00abChino\u00bb Navarro y Jorge \u00abTopo\u00bb Devoto bajo el t\u00edtulo \u00abN\u00e9stor por todos\u00bb.<br \/>\nSi bien la presidenta Cristina Fern\u00e1ndez de Kirchner no asistir\u00e1 al estreno, el viernes se\u00f1al\u00f3 durante un acto en Santa Cruz que ya vio la pel\u00edcula y le agradeci\u00f3 a la directora De Luque porque \u201cpudo captarlo, expresarlo y contarlo con testimonios e im\u00e1genes sin golpes bajos\u00bb.<br \/>\nEntre todos los actos que habr\u00e1 durante este s\u00e1bado, los ministros Sileoni y Tomada encabezar\u00e1n uno en el barrio Cild\u00e1\u00f1ez, de Parque Avellaneda.<br \/>\nSeg\u00fan se anunci\u00f3 a trav\u00e9s de un comunicado, el acto se desarrollar\u00e1 a partir de las 11 en la sede de la Escuela Primaria N\u00ba 8 \u00abReino de Thailandia\u00bb, ubicada en Homero 2159, de ese barrio porte\u00f1o.<br \/>\nPor su parte, el titular de la c\u00e1mara de diputados, Juli\u00e1n Dom\u00ednguez, participar\u00e1 de la conmemoraci\u00f3n que se llevar\u00e1 a cabo en el Club Social de Villa Tesei.<br \/>\nEl evento comenzar\u00e1 al mediod\u00eda y contar\u00e1, adem\u00e1s, con la presencia de Juan Zabaleta, Secretario Administrativo del Senado.<br \/>\nPor su parte, el vicegobernador bonaerense Gabriel Mariotto participar\u00e1 de inauguraci\u00f3n de un centro de promoci\u00f3n comunitaria en la ciudad bonaerense de Tigre, en una jornada en la que la consigna ser\u00e1 \u201cTodos con Cristina, ni un paso atr\u00e1s\u201d.<br \/>\nEsa actividad comenzar\u00e1 a las a las 14, en la intersecci\u00f3n de las calles Sarmiento y Yapey\u00fa, de la localidad de General Pacheco.<br \/>\nEst\u00e1 prevista la participar\u00e1n de autoridades nacionales y provinciales, junto a militantes de la zona.<br \/>\nEl 17 de noviembre se conmemora en D\u00eda del Militante Peronista en referencia al regreso de Juan Domingo Per\u00f3n, tras 18 a\u00f1os de exilio forzado.<\/p>\n","protected":false},"excerpt":{"rendered":"<p>Dirigentes pol\u00edticos y militantes de todo el pa\u00eds conmemorar\u00e1n este s\u00e1bado el D\u00eda del Militante con un serie de actos, mientras que el encuentro central se desarrollar\u00e1 en el estadio Luna Park. En ese estadio se proyectar\u00e1 el estreno del documental \u201cN\u00e9stor Kirchner\u201d. Est\u00e1 previsto que la actividad en el m\u00edtico estadio porte\u00f1o se inicie a las 20 y cierre [&#8230;]<\/p>\n","protected":false},"author":4,"featured_media":0,"comment_status":"open","ping_status":"open","sticky":false,"template":"","format":"standard","meta":{"_jetpack_newsletter_access":"","_jetpack_dont_email_post_to_subs":false,"_jetpack_newsletter_tier_id":0,"_jetpack_memberships_contains_paywalled_content":false,"_jetpack_memberships_contains_paid_content":false,"footnotes":""},"categories":[1],"tags":[],"class_list":["post-5770","post","type-post","status-publish","format-standard","hentry","category-sociedad"],"jetpack_featured_media_url":"","jetpack_shortlink":"https:\/\/wp.me\/p2JWE0-1v4","jetpack-related-posts":[{"id":3714,"url":"https:\/\/www.24baires.com\/?p=3714","url_meta":{"origin":5770,"position":0},"title":"Se estrenar\u00e1 en noviembre \u00abN\u00e9stor Kirchner, la pel\u00edcula\u00bb","author":"AF","date":"29\/10\/2012","format":false,"excerpt":"El estreno comercial ser\u00e1 el 22 de noviembre, aunque el 17 habr\u00e1 una gran presentaci\u00f3n en el estadio Luna Park, aprovechando el simbolismo de la fecha que recuerda la vuelta de Juan Domingo Per\u00f3n al pa\u00eds luego de 18 a\u00f1os de exilio. El film, dirigido por Paula de Luque, es\u2026","rel":"","context":"En \u00abSociedad\u00bb","block_context":{"text":"Sociedad","link":"https:\/\/www.24baires.com\/?cat=1"},"img":{"alt_text":"","src":"","width":0,"height":0},"classes":[]},{"id":35313,"url":"https:\/\/www.24baires.com\/?p=35313","url_meta":{"origin":5770,"position":1},"title":"La militancia colma Parque Lezama para ver el documental de N\u00e9stor Kirchner","author":"Grupo Sierra","date":"17\/11\/2013","format":false,"excerpt":"Miles de militantes kirchneristas colmaron el anfiteatro del parque, donde alrededor de las 20:30 comenzar\u00e1 a proyectarse en forma gratuita \u201cNK\u201d, el documental sobre la vida del ex presidente que dirigi\u00f3 Adri\u00e1n Caetano, en el marco del D\u00eda de la Militancia. Desde la esquina de Brasil y Paseo Col\u00f3n hacia\u2026","rel":"","context":"En \u00abPol\u00edtica\u00bb","block_context":{"text":"Pol\u00edtica","link":"https:\/\/www.24baires.com\/?cat=51"},"img":{"alt_text":"documental nestor","src":"https:\/\/i0.wp.com\/www.24baires.com\/wp-content\/uploads\/2013\/11\/documental-nestor-300x199.jpg?resize=350%2C200","width":350,"height":200},"classes":[]},{"id":120505,"url":"https:\/\/www.24baires.com\/?p=120505","url_meta":{"origin":5770,"position":2},"title":"Kicillof: \u00abNadie viene a atrincherarse, vamos a convertir a la provincia en la locomotora del triunfo\u00bb","author":"GB","date":"28\/09\/2023","format":false,"excerpt":"Intendentes, sindicalistas, movimientos sociales se congregan en Ensenada para un mega acto de relanzamiento de campa\u00f1a de Sergio Massa y Axel Kicillof. Junto al ministro de Econom\u00eda y candidato presidencial de Uni\u00f3n por la Patria, Sergio Massa, el gobernador de la provincia de Buenos Aires, Axel Kicillof, fue uno de\u2026","rel":"","context":"En \u00abProvincia\u00bb","block_context":{"text":"Provincia","link":"https:\/\/www.24baires.com\/?cat=40"},"img":{"alt_text":"","src":"https:\/\/i0.wp.com\/www.24baires.com\/wp-content\/uploads\/2023\/09\/kicillof.webp?resize=350%2C200","width":350,"height":200,"srcset":"https:\/\/i0.wp.com\/www.24baires.com\/wp-content\/uploads\/2023\/09\/kicillof.webp?resize=350%2C200 1x, https:\/\/i0.wp.com\/www.24baires.com\/wp-content\/uploads\/2023\/09\/kicillof.webp?resize=525%2C300 1.5x, https:\/\/i0.wp.com\/www.24baires.com\/wp-content\/uploads\/2023\/09\/kicillof.webp?resize=700%2C400 2x"},"classes":[]},{"id":105136,"url":"https:\/\/www.24baires.com\/?p=105136","url_meta":{"origin":5770,"position":3},"title":"En el aniversario de la muerte de Kirchner, M\u00e1ximo pidi\u00f3 \u00abreflexionar muy bien\u00bb a la hora de votar","author":"AF","date":"27\/10\/2018","format":false,"excerpt":"El diputado y l\u00edder de La C\u00e1mpora encabez\u00f3 un acto, rodeado de militantes y dirigentes, en Villa Palito en La Matanza. A ocho a\u00f1os de la muerte del ex presidente N\u00e9stor Kirchner, el l\u00edder de La C\u00e1mpora, M\u00e1ximo Kirchner, encabez\u00f3 un acto en Villa Palito en La Matanza y les\u2026","rel":"","context":"En \u00abPol\u00edtica\u00bb","block_context":{"text":"Pol\u00edtica","link":"https:\/\/www.24baires.com\/?cat=51"},"img":{"alt_text":"","src":"https:\/\/i0.wp.com\/www.24baires.com\/wp-content\/uploads\/2018\/10\/m%C3%A1ximo-kirchner.jpg?resize=350%2C200","width":350,"height":200,"srcset":"https:\/\/i0.wp.com\/www.24baires.com\/wp-content\/uploads\/2018\/10\/m%C3%A1ximo-kirchner.jpg?resize=350%2C200 1x, https:\/\/i0.wp.com\/www.24baires.com\/wp-content\/uploads\/2018\/10\/m%C3%A1ximo-kirchner.jpg?resize=525%2C300 1.5x"},"classes":[]},{"id":56013,"url":"https:\/\/www.24baires.com\/?p=56013","url_meta":{"origin":5770,"position":4},"title":"Militantes recordaron a N\u00e9stor Kirchner con jornadas solidarias en todo el pa\u00eds","author":"GB","date":"25\/10\/2014","format":false,"excerpt":"M\u00e1s de 50 mil j\u00f3venes militantes kirchneristas junto a los vecinos de diferentes ciudades del pa\u00eds realizaron actividades solidarias para mejorar los espacios p\u00fablicos, escuelas, bibliotecas populares y salas sanitarias de esos barrios, en homenaje al ex presidente N\u00e9stor Kirchner a d\u00edas de cumplirse cuatro a\u00f1os de su fallecimiento. Bajo\u2026","rel":"","context":"En \u00abSociedad\u00bb","block_context":{"text":"Sociedad","link":"https:\/\/www.24baires.com\/?cat=1"},"img":{"alt_text":"campora","src":"https:\/\/i0.wp.com\/www.24baires.com\/wp-content\/uploads\/2014\/10\/campora.jpg?resize=350%2C200","width":350,"height":200,"srcset":"https:\/\/i0.wp.com\/www.24baires.com\/wp-content\/uploads\/2014\/10\/campora.jpg?resize=350%2C200 1x, https:\/\/i0.wp.com\/www.24baires.com\/wp-content\/uploads\/2014\/10\/campora.jpg?resize=525%2C300 1.5x"},"classes":[]},{"id":55572,"url":"https:\/\/www.24baires.com\/?p=55572","url_meta":{"origin":5770,"position":5},"title":"\u00abSomos hoy un pa\u00eds como quer\u00edamos ser en aquel atardecer de octubre de 1945\u00bb","author":"GB","date":"17\/10\/2014","format":false,"excerpt":"La ministra de Desarrollo Social de la Naci\u00f3n, Alicia Kirchner, reflexion\u00f3 que eso es porque \"somos un pueblo libre, justo y soberano\". Y resalt\u00f3 que \u201cla militancia y el compromiso pol\u00edtico no son conceptos abstractos que se leen o se escuchan sino \u201cactos cotidianos del d\u00eda a d\u00eda\u201d. La funcionaria\u2026","rel":"","context":"En \u00abPol\u00edtica\u00bb","block_context":{"text":"Pol\u00edtica","link":"https:\/\/www.24baires.com\/?cat=51"},"img":{"alt_text":"ALicia k","src":"https:\/\/i0.wp.com\/www.24baires.com\/wp-content\/uploads\/2013\/09\/ALicia-k.jpg?resize=350%2C200","width":350,"height":200,"srcset":"https:\/\/i0.wp.com\/www.24baires.com\/wp-content\/uploads\/2013\/09\/ALicia-k.jpg?resize=350%2C200 1x, https:\/\/i0.wp.com\/www.24baires.com\/wp-content\/uploads\/2013\/09\/ALicia-k.jpg?resize=525%2C300 1.5x"},"classes":[]}],"jetpack_sharing_enabled":true,"jetpack_likes_enabled":true,"_links":{"self":[{"href":"https:\/\/www.24baires.com\/index.php?rest_route=\/wp\/v2\/posts\/5770","targetHints":{"allow":["GET"]}}],"collection":[{"href":"https:\/\/www.24baires.com\/index.php?rest_route=\/wp\/v2\/posts"}],"about":[{"href":"https:\/\/www.24baires.com\/index.php?rest_route=\/wp\/v2\/types\/post"}],"author":[{"embeddable":true,"href":"https:\/\/www.24baires.com\/index.php?rest_route=\/wp\/v2\/users\/4"}],"replies":[{"embeddable":true,"href":"https:\/\/www.24baires.com\/index.php?rest_route=%2Fwp%2Fv2%2Fcomments&post=5770"}],"version-history":[{"count":2,"href":"https:\/\/www.24baires.com\/index.php?rest_route=\/wp\/v2\/posts\/5770\/revisions"}],"predecessor-version":[{"id":5772,"href":"https:\/\/www.24baires.com\/index.php?rest_route=\/wp\/v2\/posts\/5770\/revisions\/5772"}],"wp:attachment":[{"href":"https:\/\/www.24baires.com\/index.php?rest_route=%2Fwp%2Fv2%2Fmedia&parent=5770"}],"wp:term":[{"taxonomy":"category","embeddable":true,"href":"https:\/\/www.24baires.com\/index.php?rest_route=%2Fwp%2Fv2%2Fcategories&post=5770"},{"taxonomy":"post_tag","embeddable":true,"href":"https:\/\/www.24baires.com\/index.php?rest_route=%2Fwp%2Fv2%2Ftags&post=5770"}],"curies":[{"name":"wp","href":"https:\/\/api.w.org\/{rel}","templated":true}]}}