{"id":5761,"date":"2012-11-16T22:04:10","date_gmt":"2012-11-17T01:04:10","guid":{"rendered":"http:\/\/www.24baires.com\/?p=5761"},"modified":"2012-11-16T22:04:10","modified_gmt":"2012-11-17T01:04:10","slug":"las-licencias-que-clarin-no-quiera-serian-readjudicadas-en-100-dias-habiles","status":"publish","type":"post","link":"https:\/\/www.24baires.com\/?p=5761","title":{"rendered":"Las licencias que Clar\u00edn no quiera ser\u00edan readjudicadas en \u00ab100 d\u00edas h\u00e1biles\u00bb"},"content":{"rendered":"<p>Frente a cientos de alumnos en el Colegio Nacional de Buenos Aires, el titular de la AFSCA, Mart\u00edn Sabbatella, afirm\u00f3 que \u201cdespu\u00e9s del 7D es el Estado el que garantizar\u00e1 la adecuaci\u00f3n\u201d de los grupos medi\u00e1ticos\u00bb. \u00a0Las licencias que no puedan permanecer en manos de Clar\u00edn ser\u00e1n readjudicadas \u201cen aproximadamente 100 d\u00edas h\u00e1biles\u201d, afirm\u00f3 el Presidente de la AFSCA.<!--more--><\/p>\n<p>La diferencia entre antes y despu\u00e9s del 7D es que antes es el privado el que administra su proceso de adecuaci\u00f3n, y despu\u00e9s es el Estado el que lo garantizar\u00e1, con la transferencia de oficio de las licencias\u201d, remarc\u00f3 Sabbatella.<\/p>\n<p>Al encabezar una charla-debate en el Aula Magna del Colegio Nacional de Buenos Aires, organizada por la agrupaci\u00f3n estudiantil El Eternauta, el funcionario dijo que el traspaso de las licencias que no puedan permanecer en manos de Clar\u00edn ser\u00e1n readjudicadas \u201cen aproximadamente 100 d\u00edas h\u00e1biles\u201d. Y agreg\u00f3\u00a0\u201cEse es el tiempo que llevar\u00eda todo: la apertura del registro de oferentes, que se realizar\u00e1 el mismo 10 de diciembre, la tasaci\u00f3n de las licencias y la nueva adjudicaci\u00f3n\u201d.<\/p>\n<p>Adem\u00e1s, enfatiz\u00f3 que el grupo Clar\u00edn \u201cest\u00e1 desafiando el Estado de derecho, y nadie puede creer que est\u00e1 por encima del Poder Legislativo, Ejecutivo o Judicial. No hay Estado de derecho si cada uno decide qu\u00e9 ley cumple\u201d.<\/p>\n<p>La charla cont\u00f3 con la presencia de cientos de alumnos y alumnas del Nacional Buenos Aires, que antes, durante y despu\u00e9s de la reuni\u00f3n le dieron un clima festivo a la convocatoria, llenando el Aula Magna con banderas de las agrupaciones y entonando c\u00e1nticos pol\u00edticos que le pusieron mucho color al evento.<br \/>\n\u00abHace d\u00e9cadas que no se escuchaba cantar la marcha peronista en el Aula Magna\u00bb, record\u00f3 un profesor que se acerc\u00f3 a escuchar al panel que tambi\u00e9n cont\u00f3 con las presencias del subsecretario General de la Presidencia, Gustavo L\u00f3pez; y los periodistas Daniel Tognetti y Alejandro Apo. Adem\u00e1s se encontraba presente otro ex alumno del \u00abColegio\u00bb: el diputado nacional Andr\u00e9s Larroque.<\/p>\n<p>L\u00f3pez destac\u00f3 que \u201ceste Gobierno se ha metido con la centralidad del poder para democratizarlo\u201d y se\u00f1al\u00f3 que \u201cen los `90 los que eran grandes medios se convirtieron en empresas brutales\u201d.<\/p>\n<p>Por su parte, el periodista Daniel Tognetti asever\u00f3 que estamos viviendo \u201cun momento en el que hay que tomar partido, tener paciencia y agallas\u201d y dijo que \u201cac\u00e1 no hay dos demonios, hay de un lado una corporaci\u00f3n y del otro una ley votada y un gobierno con mandato popular\u201d.<br \/>\nA su vez, el periodista deportivo Alejandro Apo opin\u00f3 que \u201clas leyes no se discuten, se cumplen\u201d y record\u00f3 que los argentinos \u201chab\u00edamos perdido las im\u00e1genes del f\u00fatbol y las recuperamos gracias a este gobierno\u201d.<\/p>\n<p>\u201cHay que entender lo que una vez me ense\u00f1\u00f3 Julio Ricardo, que dijo `los t\u00edtulos (deportivos) no se discuten, solamente se respetan`, y yo digo, las leyes no se discuten, se cumplen\u201d, concluy\u00f3.<\/p>\n<p>La charla comenz\u00f3 poco despu\u00e9s de las 18.30, y fue abierta por Agust\u00edn Courel, militante de El Eternauta.\u00a0\u201cLa ley de Medios termina con el blindaje medi\u00e1tico. Es un orgullo militar en esta \u00e9poca y somos todos hijos de este proceso pol\u00edtico\u201d, resalt\u00f3.<\/p>\n<p>&nbsp;<\/p>\n","protected":false},"excerpt":{"rendered":"<p>Frente a cientos de alumnos en el Colegio Nacional de Buenos Aires, el titular de la AFSCA, Mart\u00edn Sabbatella, afirm\u00f3 que \u201cdespu\u00e9s del 7D es el Estado el que garantizar\u00e1 la adecuaci\u00f3n\u201d de los grupos medi\u00e1ticos\u00bb. \u00a0Las licencias que no puedan permanecer en manos de Clar\u00edn ser\u00e1n readjudicadas \u201cen aproximadamente 100 d\u00edas h\u00e1biles\u201d, afirm\u00f3 el Presidente de la AFSCA.<\/p>\n","protected":false},"author":11,"featured_media":0,"comment_status":"open","ping_status":"open","sticky":false,"template":"","format":"standard","meta":{"_jetpack_newsletter_access":"","_jetpack_dont_email_post_to_subs":false,"_jetpack_newsletter_tier_id":0,"_jetpack_memberships_contains_paywalled_content":false,"_jetpack_memberships_contains_paid_content":false,"footnotes":""},"categories":[54],"tags":[],"class_list":["post-5761","post","type-post","status-publish","format-standard","hentry","category-medios"],"jetpack_featured_media_url":"","jetpack_shortlink":"https:\/\/wp.me\/p2JWE0-1uV","jetpack-related-posts":[{"id":7598,"url":"https:\/\/www.24baires.com\/?p=7598","url_meta":{"origin":5761,"position":0},"title":"Qu\u00e9 pasar\u00e1 a partir del 7D con las licencias que excedan las fijadas por la Ley","author":"AF","date":"02\/12\/2012","format":false,"excerpt":"A menos de una semana del 7D, el titular de AFSCA, Mart\u00edn Sabbatella, explic\u00f3 el criterio que se aplicar\u00e1 ante eventuales licitaciones, el jefe de Gabinete, Juan Manuel Abal Medina, aclar\u00f3 que la gente podr\u00e1 seguir comprando Clar\u00edn, viendo canal 13 y escuchando radio Mitre y el Ministro de Trabajo,\u2026","rel":"","context":"En \u00abMedios\u00bb","block_context":{"text":"Medios","link":"https:\/\/www.24baires.com\/?cat=54"},"img":{"alt_text":"","src":"","width":0,"height":0},"classes":[]},{"id":3951,"url":"https:\/\/www.24baires.com\/?p=3951","url_meta":{"origin":5761,"position":1},"title":"Sabbatella asegur\u00f3 que \u00abClar\u00edn est\u00e1 desafiando a la democracia\u00bb","author":"Grupo Sierra","date":"31\/10\/2012","format":false,"excerpt":"El titular de la Autoridad Federal de Servicios de Comunicaci\u00f3n Audiovisual, Mart\u00edn Sabbatella, se refiri\u00f3 a la negativa de Clar\u00edn a presentar un plan de adecuaci\u00f3n a la ley. Adem\u00e1s reiter\u00f3 que despu\u00e9s del 7 de diciembre el organismo \"actuar\u00e1 de oficio\". \"Es un desaf\u00edo a la democracia, al estado\u2026","rel":"","context":"En \u00abMedios\u00bb","block_context":{"text":"Medios","link":"https:\/\/www.24baires.com\/?cat=54"},"img":{"alt_text":"","src":"https:\/\/i0.wp.com\/www.24baires.com\/wp-content\/uploads\/2012\/10\/sabbatella-desafio.jpg?resize=350%2C200","width":350,"height":200,"srcset":"https:\/\/i0.wp.com\/www.24baires.com\/wp-content\/uploads\/2012\/10\/sabbatella-desafio.jpg?resize=350%2C200 1x, https:\/\/i0.wp.com\/www.24baires.com\/wp-content\/uploads\/2012\/10\/sabbatella-desafio.jpg?resize=525%2C300 1.5x"},"classes":[]},{"id":5405,"url":"https:\/\/www.24baires.com\/?p=5405","url_meta":{"origin":5761,"position":2},"title":"Sabbatella: \u00abNadie puede tener en una ciudad m\u00e1s de 3 licencias de radio\u00bb","author":"Grupo Sierra","date":"14\/11\/2012","format":false,"excerpt":"El titular de la Afsca, Mart\u00edn Sabbatella, confirm\u00f3 que \"despu\u00e9s del 7 de diciembre comienza el proceso de oficio\". Y detall\u00f3 que el grupo Clar\u00edn \"puede tener 24 y hoy tiene 237 licencias\" de cable.\u00a0\"De esta manera, despu\u00e9s del 7 de diciembre la AFSCA inicia el proceso de transferencia de\u2026","rel":"","context":"En \u00abMedios\u00bb","block_context":{"text":"Medios","link":"https:\/\/www.24baires.com\/?cat=54"},"img":{"alt_text":"","src":"","width":0,"height":0},"classes":[]},{"id":5008,"url":"https:\/\/www.24baires.com\/?p=5008","url_meta":{"origin":5761,"position":3},"title":"El jueves Sabbattella dar\u00e1 a conocer el \u00abcuadro de situaci\u00f3n\u00bb de los grupos de medios con vistas al 7D","author":"Grupo Sierra","date":"11\/11\/2012","format":false,"excerpt":"El titular de la (AFSCA), Mart\u00edn Sabbatella, brindar\u00e1 el pr\u00f3ximo jueves 15 una conferencia de prensa donde presentar\u00e1 el \"cuadro de situaci\u00f3n\" de los grupos de medios que exceden lo establecido por la ley de Servicios de Comunicaci\u00f3n Audiovisual (SCA), tanto en porcentaje de mercado como en cantidad de licencias.\u2026","rel":"","context":"En \u00abMedios\u00bb","block_context":{"text":"Medios","link":"https:\/\/www.24baires.com\/?cat=54"},"img":{"alt_text":"","src":"","width":0,"height":0},"classes":[]},{"id":17619,"url":"https:\/\/www.24baires.com\/?p=17619","url_meta":{"origin":5761,"position":4},"title":"\u201cQueremos que est\u00e9n todas las voces; incluso las que mienten, como Clar\u00edn y La Naci\u00f3n\u201d","author":"AF","date":"06\/03\/2013","format":false,"excerpt":"Todas las empresas de medios audiovisuales de la Argentina, excepto el Grupo Clar\u00edn, han presentado su plan de adecuaci\u00f3n voluntaria para cumplir con la ley, y el Afsca est\u00e1 trabajando en la evaluaci\u00f3n y admisi\u00f3n de esos planes\u201d, afirm\u00f3 en declaraciones period\u00edsticas el titular de la Autoridad Federal de Servicios\u2026","rel":"","context":"En \u00abMedios\u00bb","block_context":{"text":"Medios","link":"https:\/\/www.24baires.com\/?cat=54"},"img":{"alt_text":"sabbatella desafio","src":"https:\/\/i0.wp.com\/www.24baires.com\/wp-content\/uploads\/2012\/10\/sabbatella-desafio.jpg?resize=350%2C200","width":350,"height":200,"srcset":"https:\/\/i0.wp.com\/www.24baires.com\/wp-content\/uploads\/2012\/10\/sabbatella-desafio.jpg?resize=350%2C200 1x, https:\/\/i0.wp.com\/www.24baires.com\/wp-content\/uploads\/2012\/10\/sabbatella-desafio.jpg?resize=525%2C300 1.5x"},"classes":[]},{"id":17513,"url":"https:\/\/www.24baires.com\/?p=17513","url_meta":{"origin":5761,"position":5},"title":"Sabbatella, clar\u00edsimo: \u00abNadie tiene coronita, las reglas son parejas\u00bb","author":"AF","date":"05\/03\/2013","format":false,"excerpt":"El titular de la Autoridad Federal de Servicios de Comunicaci\u00f3n Audiovisual (Afsca), Mart\u00edn Sabbatella, asegur\u00f3 hoy que la venta de medios del grupo Hadad al grupo Indalo, aprobada por ese organismo, \"se ajusta perfectamente a la ley\" porque se enmarca en el plan de adecuaci\u00f3n, e insisti\u00f3 con que \"las\u2026","rel":"","context":"En \u00abMedios\u00bb","block_context":{"text":"Medios","link":"https:\/\/www.24baires.com\/?cat=54"},"img":{"alt_text":"","src":"","width":0,"height":0},"classes":[]}],"jetpack_sharing_enabled":true,"jetpack_likes_enabled":true,"_links":{"self":[{"href":"https:\/\/www.24baires.com\/index.php?rest_route=\/wp\/v2\/posts\/5761","targetHints":{"allow":["GET"]}}],"collection":[{"href":"https:\/\/www.24baires.com\/index.php?rest_route=\/wp\/v2\/posts"}],"about":[{"href":"https:\/\/www.24baires.com\/index.php?rest_route=\/wp\/v2\/types\/post"}],"author":[{"embeddable":true,"href":"https:\/\/www.24baires.com\/index.php?rest_route=\/wp\/v2\/users\/11"}],"replies":[{"embeddable":true,"href":"https:\/\/www.24baires.com\/index.php?rest_route=%2Fwp%2Fv2%2Fcomments&post=5761"}],"version-history":[{"count":4,"href":"https:\/\/www.24baires.com\/index.php?rest_route=\/wp\/v2\/posts\/5761\/revisions"}],"predecessor-version":[{"id":5765,"href":"https:\/\/www.24baires.com\/index.php?rest_route=\/wp\/v2\/posts\/5761\/revisions\/5765"}],"wp:attachment":[{"href":"https:\/\/www.24baires.com\/index.php?rest_route=%2Fwp%2Fv2%2Fmedia&parent=5761"}],"wp:term":[{"taxonomy":"category","embeddable":true,"href":"https:\/\/www.24baires.com\/index.php?rest_route=%2Fwp%2Fv2%2Fcategories&post=5761"},{"taxonomy":"post_tag","embeddable":true,"href":"https:\/\/www.24baires.com\/index.php?rest_route=%2Fwp%2Fv2%2Ftags&post=5761"}],"curies":[{"name":"wp","href":"https:\/\/api.w.org\/{rel}","templated":true}]}}