{"id":5755,"date":"2012-11-16T21:36:57","date_gmt":"2012-11-17T00:36:57","guid":{"rendered":"http:\/\/www.24baires.com\/?p=5755"},"modified":"2012-11-16T21:36:57","modified_gmt":"2012-11-17T00:36:57","slug":"presentan-proyecto-de-ley-en-la-legislatura-sobre-libertad-de-conciencia-y-de-culto","status":"publish","type":"post","link":"https:\/\/www.24baires.com\/?p=5755","title":{"rendered":"Presentan Proyecto de Ley en la Legislatura sobre libertad de conciencia y de culto"},"content":{"rendered":"<p>El diputado provincial Alfredo Lazzeretti (PS \u2013 FAP) present\u00f3 un Proyecto de Ley con el objetivo de ampliar la prohibici\u00f3n de colocaci\u00f3n de simbolog\u00eda religiosa o partidaria en todas las dependencias del Estado Provincial y Municipal, evitando el uso de ritos religiosos y estableciendo la igualdad de los participantes en actos oficiales.<!--more--><\/p>\n<p>Adem\u00e1s, la iniciativa pretende, garantizar el car\u00e1cter laico del programa oficial de estudios primarios y secundarios y s\u00f3lo subvencionar los programas oficiales de estudio. Por otra parte, proteger\u00e1 expresamente los datos de car\u00e1cter personal vinculado con la libertad de pensamiento, de conciencia, de religi\u00f3n o de convicciones, y el derecho de acceso, rectificaci\u00f3n y eliminaci\u00f3n de dichos datos en poder de cualquier organismo p\u00fablico o privado.<\/p>\n<p>El legislador socialista manifest\u00f3: \u201cCon esta propuesta se trata de reglamentar el ejercicio de la libertad de conciencia en la provincia de Buenos Aires con el \u00fanico prop\u00f3sito de asegurar a todos los ciudadanos la posibilidad de un desarrollo pleno dentro de un Estado independiente de cualquier convicci\u00f3n filos\u00f3fica, religiosa o ideol\u00f3gica.\u201d<\/p>\n<p>\u201cEl Estado laico es uno de los elementos de la organizaci\u00f3n socio-pol\u00edtica actual indispensables para que las sociedades modernas, caracterizadas por su creciente pluralidad y diversidad, se desarrollen en un marco de libertad y convivencia pac\u00edfica. Es una realidad que los poderes del Estado no han logrado avances significativos en legislar a favor de la libertad de conciencia. Los proyectos de ley sobre libertad e igualdad religiosa han tenido escaso debate parlamentario, por lo cual nos parece necesario poner este tema en discusi\u00f3n.\u201d, sostuvo Lazzeretti.<\/p>\n<p>El proyecto prev\u00e9 que la provincia de Buenos Aires y sus Municipios velar\u00e1n por que el derecho a la libertad de pensamiento, de conciencia, de religi\u00f3n o de convicciones pueda ser ejercido, individual o colectivamente, por todas y cada una de las personas, en plenas condiciones de igualdad, evitando cualquier forma de privilegio o de discriminaci\u00f3n basados en convicciones ideol\u00f3gicas, filos\u00f3ficas o religiosas. Adem\u00e1s, proh\u00edbe a los funcionarios p\u00fablicos provinciales y\/o municipales utilizar su cargo para favorecer, privilegiar, promocionar o perjudicar a un grupo de ciudadanos u organizaciones, basado en una determinada convicci\u00f3n filos\u00f3fica, religiosa o ideol\u00f3gica.<\/p>\n<p>Por \u00faltimo, el diputado del Frente Amplio Progresista expres\u00f3: \u201cSon recurrentes los argumentos de distintos funcionarios p\u00fablicos y legisladores que anteponen su creencia religiosa o ideol\u00f3gica frente a cualquier criterio o argumento respecto del contenido, relevancia o procedencia del proyecto en discusi\u00f3n. Pero debemos tener en cuenta que dichos funcionaros no est\u00e1n en sus puestos a t\u00edtulo personal, por lo que, si bien tienen el derecho a tener sus convicciones propias, en sus funciones deben responder ante todo al inter\u00e9s p\u00fablico, es decir el de todos.\u201d<\/p>\n","protected":false},"excerpt":{"rendered":"<p>El diputado provincial Alfredo Lazzeretti (PS \u2013 FAP) present\u00f3 un Proyecto de Ley con el objetivo de ampliar la prohibici\u00f3n de colocaci\u00f3n de simbolog\u00eda religiosa o partidaria en todas las dependencias del Estado Provincial y Municipal, evitando el uso de ritos religiosos y estableciendo la igualdad de los participantes en actos oficiales.<\/p>\n","protected":false},"author":11,"featured_media":0,"comment_status":"open","ping_status":"open","sticky":false,"template":"","format":"standard","meta":{"_jetpack_newsletter_access":"","_jetpack_dont_email_post_to_subs":false,"_jetpack_newsletter_tier_id":0,"_jetpack_memberships_contains_paywalled_content":false,"_jetpack_memberships_contains_paid_content":false,"footnotes":""},"categories":[40],"tags":[],"class_list":["post-5755","post","type-post","status-publish","format-standard","hentry","category-provincia"],"jetpack_featured_media_url":"","jetpack_shortlink":"https:\/\/wp.me\/p2JWE0-1uP","jetpack-related-posts":[{"id":90248,"url":"https:\/\/www.24baires.com\/?p=90248","url_meta":{"origin":5755,"position":0},"title":"El Gobierno cre\u00f3 la Direcci\u00f3n de Libertad y Diversidad Religiosa","author":"GB","date":"25\/11\/2016","format":false,"excerpt":"Se trata de una nueva dependencia que el Ejecutivo de Macri incorpor\u00f3 en el \u00e1mbito de la secretar\u00eda de Culto de Canciller\u00eda. Nombr\u00f3 como director a Omar Al Kaddour, un licenciado en relaciones internacionales de origen sirio. Adem\u00e1s, el oficialismo mandar\u00e1 un proyecto al Congreso para que el 25 de\u2026","rel":"","context":"En \u00abPol\u00edtica\u00bb","block_context":{"text":"Pol\u00edtica","link":"https:\/\/www.24baires.com\/?cat=51"},"img":{"alt_text":"","src":"","width":0,"height":0},"classes":[]},{"id":95487,"url":"https:\/\/www.24baires.com\/?p=95487","url_meta":{"origin":5755,"position":1},"title":"Pol\u00e9mico: proyecto de Macri pone en peligro al matrimonio igualitario","author":"GB","date":"27\/06\/2017","format":false,"excerpt":"El Poder Ejecutivo present\u00f3 una iniciativa sobre las libertades religiosas que pone en vilo a la educaci\u00f3n sexual y a la uni\u00f3n civil entre dos personas del mismo sexo. El Poder Ejecutivo envi\u00f3 un proyecto sobre las libertades religiosas que pone en peligro a la educaci\u00f3n sexual y al matrimonio\u2026","rel":"","context":"En \u00abSociedad\u00bb","block_context":{"text":"Sociedad","link":"https:\/\/www.24baires.com\/?cat=1"},"img":{"alt_text":"","src":"https:\/\/i0.wp.com\/www.24baires.com\/wp-content\/uploads\/2014\/07\/matrimonio-igualitario.jpg?resize=350%2C200","width":350,"height":200,"srcset":"https:\/\/i0.wp.com\/www.24baires.com\/wp-content\/uploads\/2014\/07\/matrimonio-igualitario.jpg?resize=350%2C200 1x, https:\/\/i0.wp.com\/www.24baires.com\/wp-content\/uploads\/2014\/07\/matrimonio-igualitario.jpg?resize=525%2C300 1.5x"},"classes":[]},{"id":121953,"url":"https:\/\/www.24baires.com\/?p=121953","url_meta":{"origin":5755,"position":2},"title":"Provincia lanza un nuevo programa laboral para presos","author":"GB","date":"08\/01\/2025","format":false,"excerpt":"El Ministerio de Justicia bonaerense aprob\u00f3 el Programa Buenos Aires por la Reducci\u00f3n de la Reincidencia. Sobre la base de un proyecto de ley naufrag\u00f3 en el Congreso de la Naci\u00f3n, el gobierno bonaerense cre\u00f3 un programa con el que busca reducir la reincidencia carcelaria. La idea es fomentar la\u2026","rel":"","context":"En \u00abProvincia\u00bb","block_context":{"text":"Provincia","link":"https:\/\/www.24baires.com\/?cat=40"},"img":{"alt_text":"","src":"https:\/\/i0.wp.com\/www.24baires.com\/wp-content\/uploads\/2025\/01\/carceles.webp?resize=350%2C200","width":350,"height":200,"srcset":"https:\/\/i0.wp.com\/www.24baires.com\/wp-content\/uploads\/2025\/01\/carceles.webp?resize=350%2C200 1x, https:\/\/i0.wp.com\/www.24baires.com\/wp-content\/uploads\/2025\/01\/carceles.webp?resize=525%2C300 1.5x, https:\/\/i0.wp.com\/www.24baires.com\/wp-content\/uploads\/2025\/01\/carceles.webp?resize=700%2C400 2x"},"classes":[]},{"id":110876,"url":"https:\/\/www.24baires.com\/?p=110876","url_meta":{"origin":5755,"position":3},"title":"Diputado de Cambiemos quiere quitar la frase \u00ab30 mil desaparecidos\u00bb de las publicaciones oficiales","author":"AF","date":"20\/06\/2019","format":false,"excerpt":"La expresi\u00f3n se incluye por ley en todos los documentos de la provincia de Buenos Aires que refieran a hechos represivos. El que se opone es Guillermo Castello, quien responde a Elisa Carri\u00f3. Repudio de organismos de derechos humanos. Con el argumento de que \"violenta los valores de la Libertad\u2026","rel":"","context":"En \u00abSociedad\u00bb","block_context":{"text":"Sociedad","link":"https:\/\/www.24baires.com\/?cat=1"},"img":{"alt_text":"","src":"https:\/\/i0.wp.com\/www.24baires.com\/wp-content\/uploads\/2019\/06\/castello.jpg?resize=350%2C200","width":350,"height":200,"srcset":"https:\/\/i0.wp.com\/www.24baires.com\/wp-content\/uploads\/2019\/06\/castello.jpg?resize=350%2C200 1x, https:\/\/i0.wp.com\/www.24baires.com\/wp-content\/uploads\/2019\/06\/castello.jpg?resize=525%2C300 1.5x"},"classes":[]},{"id":120897,"url":"https:\/\/www.24baires.com\/?p=120897","url_meta":{"origin":5755,"position":4},"title":"El gobierno logr\u00f3 dictamen de Mayor\u00eda y la Ley Omnibus llegar\u00e1 al recinto","author":"GB","date":"24\/01\/2024","format":false,"excerpt":"El oficialismo tuvo el apoyo del PRO, la UCR y Hacemos Coalici\u00f3n Federal, que de todas maneras manifestaron algunas disidencias \"parciales\" al proyecto. Esta madrugada, el oficialismo de la C\u00e1mara de Diputados logr\u00f3 un dictamen de mayor\u00eda respaldado por bloques opositores dialoguistas para la Ley \u00d3mnibus. La iniciativa, que aborda\u2026","rel":"","context":"En \u00abPol\u00edtica\u00bb","block_context":{"text":"Pol\u00edtica","link":"https:\/\/www.24baires.com\/?cat=51"},"img":{"alt_text":"","src":"https:\/\/i0.wp.com\/www.24baires.com\/wp-content\/uploads\/2024\/01\/menem-recinto.jpeg?resize=350%2C200","width":350,"height":200,"srcset":"https:\/\/i0.wp.com\/www.24baires.com\/wp-content\/uploads\/2024\/01\/menem-recinto.jpeg?resize=350%2C200 1x, https:\/\/i0.wp.com\/www.24baires.com\/wp-content\/uploads\/2024\/01\/menem-recinto.jpeg?resize=525%2C300 1.5x, https:\/\/i0.wp.com\/www.24baires.com\/wp-content\/uploads\/2024\/01\/menem-recinto.jpeg?resize=700%2C400 2x"},"classes":[]},{"id":122522,"url":"https:\/\/www.24baires.com\/?p=122522","url_meta":{"origin":5755,"position":5},"title":"Fuerza Patria se impuso en las elecciones bonaerenses","author":"GB","date":"07\/09\/2025","format":false,"excerpt":"El oficialismo se impone con el 46,93% en el total de votos provincial, con triunfos en las secciones electorales con m\u00e1s votantes. La LIbertad Avanza obtiene el 33,85%. El oficialismo de Fuerza Patria obtiene un contundente triunfo en las elecciones provinciales, donde los primeros datos oficiales con el 82% de\u2026","rel":"","context":"En \u00abProvincia\u00bb","block_context":{"text":"Provincia","link":"https:\/\/www.24baires.com\/?cat=40"},"img":{"alt_text":"","src":"https:\/\/i0.wp.com\/www.24baires.com\/wp-content\/uploads\/2025\/09\/fuerza-patria.webp?resize=350%2C200","width":350,"height":200,"srcset":"https:\/\/i0.wp.com\/www.24baires.com\/wp-content\/uploads\/2025\/09\/fuerza-patria.webp?resize=350%2C200 1x, https:\/\/i0.wp.com\/www.24baires.com\/wp-content\/uploads\/2025\/09\/fuerza-patria.webp?resize=525%2C300 1.5x, https:\/\/i0.wp.com\/www.24baires.com\/wp-content\/uploads\/2025\/09\/fuerza-patria.webp?resize=700%2C400 2x"},"classes":[]}],"jetpack_sharing_enabled":true,"jetpack_likes_enabled":true,"_links":{"self":[{"href":"https:\/\/www.24baires.com\/index.php?rest_route=\/wp\/v2\/posts\/5755","targetHints":{"allow":["GET"]}}],"collection":[{"href":"https:\/\/www.24baires.com\/index.php?rest_route=\/wp\/v2\/posts"}],"about":[{"href":"https:\/\/www.24baires.com\/index.php?rest_route=\/wp\/v2\/types\/post"}],"author":[{"embeddable":true,"href":"https:\/\/www.24baires.com\/index.php?rest_route=\/wp\/v2\/users\/11"}],"replies":[{"embeddable":true,"href":"https:\/\/www.24baires.com\/index.php?rest_route=%2Fwp%2Fv2%2Fcomments&post=5755"}],"version-history":[{"count":1,"href":"https:\/\/www.24baires.com\/index.php?rest_route=\/wp\/v2\/posts\/5755\/revisions"}],"predecessor-version":[{"id":5756,"href":"https:\/\/www.24baires.com\/index.php?rest_route=\/wp\/v2\/posts\/5755\/revisions\/5756"}],"wp:attachment":[{"href":"https:\/\/www.24baires.com\/index.php?rest_route=%2Fwp%2Fv2%2Fmedia&parent=5755"}],"wp:term":[{"taxonomy":"category","embeddable":true,"href":"https:\/\/www.24baires.com\/index.php?rest_route=%2Fwp%2Fv2%2Fcategories&post=5755"},{"taxonomy":"post_tag","embeddable":true,"href":"https:\/\/www.24baires.com\/index.php?rest_route=%2Fwp%2Fv2%2Ftags&post=5755"}],"curies":[{"name":"wp","href":"https:\/\/api.w.org\/{rel}","templated":true}]}}