{"id":5748,"date":"2012-11-16T21:24:15","date_gmt":"2012-11-17T00:24:15","guid":{"rendered":"http:\/\/www.24baires.com\/?p=5748"},"modified":"2012-11-16T21:24:15","modified_gmt":"2012-11-17T00:24:15","slug":"julian-dominguez-simplificar-la-adopcion-debe-ser-una-causa-nacional","status":"publish","type":"post","link":"https:\/\/www.24baires.com\/?p=5748","title":{"rendered":"Juli\u00e1n Dom\u00ednguez: \u00abSimplificar la adopci\u00f3n debe ser una causa nacional\u00bb"},"content":{"rendered":"<p><img data-recalc-dims=\"1\" loading=\"lazy\" decoding=\"async\" class=\"alignleft size-medium wp-image-5752\" title=\"dominguez adopcion\" src=\"https:\/\/i0.wp.com\/www.24baires.com\/wp-content\/uploads\/2012\/11\/dominguez-adopcion1.jpg?resize=300%2C202\" alt=\"\" width=\"300\" height=\"202\" srcset=\"https:\/\/i0.wp.com\/www.24baires.com\/wp-content\/uploads\/2012\/11\/dominguez-adopcion1.jpg?resize=300%2C202&amp;ssl=1 300w, https:\/\/i0.wp.com\/www.24baires.com\/wp-content\/uploads\/2012\/11\/dominguez-adopcion1.jpg?w=560&amp;ssl=1 560w\" sizes=\"auto, (max-width: 300px) 100vw, 300px\" \/>El presidente de la C\u00e1mara de Diputados de la Naci\u00f3n, Juli\u00e1n Dom\u00ednguez, asegur\u00f3 esta tarde que \u00abla adopci\u00f3n tiene que ser una gran causa nacional, hay que generar la mayor simplificaci\u00f3n posible en esta materia\u00bb, al inaugurar la audiencia p\u00fablica por la reforma de los C\u00f3digos Civil y Comercial realizada hoy en Ushuaia.<!--more--><br \/>\n\u201cAgilizar los tr\u00e1mites de adopci\u00f3n es prioridad en este nuevo c\u00f3digo. Es indispensable ofrecer a las familias los instrumentos necesarios para que los pap\u00e1s puedan adoptar sin tantas trabas a los chicos, y que estos ni\u00f1os puedan salir de los institutos y tener una familia\u201d, afirm\u00f3 Juli\u00e1n Dom\u00ednguez en declaraciones a la prensa.<br \/>\nPor otra parte, el titular de la C\u00e1mara Baja nacional se refiri\u00f3 a la necesidad de \u201cponer a las leyes por sobre los tratados internacionales que no son materia de Derechos Humanos\u201d y comenzar a \u201crediscutir la ley a la luz de una visi\u00f3n latinoamericana de la soberan\u00eda legislativa\u201d.<\/p>\n<p>\u201cEste marco de discusi\u00f3n de reforma de los C\u00f3digos se da despu\u00e9s de la Constituci\u00f3n de 1994, sobre la cual yo tengo algunas observaciones respecto a la importancia que se le da a los tratados que no son materia de Derechos Humanos. Creo que tenemos que discutir la no revisibilidad de las decisiones que se proponen en materia de arbitraje, en un momento en que la Argentina est\u00e1 discutiendo en el CIADI (organismo del Banco Mundial que lauda en conflictos entre Estados y empresas) disputas por un monto de 4 mil millones de d\u00f3lares\u201d, remarc\u00f3 Dom\u00ednguez, y destac\u00f3 que \u201cBrasil, por ejemplo, no firm\u00f3 con el CIADI, y no le pas\u00f3 nada a sus inversiones\u201d.<\/p>\n<p>En la apertura de la audiencia p\u00fablica realizada en el Hotel Las Hayas de la capital de la provincia de Tierra del Fuego particip\u00f3 la gobernadora Fabiana R\u00edos, qui\u00e9n les dio a los legisladores que forman parte de la Comisi\u00f3n Bicameral la distinci\u00f3n de Hu\u00e9sped de Honor.<\/p>\n<p>\u201cQue hoy est\u00e9 presente en Tierra del fuego esta Comisi\u00f3n Bicameral, para conocer la palabra y la mirada de las organizaciones de nuestra provincia, es sin dudas un honor y una enorme responsabilidad para el pueblo\u201d, expres\u00f3 la gobernadora.<\/p>\n<p>Tambi\u00e9n estuvieron presentes el vicegobernador Roberto Crocianelli; los diputados nacionales Rub\u00e9n Sciutto, Rosana Bertone, Graciela Giannettasio, Julio Catal\u00e1n Magni, Mar\u00eda Luisa Storani y Liliana Fadul; el senador nacional Osvaldo L\u00f3pez; y funcionarios provinciales.<br \/>\nLas audiencias p\u00fablicas organizadas por la Comisi\u00f3n Bicameral para la Reforma, Actualizaci\u00f3n y Unificaci\u00f3n de los C\u00f3digos Civil y Comercial de la Naci\u00f3n se cerrar\u00e1n el viernes 23 de noviembre en Posadas, Misiones.<\/p>\n","protected":false},"excerpt":{"rendered":"<p>El presidente de la C\u00e1mara de Diputados de la Naci\u00f3n, Juli\u00e1n Dom\u00ednguez, asegur\u00f3 esta tarde que \u00abla adopci\u00f3n tiene que ser una gran causa nacional, hay que generar la mayor simplificaci\u00f3n posible en esta materia\u00bb, al inaugurar la audiencia p\u00fablica por la reforma de los C\u00f3digos Civil y Comercial realizada hoy en Ushuaia.<\/p>\n","protected":false},"author":11,"featured_media":0,"comment_status":"open","ping_status":"open","sticky":false,"template":"","format":"standard","meta":{"_jetpack_newsletter_access":"","_jetpack_dont_email_post_to_subs":false,"_jetpack_newsletter_tier_id":0,"_jetpack_memberships_contains_paywalled_content":false,"_jetpack_memberships_contains_paid_content":false,"footnotes":""},"categories":[1],"tags":[],"class_list":["post-5748","post","type-post","status-publish","format-standard","hentry","category-sociedad"],"jetpack_featured_media_url":"","jetpack_shortlink":"https:\/\/wp.me\/p2JWE0-1uI","jetpack-related-posts":[{"id":4224,"url":"https:\/\/www.24baires.com\/?p=4224","url_meta":{"origin":5748,"position":0},"title":"El debate de la reforma de los c\u00f3digos pas\u00f3 por Mar de Aj\u00f3","author":"Grupo Sierra","date":"02\/11\/2012","format":false,"excerpt":"Se celebr\u00f3 en esa localidad de la costa atl\u00e1ntica una nueva audiencia p\u00fablica, con la presencia entre otros del titular de la C\u00e1mara de Diputados, Juli\u00e1n Dom\u00ednguez, quien sostuvo que \u201ccomo dirigentes de la generaci\u00f3n del bicentenario somos los \u00fanicos responsables de la construcci\u00f3n de los nuevos derechos\u201d. El presidente\u2026","rel":"","context":"En \u00abPol\u00edtica\u00bb","block_context":{"text":"Pol\u00edtica","link":"https:\/\/www.24baires.com\/?cat=51"},"img":{"alt_text":"","src":"https:\/\/i0.wp.com\/www.24baires.com\/wp-content\/uploads\/2012\/11\/landau_dominguez_camano.jpg?resize=350%2C200","width":350,"height":200},"classes":[]},{"id":728,"url":"https:\/\/www.24baires.com\/?p=728","url_meta":{"origin":5748,"position":1},"title":"\u201cLa decisi\u00f3n y la voluntad de su pueblo har\u00e1n realidad la autonom\u00eda de Huanguel\u00e9n\u201d","author":"Grupo Sierra","date":"30\/09\/2012","format":false,"excerpt":"El presidente de la C\u00e1mara de Diputados de la Naci\u00f3n, Juli\u00e1n Dom\u00ednguez, particip\u00f3 esta tarde del acto central por el \u201creclamo de autonom\u00eda\u201d de la comunidad de Huanguel\u00e9n, que tuvo lugar en el marco de los festejos por el centenario de la localidad bonaerense. \u201cLa decisi\u00f3n y la voluntad de\u2026","rel":"","context":"En \u00abLocales\u00bb","block_context":{"text":"Locales","link":"https:\/\/www.24baires.com\/?cat=38"},"img":{"alt_text":"","src":"https:\/\/i0.wp.com\/www.24baires.com\/wp-content\/uploads\/2012\/09\/Dom%C3%ADnguez-Huanguel%C3%A9n.jpg?resize=350%2C200","width":350,"height":200,"srcset":"https:\/\/i0.wp.com\/www.24baires.com\/wp-content\/uploads\/2012\/09\/Dom%C3%ADnguez-Huanguel%C3%A9n.jpg?resize=350%2C200 1x, https:\/\/i0.wp.com\/www.24baires.com\/wp-content\/uploads\/2012\/09\/Dom%C3%ADnguez-Huanguel%C3%A9n.jpg?resize=525%2C300 1.5x"},"classes":[]},{"id":2375,"url":"https:\/\/www.24baires.com\/?p=2375","url_meta":{"origin":5748,"position":2},"title":"Cierran en La Matanza las audiencias p\u00fablicas por la reforma del C\u00f3digo Civil y del Comercial","author":"AF","date":"16\/10\/2012","format":false,"excerpt":"El Intendente Municipal, Fernando Espinoza, junto al Presidente de la Honorable C\u00e1mara de Diputados, Juli\u00e1n Dom\u00ednguez, invitan al cierre de las audiencias p\u00fablicas por la Reforma de los C\u00f3digos Civil y Comercial, que se realizar\u00e1 el mi\u00e9rcoles 17 de octubre, a las 10.30 hs, en la Universidad Nacional de La\u2026","rel":"","context":"En \u00abSociedad\u00bb","block_context":{"text":"Sociedad","link":"https:\/\/www.24baires.com\/?cat=1"},"img":{"alt_text":"","src":"","width":0,"height":0},"classes":[]},{"id":62087,"url":"https:\/\/www.24baires.com\/?p=62087","url_meta":{"origin":5748,"position":3},"title":"Para Dom\u00ednguez, Pollicita evita el Congreso \u00abpor las inconsistencias jur\u00eddicas de la denuncia\u00bb","author":"Grupo Sierra","date":"21\/02\/2015","format":false,"excerpt":"El presidente de la C\u00e1mara de Diputados de la Naci\u00f3n, Juli\u00e1n Dom\u00ednguez, asegur\u00f3 esta ma\u00f1ana estar \"convencido de que las severas inconsistencias jur\u00eddicas de la denuncia hicieron a Pollicita declinar la invitaci\u00f3n del Congreso\", en declaraciones a la prensa local, luego de exponer junto al vicegobernador de la provincia, Sergio\u2026","rel":"","context":"En \u00abGeneral\u00bb","block_context":{"text":"General","link":"https:\/\/www.24baires.com\/?cat=67"},"img":{"alt_text":"dominguez julian","src":"https:\/\/i0.wp.com\/www.24baires.com\/wp-content\/uploads\/2012\/09\/dominguez-julian.jpg?resize=350%2C200","width":350,"height":200,"srcset":"https:\/\/i0.wp.com\/www.24baires.com\/wp-content\/uploads\/2012\/09\/dominguez-julian.jpg?resize=350%2C200 1x, https:\/\/i0.wp.com\/www.24baires.com\/wp-content\/uploads\/2012\/09\/dominguez-julian.jpg?resize=525%2C300 1.5x"},"classes":[]},{"id":2461,"url":"https:\/\/www.24baires.com\/?p=2461","url_meta":{"origin":5748,"position":4},"title":"Se celebr\u00f3 en La Matanza la \u00faltima audiencia p\u00fablica para la unificaci\u00f3n de los C\u00f3digos","author":"AF","date":"17\/10\/2012","format":false,"excerpt":"El Presidente de la C\u00e1mara de Diputados de la Naci\u00f3n, Dr. Juli\u00e1n Dom\u00ednguez, y la Comisi\u00f3n Bicameral del Congreso Nacional que lleva a cabo las Audiencias P\u00fablicas en todo el pa\u00eds para reformar, actualizar y unificar el c\u00f3digo Civil y Comercial, se hicieron presentes en la Universidad Nacional de La\u2026","rel":"","context":"En \u00abSociedad\u00bb","block_context":{"text":"Sociedad","link":"https:\/\/www.24baires.com\/?cat=1"},"img":{"alt_text":"","src":"","width":0,"height":0},"classes":[]},{"id":17436,"url":"https:\/\/www.24baires.com\/?p=17436","url_meta":{"origin":5748,"position":5},"title":"El Diputado Feli\u00fa expuso dos proyectos para agilizar los tr\u00e1mites de adopci\u00f3n","author":"AF","date":"04\/03\/2013","format":false,"excerpt":"El Diputado Provincial del Frente para la Victoria, Marcelo Feli\u00fa, expuso los dos nuevos proyectos que entraron a la c\u00e1mara baja bonaerense con el objetivo de agilizar la resoluci\u00f3n de los tr\u00e1mites de adopci\u00f3n, y expres\u00f3 que \u201cpretendemos que desde el primer momento que hay un ni\u00f1o en situaci\u00f3n vulnerabilidad,\u2026","rel":"","context":"En \u00abSociedad\u00bb","block_context":{"text":"Sociedad","link":"https:\/\/www.24baires.com\/?cat=1"},"img":{"alt_text":"","src":"","width":0,"height":0},"classes":[]}],"jetpack_sharing_enabled":true,"jetpack_likes_enabled":true,"_links":{"self":[{"href":"https:\/\/www.24baires.com\/index.php?rest_route=\/wp\/v2\/posts\/5748","targetHints":{"allow":["GET"]}}],"collection":[{"href":"https:\/\/www.24baires.com\/index.php?rest_route=\/wp\/v2\/posts"}],"about":[{"href":"https:\/\/www.24baires.com\/index.php?rest_route=\/wp\/v2\/types\/post"}],"author":[{"embeddable":true,"href":"https:\/\/www.24baires.com\/index.php?rest_route=\/wp\/v2\/users\/11"}],"replies":[{"embeddable":true,"href":"https:\/\/www.24baires.com\/index.php?rest_route=%2Fwp%2Fv2%2Fcomments&post=5748"}],"version-history":[{"count":3,"href":"https:\/\/www.24baires.com\/index.php?rest_route=\/wp\/v2\/posts\/5748\/revisions"}],"predecessor-version":[{"id":5754,"href":"https:\/\/www.24baires.com\/index.php?rest_route=\/wp\/v2\/posts\/5748\/revisions\/5754"}],"wp:attachment":[{"href":"https:\/\/www.24baires.com\/index.php?rest_route=%2Fwp%2Fv2%2Fmedia&parent=5748"}],"wp:term":[{"taxonomy":"category","embeddable":true,"href":"https:\/\/www.24baires.com\/index.php?rest_route=%2Fwp%2Fv2%2Fcategories&post=5748"},{"taxonomy":"post_tag","embeddable":true,"href":"https:\/\/www.24baires.com\/index.php?rest_route=%2Fwp%2Fv2%2Ftags&post=5748"}],"curies":[{"name":"wp","href":"https:\/\/api.w.org\/{rel}","templated":true}]}}