{"id":57436,"date":"2014-11-20T16:00:45","date_gmt":"2014-11-20T19:00:45","guid":{"rendered":"http:\/\/www.24baires.com\/?p=57436"},"modified":"2014-11-20T15:31:26","modified_gmt":"2014-11-20T18:31:26","slug":"carrio-no-esta-loca-es-solo-una-agente-de-caos","status":"publish","type":"post","link":"https:\/\/www.24baires.com\/?p=57436","title":{"rendered":"Carri\u00f3 no est\u00e1 loca, es s\u00f3lo una Agente de Caos"},"content":{"rendered":"<p><img data-recalc-dims=\"1\" loading=\"lazy\" decoding=\"async\" class=\"aligncenter size-full wp-image-2388\" src=\"https:\/\/i0.wp.com\/www.24baires.com\/wp-content\/uploads\/2012\/10\/carrio.jpg?resize=560%2C248\" alt=\"carrio\" width=\"560\" height=\"248\" srcset=\"https:\/\/i0.wp.com\/www.24baires.com\/wp-content\/uploads\/2012\/10\/carrio.jpg?w=560&amp;ssl=1 560w, https:\/\/i0.wp.com\/www.24baires.com\/wp-content\/uploads\/2012\/10\/carrio.jpg?resize=300%2C132&amp;ssl=1 300w\" sizes=\"auto, (max-width: 560px) 100vw, 560px\" \/>Cada tanto hay un eclipse, cada tanto llega el Mundial de f\u00fatbol, cada tanto las hojas se caen de los \u00e1rboles que las ver\u00e1n renacer con el tiempo y, cada tanto, Carri\u00f3 abandona un partido pol\u00edtico o un frente electoral que ayud\u00f3 a construir. Es c\u00edclico. No sorprende, ser\u00eda como asombrarse por la inevitable llegada del verano el 21 de diciembre. Sabemos que va a pasar. Son noticias escritas a las que s\u00f3lo se le deben retocar las fechas y alg\u00fan que otro nombre propio. <!--more--><\/p>\n<p>Es que Lilita es la S\u00f3crates de la pol\u00edtica argentina: a ella no la envenenan, se toma la cicuta sola, pero, a diferencia del pobre fil\u00f3sofo, renace en otro lado, cada vez m\u00e1s deformada y distorsionada que antes.<br \/>\nA veces me pregunto c\u00f3mo Elisa lleg\u00f3 a convertirse en este revoltijo amoral carente de ideolog\u00eda que es hoy. Me pregunto c\u00f3mo lleg\u00f3 a ser esta pieza de la derecha que desborda pragmatismo e iron\u00eda y que es tomada meramente como un chiste cada vez que se expresa y habla en ese c\u00f3digo de secta diab\u00f3lica que se invent\u00f3. Creo que la respuesta m\u00e1s plausible es que siempre haya sido as\u00ed, que finge todo el tiempo, todo. Que cuando dice \u201cNo se preocupen si me ven enojada, soy una estratega, se cuando hacerlo y cuando no\u201d, es la \u00fanica vez que atina a decir la verdad.<br \/>\nAhora se fue dando, -cu\u00e1ndo no-, un portazo del Frente UNEN. Porque ella quiere a Macri dentro, porque ella quiere ganar alguna vez una elecci\u00f3n y porque est\u00e1 dispuesta a hacer y decir cualquier cosa con tal de logarlo. En la UCR, en el Cinismo, el binnerismo y en el Gen no tienen esa vocaci\u00f3n devoradora de poder que Carri\u00f3 ha hecho bandera sobre todo este \u00faltimo a\u00f1o y que parece estarla consumiendo como una vela con pabilo largo.<br \/>\nLos radicales y objetos voladores identificados en sus cercan\u00edas, son v\u00edrgenes que desean al menos ser acariciadas por ese poder que anhelan con desesperaci\u00f3n como el hambriento desea un trozo de pan, pero como se creen la fuerza \u00e9tica de un pueblo que ni siquiera se siente representado por ellos, como se creen al bar\u00f3metro moral de la patria, hacen alianzas horribles con ese discurso purista que ya gastaron (No olvidemos el acuerdo electoral con De Narv\u00e1ez), pero no asumen que ya no son lo que alguna vez fueron y que, si bien para muchos pol\u00edticos sigue vivo en sus ense\u00f1anzas, para ellos Ra\u00fal Alfons\u00edn est\u00e1 muerto y enterrado. Por eso hacen gui\u00f1os hist\u00e9ricos a la derecha, pero cuando la derecha se embeleza y se acerca, se rasgan las vestiduras y gritan como cerdo en matadero.<br \/>\nCuando la UCR compra el pantal\u00f3n, Carri\u00f3 ya lo hizo bermudas. Es as\u00ed. Y aunque Lilita ya no canta Hasta siempre comandante rasgando una vieja guitarra y ahora se lava el pelo todos los d\u00edas, se ti\u00f1e bien, se viste caro y se atraca de cama solar, va un paso delante de ellos. O, mejor dicho, el UNEN va un paso detr\u00e1s de todos. Porque prefieren creerse lo que no son y porque siempre van a suponerse mejores que los dem\u00e1s.<br \/>\nSi bien Carri\u00f3 en eso es igual a ellos, (Recordemos que viene de ah\u00ed y ella sigue reconoci\u00e9ndose radical), es un peligro porque no tiene ning\u00fan tipo de ideolog\u00eda, entonces es un arma de destrucci\u00f3n masiva cada vez que abre la boca frente a un micr\u00f3fono. Porque la han subestimado sus ex correligionarios y Carri\u00f3 poco a poco, elecci\u00f3n tras elecci\u00f3n, lo \u00fanico que s\u00ed logra es destruir un poco m\u00e1s a la UCR. Implotarla, con la ayuda inconciente de los radicales. Porque ella obra s\u00f3lo para s\u00ed misma, si tiene que operar con el Monopolio Medi\u00e1tico de Clar\u00edn se abraza a Magneto, si tiene que acordar con la oligarqu\u00eda del campo se cuelga la cucarda en La Rural, si tiene que ultraderechizarse se le sube a cococho a Macri y aplaude desde ah\u00ed arriba para que los vean, si tiene oponerse a todo, porque s\u00ed, hasta es capaz de viajar a EEUU y abrazarse a la bandera imperialista. Lo ha hecho.<br \/>\nPorque Carri\u00f3 es anarqu\u00eda, es un laberinto de personajes, es un galimat\u00edas de recursos pol\u00edticos para estar siempre vigente. Porque Carri\u00f3 no est\u00e1 loca, es s\u00f3lo una Agente de Caos. Y el Caos quiere ganar en 2015.<\/p>\n<p>&nbsp;<\/p>\n<p>&nbsp;<\/p>\n<p>&nbsp;<\/p>\n<p>&nbsp;<\/p>\n<p>&nbsp;<\/p>\n<p>&nbsp;<\/p>\n<p>&nbsp;<\/p>\n<p>&nbsp;<\/p>\n<p>&nbsp;<\/p>\n<p>&nbsp;<\/p>\n<p>&nbsp;<\/p>\n<p>&nbsp;<\/p>\n","protected":false},"excerpt":{"rendered":"<p>Cada tanto hay un eclipse, cada tanto llega el Mundial de f\u00fatbol, cada tanto las hojas se caen de los \u00e1rboles que las ver\u00e1n renacer con el tiempo y, cada tanto, Carri\u00f3 abandona un partido pol\u00edtico o un frente electoral que ayud\u00f3 a construir. Es c\u00edclico. No sorprende, ser\u00eda como asombrarse por la inevitable llegada del verano el 21 de [&#8230;]<\/p>\n","protected":false},"author":8,"featured_media":0,"comment_status":"open","ping_status":"open","sticky":false,"template":"","format":"standard","meta":{"_jetpack_newsletter_access":"","_jetpack_dont_email_post_to_subs":false,"_jetpack_newsletter_tier_id":0,"_jetpack_memberships_contains_paywalled_content":false,"_jetpack_memberships_contains_paid_content":false,"footnotes":""},"categories":[64],"tags":[],"class_list":["post-57436","post","type-post","status-publish","format-standard","hentry","category-opinion"],"jetpack_featured_media_url":"","jetpack_shortlink":"https:\/\/wp.me\/p2JWE0-eWo","jetpack-related-posts":[{"id":57554,"url":"https:\/\/www.24baires.com\/?p=57554","url_meta":{"origin":57436,"position":0},"title":"Pro y Carri\u00f3, un solo coraz\u00f3n","author":"Grupo Sierra","date":"22\/11\/2014","format":false,"excerpt":"Tanto el l\u00edder del espacio, Mauricio Macri, como Laura Alonso, Guillermo Montenegro o Federico Sturzenegger, dieron se\u00f1ales de acercamiento a la diputada. Tras su abrupta salida del Frente UNEN y de cara a un posible acercamiento, se multiplican los elogios del PRO hacia la diputada Elisa Carri\u00f3. Por un lado,\u2026","rel":"","context":"En \u00abPol\u00edtica\u00bb","block_context":{"text":"Pol\u00edtica","link":"https:\/\/www.24baires.com\/?cat=51"},"img":{"alt_text":"macri carri\u00f3","src":"https:\/\/i0.wp.com\/www.24baires.com\/wp-content\/uploads\/2014\/08\/macri-carri%C3%B3.jpg?resize=350%2C200","width":350,"height":200,"srcset":"https:\/\/i0.wp.com\/www.24baires.com\/wp-content\/uploads\/2014\/08\/macri-carri%C3%B3.jpg?resize=350%2C200 1x, https:\/\/i0.wp.com\/www.24baires.com\/wp-content\/uploads\/2014\/08\/macri-carri%C3%B3.jpg?resize=525%2C300 1.5x"},"classes":[]},{"id":29214,"url":"https:\/\/www.24baires.com\/?p=29214","url_meta":{"origin":57436,"position":1},"title":"Carri\u00f3, desembozada, le pega hasta a sus propios compa\u00f1eros de lista","author":"AF","date":"30\/07\/2013","format":false,"excerpt":"Es la vieja historia del escorpi\u00f3n. Ese que deb\u00eda cruzar el r\u00edo y, como los escorpiones no nadan, no pod\u00eda. Una rana se ofreci\u00f3 a ayudarlo a llegar a la otra orilla, el escorpi\u00f3n subi\u00f3 a su lomo prometiendo no hacerle da\u00f1o y empezaron a cruzar el r\u00edo. A mitad\u2026","rel":"","context":"En \u00abOpini\u00f3n\u00bb","block_context":{"text":"Opini\u00f3n","link":"https:\/\/www.24baires.com\/?cat=64"},"img":{"alt_text":"FORO INTERNACIONAL DE MUJERES","src":"https:\/\/i0.wp.com\/www.24baires.com\/wp-content\/uploads\/2013\/05\/carri%C3%B3.jpg?resize=350%2C200","width":350,"height":200},"classes":[]},{"id":28800,"url":"https:\/\/www.24baires.com\/?p=28800","url_meta":{"origin":57436,"position":2},"title":"Tres Spots de Campa\u00f1a Tres","author":"AF","date":"23\/07\/2013","format":false,"excerpt":"Tres spots publicitarios electorales para analizar. S\u00f3lo tres, porque en esos poquitos ya hay mucho, demasiado. El de Sergio Massa, el de Hermes Binner y el de Carri\u00f3. Hay otros dando vuelta, como el de Cavallo, pero tampoco hay que atentar contra uno mismo. Todo en su medida y armoniosamente.\u2026","rel":"","context":"En \u00abOpini\u00f3n\u00bb","block_context":{"text":"Opini\u00f3n","link":"https:\/\/www.24baires.com\/?cat=64"},"img":{"alt_text":"chori binner","src":"https:\/\/i0.wp.com\/www.24baires.com\/wp-content\/uploads\/2013\/07\/chori-binner.jpg?resize=350%2C200","width":350,"height":200,"srcset":"https:\/\/i0.wp.com\/www.24baires.com\/wp-content\/uploads\/2013\/07\/chori-binner.jpg?resize=350%2C200 1x, https:\/\/i0.wp.com\/www.24baires.com\/wp-content\/uploads\/2013\/07\/chori-binner.jpg?resize=525%2C300 1.5x"},"classes":[]},{"id":51666,"url":"https:\/\/www.24baires.com\/?p=51666","url_meta":{"origin":57436,"position":3},"title":"El Frente Unen volvi\u00f3 a asegurar que seguir\u00e1 unido","author":"GB","date":"12\/08\/2014","format":false,"excerpt":"A trav\u00e9s de un comunicado, habl\u00f3 sobre las diferencias en torno a la inclusi\u00f3n del macrismo y asegur\u00f3 que dirimir\u00e1 esa disidencia \"democr\u00e1ticamente. En un intento por poner pa\u00f1os fr\u00edos, la mesa nacional de UNEN ratific\u00f3 este martes la decisi\u00f3n de continuar \"juntos\" con un debate \"entre honestos, sin hipocres\u00edas\"\u2026","rel":"","context":"En \u00abPol\u00edtica\u00bb","block_context":{"text":"Pol\u00edtica","link":"https:\/\/www.24baires.com\/?cat=51"},"img":{"alt_text":"unen 1","src":"https:\/\/i0.wp.com\/www.24baires.com\/wp-content\/uploads\/2014\/08\/unen-1.jpg?resize=350%2C200","width":350,"height":200,"srcset":"https:\/\/i0.wp.com\/www.24baires.com\/wp-content\/uploads\/2014\/08\/unen-1.jpg?resize=350%2C200 1x, https:\/\/i0.wp.com\/www.24baires.com\/wp-content\/uploads\/2014\/08\/unen-1.jpg?resize=525%2C300 1.5x"},"classes":[]},{"id":108185,"url":"https:\/\/www.24baires.com\/?p=108185","url_meta":{"origin":57436,"position":4},"title":"Cambiemos al rojo vivo: cruces violentos entre Carri\u00f3 y Marcos Pe\u00f1a","author":"AF","date":"15\/05\/2019","format":false,"excerpt":"La diputada cuestion\u00f3 con dureza a Frigerio y Bullrich tras la derrota en C\u00f3rdoba. Solo reconoci\u00f3 a Rodr\u00edguez Larreta y Vidal. En Cambiemos siguieron comiendo facturas. Pases de factura. La l\u00edder de la Coalici\u00f3n C\u00edvica, Elisa Carri\u00f3, respondi\u00f3 al Gobierno por el malestar con sus cr\u00edticas tras la elecci\u00f3n de\u2026","rel":"","context":"En \u00abPol\u00edtica\u00bb","block_context":{"text":"Pol\u00edtica","link":"https:\/\/www.24baires.com\/?cat=51"},"img":{"alt_text":"","src":"https:\/\/i0.wp.com\/www.24baires.com\/wp-content\/uploads\/2019\/05\/carrio-pe%C3%B1a.jpg?resize=350%2C200","width":350,"height":200,"srcset":"https:\/\/i0.wp.com\/www.24baires.com\/wp-content\/uploads\/2019\/05\/carrio-pe%C3%B1a.jpg?resize=350%2C200 1x, https:\/\/i0.wp.com\/www.24baires.com\/wp-content\/uploads\/2019\/05\/carrio-pe%C3%B1a.jpg?resize=525%2C300 1.5x"},"classes":[]},{"id":51678,"url":"https:\/\/www.24baires.com\/?p=51678","url_meta":{"origin":57436,"position":5},"title":"Carri\u00f3: \u00abNo me enoj\u00e9 con Fernando, s\u00f3lo fui a comer pizza\u00bb","author":"Grupo Sierra","date":"12\/08\/2014","format":false,"excerpt":"La diputada y l\u00edder de la Coalici\u00f3n C\u00edvica-ARI, Elisa Carri\u00f3, asegur\u00f3 que no se enoj\u00f3 con Fernando \"Pino\" Solanas y que s\u00f3lo se fue \"a comer pizza\" porque \"no estaba de acuerdo\" con el tono antimacrista del discurso del senador durante el lanzamiento del FAU porte\u00f1o. \"Me retir\u00e9 respetuosa y\u2026","rel":"","context":"En \u00abPol\u00edtica\u00bb","block_context":{"text":"Pol\u00edtica","link":"https:\/\/www.24baires.com\/?cat=51"},"img":{"alt_text":"CARRIO","src":"https:\/\/i0.wp.com\/www.24baires.com\/wp-content\/uploads\/2013\/05\/CARRIO.jpg?resize=350%2C200","width":350,"height":200,"srcset":"https:\/\/i0.wp.com\/www.24baires.com\/wp-content\/uploads\/2013\/05\/CARRIO.jpg?resize=350%2C200 1x, https:\/\/i0.wp.com\/www.24baires.com\/wp-content\/uploads\/2013\/05\/CARRIO.jpg?resize=525%2C300 1.5x"},"classes":[]}],"jetpack_sharing_enabled":true,"jetpack_likes_enabled":true,"_links":{"self":[{"href":"https:\/\/www.24baires.com\/index.php?rest_route=\/wp\/v2\/posts\/57436","targetHints":{"allow":["GET"]}}],"collection":[{"href":"https:\/\/www.24baires.com\/index.php?rest_route=\/wp\/v2\/posts"}],"about":[{"href":"https:\/\/www.24baires.com\/index.php?rest_route=\/wp\/v2\/types\/post"}],"author":[{"embeddable":true,"href":"https:\/\/www.24baires.com\/index.php?rest_route=\/wp\/v2\/users\/8"}],"replies":[{"embeddable":true,"href":"https:\/\/www.24baires.com\/index.php?rest_route=%2Fwp%2Fv2%2Fcomments&post=57436"}],"version-history":[{"count":1,"href":"https:\/\/www.24baires.com\/index.php?rest_route=\/wp\/v2\/posts\/57436\/revisions"}],"predecessor-version":[{"id":57437,"href":"https:\/\/www.24baires.com\/index.php?rest_route=\/wp\/v2\/posts\/57436\/revisions\/57437"}],"wp:attachment":[{"href":"https:\/\/www.24baires.com\/index.php?rest_route=%2Fwp%2Fv2%2Fmedia&parent=57436"}],"wp:term":[{"taxonomy":"category","embeddable":true,"href":"https:\/\/www.24baires.com\/index.php?rest_route=%2Fwp%2Fv2%2Fcategories&post=57436"},{"taxonomy":"post_tag","embeddable":true,"href":"https:\/\/www.24baires.com\/index.php?rest_route=%2Fwp%2Fv2%2Ftags&post=57436"}],"curies":[{"name":"wp","href":"https:\/\/api.w.org\/{rel}","templated":true}]}}