{"id":5741,"date":"2012-11-16T09:20:16","date_gmt":"2012-11-16T12:20:16","guid":{"rendered":"http:\/\/www.24baires.com\/?p=5741"},"modified":"2012-11-16T20:59:19","modified_gmt":"2012-11-16T23:59:19","slug":"realizan-campana-gratuita-de-deteccion-de-cataratas-en-florencio-varela","status":"publish","type":"post","link":"https:\/\/www.24baires.com\/?p=5741","title":{"rendered":"Realizan campa\u00f1a gratuita de detecci\u00f3n de cataratas en Florencio Varela"},"content":{"rendered":"<p><img data-recalc-dims=\"1\" loading=\"lazy\" decoding=\"async\" class=\"alignleft size-medium wp-image-5742\" title=\"cruce\" src=\"https:\/\/i0.wp.com\/www.24baires.com\/wp-content\/uploads\/2012\/11\/cruce.jpg?resize=300%2C198\" alt=\"\" width=\"300\" height=\"198\" srcset=\"https:\/\/i0.wp.com\/www.24baires.com\/wp-content\/uploads\/2012\/11\/cruce.jpg?resize=300%2C198&amp;ssl=1 300w, https:\/\/i0.wp.com\/www.24baires.com\/wp-content\/uploads\/2012\/11\/cruce.jpg?w=560&amp;ssl=1 560w\" sizes=\"auto, (max-width: 300px) 100vw, 300px\" \/>Los d\u00edas 19 y 20 de noviembre se realizar\u00e1 la acci\u00f3n oftalmol\u00f3gica en el Centro de Integraci\u00f3n Comunitaria (CIC) de El Roc\u00edo en la localidad de Bosques de Florencio Varela.\u00a0La iniciativa es organizada por el Servicio de Oftalmolog\u00eda del hospital El Cruce, Alta Complejidad en red \u00abN\u00e9stor Kirchner\u00bb y la Secretar\u00eda de Salud de ese municipio bonaerense.<!--more--><\/p>\n<p>Oftalm\u00f3logos del hospital El Cruce N\u00e9stor Kirchner, del partido bonaerense de Florencio Varela, realizar\u00e1n la semana pr\u00f3xima una campa\u00f1a gratuita de detecci\u00f3n de cataratas, en el CIC de El Roc\u00edo, en la localidad de Bosques.<\/p>\n<p>El hospital precis\u00f3 que la campa\u00f1a se har\u00e1 el lunes y martes pr\u00f3ximo de 9 a 14 en el CIC de El Roc\u00edo, ubicado en Chascom\u00fas y Lobos en Bosques y est\u00e1 destinada a detectar casos de cataratas en pacientes mayores de 60 a\u00f1os.<\/p>\n<p>Indic\u00f3 que esos pacientes podr\u00e1n ser operados en el hospital y se\u00f1al\u00f3 que para acceder a las revisaciones, el \u00fanico requisito es ser mayor de 60 a\u00f1os o tener diagn\u00f3stico de catarata quir\u00fargica previa y presentar el DNI.<\/p>\n<p>Para hacer la consulta, se aconsej\u00f3 tener en cuenta si se perciben im\u00e1genes con neblina, se pierde el contraste con los diferentes colores o en algunos casos, ver im\u00e1genes dobles o percibir s\u00f3lo sombras o bultos.<\/p>\n<p>&nbsp;<\/p>\n<p>&nbsp;<\/p>\n<p>&nbsp;<\/p>\n<p>&nbsp;<\/p>\n<p>&nbsp;<\/p>\n","protected":false},"excerpt":{"rendered":"<p>Los d\u00edas 19 y 20 de noviembre se realizar\u00e1 la acci\u00f3n oftalmol\u00f3gica en el Centro de Integraci\u00f3n Comunitaria (CIC) de El Roc\u00edo en la localidad de Bosques de Florencio Varela.\u00a0La iniciativa es organizada por el Servicio de Oftalmolog\u00eda del hospital El Cruce, Alta Complejidad en red \u00abN\u00e9stor Kirchner\u00bb y la Secretar\u00eda de Salud de ese municipio bonaerense.<\/p>\n","protected":false},"author":11,"featured_media":0,"comment_status":"open","ping_status":"open","sticky":false,"template":"","format":"standard","meta":{"_jetpack_newsletter_access":"","_jetpack_dont_email_post_to_subs":false,"_jetpack_newsletter_tier_id":0,"_jetpack_memberships_contains_paywalled_content":false,"_jetpack_memberships_contains_paid_content":false,"footnotes":""},"categories":[1],"tags":[],"class_list":["post-5741","post","type-post","status-publish","format-standard","hentry","category-sociedad"],"jetpack_featured_media_url":"","jetpack_shortlink":"https:\/\/wp.me\/p2JWE0-1uB","jetpack-related-posts":[{"id":35006,"url":"https:\/\/www.24baires.com\/?p=35006","url_meta":{"origin":5741,"position":0},"title":"Boudou asegur\u00f3 que en Argentina hay \u00abpol\u00edticas de pa\u00eds, integrales\u00bb","author":"GB","date":"11\/11\/2013","format":false,"excerpt":"FLORENCIO VARELA-\u00a0El vicepresidente de la Naci\u00f3n en ejercicio del Poder Ejecutivo, Amado Boudou, reafirm\u00f3 hoy que en el pa\u00eds \"hay una pol\u00edtica de Estado que marca crecimiento con inclusi\u00f3n social\", al tiempo que celebr\u00f3 el inminente regreso a la actividad de la presidenta Cristina Fern\u00e1ndez de Kirchner, quien recibi\u00f3 el\u2026","rel":"","context":"En \u00abPol\u00edtica\u00bb","block_context":{"text":"Pol\u00edtica","link":"https:\/\/www.24baires.com\/?cat=51"},"img":{"alt_text":"boudou fv","src":"https:\/\/i0.wp.com\/www.24baires.com\/wp-content\/uploads\/2013\/11\/boudou-fv.jpg?resize=350%2C200","width":350,"height":200,"srcset":"https:\/\/i0.wp.com\/www.24baires.com\/wp-content\/uploads\/2013\/11\/boudou-fv.jpg?resize=350%2C200 1x, https:\/\/i0.wp.com\/www.24baires.com\/wp-content\/uploads\/2013\/11\/boudou-fv.jpg?resize=525%2C300 1.5x"},"classes":[]},{"id":16911,"url":"https:\/\/www.24baires.com\/?p=16911","url_meta":{"origin":5741,"position":1},"title":"Encontr\u00f3 a su mujer teniendo sexo con su amante y lo mat\u00f3 de cuatro balazos","author":"AF","date":"27\/02\/2013","format":false,"excerpt":"FLORENCIO VARELA - Un suboficial retirado del Servicio Penitenciario Bonaerense asesin\u00f3 a balazos al amante de su esposa, tras sorprenderlos en pleno acto sexual. El hecho ocurri\u00f3 en la localidad de Bosques, en el partido de Florencio Varela, y el asesino,que en la actualidad trabajaba como custodio privado, tambi\u00e9n hiri\u00f3\u2026","rel":"","context":"En \u00abPoliciales\u00bb","block_context":{"text":"Policiales","link":"https:\/\/www.24baires.com\/?cat=49"},"img":{"alt_text":"","src":"","width":0,"height":0},"classes":[]},{"id":666,"url":"https:\/\/www.24baires.com\/?p=666","url_meta":{"origin":5741,"position":2},"title":"Realizan exitoso trasplante de coraz\u00f3n en hospital de Florencio Varela","author":"Grupo Sierra","date":"28\/09\/2012","format":false,"excerpt":"La complicada cirug\u00eda estuvo a cargo del equipo de trasplante card\u00edaco del Hospital \u201cEl Cruce\u201d, conducido por Alejandro Macha\u00edn y Roberto Grinfeld. El ministro de Salud de la Naci\u00f3n celebr\u00f3 la operaci\u00f3n. El segundo trasplante card\u00edaco realizado en el Hospital \u201cEl Cruce\u2013N\u00e9stor Kirchner\u201d de la localidad bonaerense de Florencio Varela\u2026","rel":"","context":"En \u00abSociedad\u00bb","block_context":{"text":"Sociedad","link":"https:\/\/www.24baires.com\/?cat=1"},"img":{"alt_text":"","src":"","width":0,"height":0},"classes":[]},{"id":27232,"url":"https:\/\/www.24baires.com\/?p=27232","url_meta":{"origin":5741,"position":3},"title":"El hospital El Cruce-N\u00e9stor Kirchner festeja el aniversario de su primer trasplante card\u00edaco","author":"Grupo Sierra","date":"30\/06\/2013","format":false,"excerpt":"El establecimiento de alta complejidad de Florencio Varela celebra ma\u00f1ana el aniversario de la realizaci\u00f3n de su primer trasplante card\u00edaco. Hoy ya son siete las personas intervenidas con estas caracter\u00edsticas, un emblema del rol reparador del Estado en la recuperaci\u00f3n de la salud y la inclusi\u00f3n. El caso result\u00f3 un\u2026","rel":"","context":"En \u00abSociedad\u00bb","block_context":{"text":"Sociedad","link":"https:\/\/www.24baires.com\/?cat=1"},"img":{"alt_text":"hospital-El-Cruce","src":"https:\/\/i0.wp.com\/www.24baires.com\/wp-content\/uploads\/2013\/06\/hospital-El-Cruce.jpg?resize=350%2C200","width":350,"height":200,"srcset":"https:\/\/i0.wp.com\/www.24baires.com\/wp-content\/uploads\/2013\/06\/hospital-El-Cruce.jpg?resize=350%2C200 1x, https:\/\/i0.wp.com\/www.24baires.com\/wp-content\/uploads\/2013\/06\/hospital-El-Cruce.jpg?resize=525%2C300 1.5x"},"classes":[]},{"id":25832,"url":"https:\/\/www.24baires.com\/?p=25832","url_meta":{"origin":5741,"position":4},"title":"Florencio Varela patinar\u00e1 por la donaci\u00f3n de sangre","author":"AF","date":"13\/06\/2013","format":false,"excerpt":"Se trata de una jornada deportiva y solidaria que incluir\u00e1 una colecta de sangre y plaquetas a cargo del servicio de Medicina Transfusional del Hospital El Cruce. Paralelamente, m\u00e1s de 200 personas patinar\u00e1n para concienciar sobre la importancia de brindar su acci\u00f3n solidaria ante la necesidad de otras personas. Con\u2026","rel":"","context":"En \u00abLocales\u00bb","block_context":{"text":"Locales","link":"https:\/\/www.24baires.com\/?cat=38"},"img":{"alt_text":"","src":"","width":0,"height":0},"classes":[]},{"id":28971,"url":"https:\/\/www.24baires.com\/?p=28971","url_meta":{"origin":5741,"position":5},"title":"Construir\u00e1n un centro de medicina traslacional en el Hospital El Cruce de Florencio Varela","author":"AF","date":"26\/07\/2013","format":false,"excerpt":"La medicina traslacional es el traspaso de la ciencia b\u00e1sica a la cl\u00ednica a partir de la traducci\u00f3n de los hallazgos o desarrollos cient\u00edficos realizados en mesas de laboratorios a productos o metodolog\u00edas de la pr\u00e1ctica m\u00e9dica cotidiana. El Ministerio de Ciencia, Tecnolog\u00eda e Innovaci\u00f3n Productiva financiar\u00e1 la construcci\u00f3n de\u2026","rel":"","context":"En \u00abLocales\u00bb","block_context":{"text":"Locales","link":"https:\/\/www.24baires.com\/?cat=38"},"img":{"alt_text":"hospital el cruce","src":"https:\/\/i0.wp.com\/www.24baires.com\/wp-content\/uploads\/2013\/07\/hospital-el-cruce.jpg?resize=350%2C200","width":350,"height":200,"srcset":"https:\/\/i0.wp.com\/www.24baires.com\/wp-content\/uploads\/2013\/07\/hospital-el-cruce.jpg?resize=350%2C200 1x, https:\/\/i0.wp.com\/www.24baires.com\/wp-content\/uploads\/2013\/07\/hospital-el-cruce.jpg?resize=525%2C300 1.5x"},"classes":[]}],"jetpack_sharing_enabled":true,"jetpack_likes_enabled":true,"_links":{"self":[{"href":"https:\/\/www.24baires.com\/index.php?rest_route=\/wp\/v2\/posts\/5741","targetHints":{"allow":["GET"]}}],"collection":[{"href":"https:\/\/www.24baires.com\/index.php?rest_route=\/wp\/v2\/posts"}],"about":[{"href":"https:\/\/www.24baires.com\/index.php?rest_route=\/wp\/v2\/types\/post"}],"author":[{"embeddable":true,"href":"https:\/\/www.24baires.com\/index.php?rest_route=\/wp\/v2\/users\/11"}],"replies":[{"embeddable":true,"href":"https:\/\/www.24baires.com\/index.php?rest_route=%2Fwp%2Fv2%2Fcomments&post=5741"}],"version-history":[{"count":2,"href":"https:\/\/www.24baires.com\/index.php?rest_route=\/wp\/v2\/posts\/5741\/revisions"}],"predecessor-version":[{"id":5744,"href":"https:\/\/www.24baires.com\/index.php?rest_route=\/wp\/v2\/posts\/5741\/revisions\/5744"}],"wp:attachment":[{"href":"https:\/\/www.24baires.com\/index.php?rest_route=%2Fwp%2Fv2%2Fmedia&parent=5741"}],"wp:term":[{"taxonomy":"category","embeddable":true,"href":"https:\/\/www.24baires.com\/index.php?rest_route=%2Fwp%2Fv2%2Fcategories&post=5741"},{"taxonomy":"post_tag","embeddable":true,"href":"https:\/\/www.24baires.com\/index.php?rest_route=%2Fwp%2Fv2%2Ftags&post=5741"}],"curies":[{"name":"wp","href":"https:\/\/api.w.org\/{rel}","templated":true}]}}