{"id":5734,"date":"2012-11-16T20:43:10","date_gmt":"2012-11-16T23:43:10","guid":{"rendered":"http:\/\/www.24baires.com\/?p=5734"},"modified":"2012-11-16T20:43:10","modified_gmt":"2012-11-16T23:43:10","slug":"guillermo-vilas-tendra-su-propia-estatua-en-el-club-nautico-mar-del-plata","status":"publish","type":"post","link":"https:\/\/www.24baires.com\/?p=5734","title":{"rendered":"Guillermo Vilas tendr\u00e1 su propia estatua en el Club Na\u00fatico Mar del Plata"},"content":{"rendered":"<p><img data-recalc-dims=\"1\" loading=\"lazy\" decoding=\"async\" class=\"alignleft  wp-image-5735\" title=\"vilas guillermo\" src=\"https:\/\/i0.wp.com\/www.24baires.com\/wp-content\/uploads\/2012\/11\/vilas-guillermo.jpg?resize=301%2C241\" alt=\"\" width=\"301\" height=\"241\" srcset=\"https:\/\/i0.wp.com\/www.24baires.com\/wp-content\/uploads\/2012\/11\/vilas-guillermo.jpg?w=430&amp;ssl=1 430w, https:\/\/i0.wp.com\/www.24baires.com\/wp-content\/uploads\/2012\/11\/vilas-guillermo.jpg?resize=300%2C240&amp;ssl=1 300w\" sizes=\"auto, (max-width: 301px) 100vw, 301px\" \/>A 35 a\u00f1os de haber ganado los Grand Slam de Roland Garros y el US Open, Guillermo Vilas, el mejor tenista argentino de todos los tiempos recibir\u00e1 un homenaje en el Club N\u00e1utico Mar del Plata el pr\u00f3ximo martes 20 de noviembre, en donde se descubrir\u00e1 una escultura a escala real con su figura.<!--more--><br \/>\nLa misma representa el m\u00edtico rev\u00e9s con top spin del zurdo y estar\u00e1 emplazada en los jardines de la instituci\u00f3n donde Vilas inici\u00f3 su carrera.<br \/>\nLa obra fue realizada por el artista Daniel Masi, quien dedic\u00f3 cerca de ocho meses para concretarla, basado en fotos y videos.<br \/>\nLa idea original y el desarrollo intelectual y pr\u00e1ctico de la iniciativa pertenece al periodista Eduardo Puppo, coautor de la reciente tetralog\u00eda de libros Historia del tenis en la Argentina y creador del Sal\u00f3n de la Fama del tenis argentino.<br \/>\nSobre la obra, su creador, Masi, coment\u00f3 que \u00abla escultura, que lleva costuras de soldadura en su totalidad, pesa poco m\u00e1s de 100 kilos y mide 1.80 metros. Posee una raqueta, que emula la legendaria &#8216;Head Vilas&#8217; con la que Guillermo jug\u00f3 la mayor parte de su carrera\u00bb.<\/p>\n","protected":false},"excerpt":{"rendered":"<p>A 35 a\u00f1os de haber ganado los Grand Slam de Roland Garros y el US Open, Guillermo Vilas, el mejor tenista argentino de todos los tiempos recibir\u00e1 un homenaje en el Club N\u00e1utico Mar del Plata el pr\u00f3ximo martes 20 de noviembre, en donde se descubrir\u00e1 una escultura a escala real con su figura.<\/p>\n","protected":false},"author":11,"featured_media":0,"comment_status":"open","ping_status":"open","sticky":false,"template":"","format":"standard","meta":{"_jetpack_newsletter_access":"","_jetpack_dont_email_post_to_subs":false,"_jetpack_newsletter_tier_id":0,"_jetpack_memberships_contains_paywalled_content":false,"_jetpack_memberships_contains_paid_content":false,"footnotes":""},"categories":[1],"tags":[],"class_list":["post-5734","post","type-post","status-publish","format-standard","hentry","category-sociedad"],"jetpack_featured_media_url":"","jetpack_shortlink":"https:\/\/wp.me\/p2JWE0-1uu","jetpack-related-posts":[{"id":6185,"url":"https:\/\/www.24baires.com\/?p=6185","url_meta":{"origin":5734,"position":0},"title":"Descubrieron la estatua de Guillermo Vilas en el Club N\u00e1utico Mar del Plata","author":"Grupo Sierra","date":"20\/11\/2012","format":false,"excerpt":"El mejor tenista argentino de todos los tiempos fue reconocido este martes por la tarde en la instituci\u00f3n marplatense, a 35 a\u00f1os de su primer t\u00edtulo de Grand Slam. Familiares, amigos, autoridades municipales y del propio club, encabezados por la presidenta Susana Salerno, formaron parte del acto. \u00a0 Guillermo Vilas\u2026","rel":"","context":"En \u00abDeportes\u00bb","block_context":{"text":"Deportes","link":"https:\/\/www.24baires.com\/?cat=12"},"img":{"alt_text":"","src":"https:\/\/i0.wp.com\/www.24baires.com\/wp-content\/uploads\/2012\/11\/Estatua-Vilas5.jpg?resize=350%2C200","width":350,"height":200,"srcset":"https:\/\/i0.wp.com\/www.24baires.com\/wp-content\/uploads\/2012\/11\/Estatua-Vilas5.jpg?resize=350%2C200 1x, https:\/\/i0.wp.com\/www.24baires.com\/wp-content\/uploads\/2012\/11\/Estatua-Vilas5.jpg?resize=525%2C300 1.5x"},"classes":[]},{"id":11362,"url":"https:\/\/www.24baires.com\/?p=11362","url_meta":{"origin":5734,"position":1},"title":"Llegada de la Fragata: la Presidenta encabezar\u00e1 el acto de recibimiento","author":"AF","date":"06\/01\/2013","format":false,"excerpt":"MAR DEL PLATA - Cristina Fern\u00e1ndez de Kirchner encabezar\u00e1 el mi\u00e9rcoles 9 el acto de recibimiento a la Fragata ARA Libertad que arribar\u00e1 al puerto de Mar del Plata procedente de Ghana. Los detalles de c\u00f3mo ser\u00e1 la recepci\u00f3n de la embarcaci\u00f3n insignia de la armada argentina se terminar\u00e1n de\u2026","rel":"","context":"En \u00abSociedad\u00bb","block_context":{"text":"Sociedad","link":"https:\/\/www.24baires.com\/?cat=1"},"img":{"alt_text":"c fern\u00e1ndez","src":"https:\/\/i0.wp.com\/www.24baires.com\/wp-content\/uploads\/2012\/12\/c-fern%C3%A1ndez.jpg?resize=350%2C200","width":350,"height":200},"classes":[]},{"id":115222,"url":"https:\/\/www.24baires.com\/?p=115222","url_meta":{"origin":5734,"position":2},"title":"Salidas recreativas y deportes individuales al aire libre, el nuevo pedido de Montenegro","author":"GB","date":"03\/06\/2020","format":false,"excerpt":"El intendente elev\u00f3 los protocolos para una \"tercera etapa\" en Mar del Plata. \"Esperamos que sean aprobadas r\u00e1pidamente por Provincia y Naci\u00f3n\", indic\u00f3 Salidas recreativas y deportes individuales al aire libre, el nuevo pedido de Montenegro El intendente de General Pueyrredon, Guillermo Montenegro, anunci\u00f3 este martes en conferencia de prensa\u2026","rel":"","context":"En \u00abMunicipios\u00bb","block_context":{"text":"Municipios","link":"https:\/\/www.24baires.com\/?cat=44"},"img":{"alt_text":"","src":"https:\/\/i0.wp.com\/www.24baires.com\/wp-content\/uploads\/2020\/06\/montenegro.jpg?resize=350%2C200","width":350,"height":200,"srcset":"https:\/\/i0.wp.com\/www.24baires.com\/wp-content\/uploads\/2020\/06\/montenegro.jpg?resize=350%2C200 1x, https:\/\/i0.wp.com\/www.24baires.com\/wp-content\/uploads\/2020\/06\/montenegro.jpg?resize=525%2C300 1.5x"},"classes":[]},{"id":96851,"url":"https:\/\/www.24baires.com\/?p=96851","url_meta":{"origin":5734,"position":3},"title":"El Gobierno entrega subsidios a millonarios clubes de golf, n\u00e1uticos y de polo","author":"GB","date":"21\/08\/2017","format":false,"excerpt":"Los subsidios se entregaron bajo el R\u00e9gimen de Promoci\u00f3n de Clubes de Barrio y de Pueblo, que busca promocionar \"las actividades deportivas, socilaes y culturales de \u00edndole barrial\". La Secretar\u00eda de Deporte de la Naci\u00f3n, que depende de la Casa Rosada, entrega subsidios a entidades que no los necesitan, en\u2026","rel":"","context":"En \u00abPol\u00edtica\u00bb","block_context":{"text":"Pol\u00edtica","link":"https:\/\/www.24baires.com\/?cat=51"},"img":{"alt_text":"","src":"","width":0,"height":0},"classes":[]},{"id":7779,"url":"https:\/\/www.24baires.com\/?p=7779","url_meta":{"origin":5734,"position":4},"title":"Chela anunci\u00f3 por Twitter su retiro del Tenis","author":"Grupo Sierra","date":"03\/12\/2012","format":false,"excerpt":"El tenista dej\u00f3 el circuito profesional luego de 14 a\u00f1os y nueve t\u00edtulos entre singles y dobles. \"Despu\u00e9s de muchos a\u00f1os lleg\u00f3 el momento de pasar a otra etapa, me retiro\", revel\u00f3 el bonaerense Juan Ignacio Chela. \"Despu\u00e9s de muchos a\u00f1os lleg\u00f3 el momento de pasar a otra etapa en\u2026","rel":"","context":"En \u00abDeportes\u00bb","block_context":{"text":"Deportes","link":"https:\/\/www.24baires.com\/?cat=12"},"img":{"alt_text":"","src":"https:\/\/i0.wp.com\/www.24baires.com\/wp-content\/uploads\/2012\/12\/chela.jpg?resize=350%2C200","width":350,"height":200,"srcset":"https:\/\/i0.wp.com\/www.24baires.com\/wp-content\/uploads\/2012\/12\/chela.jpg?resize=350%2C200 1x, https:\/\/i0.wp.com\/www.24baires.com\/wp-content\/uploads\/2012\/12\/chela.jpg?resize=525%2C300 1.5x"},"classes":[]},{"id":11284,"url":"https:\/\/www.24baires.com\/?p=11284","url_meta":{"origin":5734,"position":5},"title":"Gran expectativa entre turistas por la llegada de la Fragata Libertad a costas argentinas","author":"AF","date":"05\/01\/2013","format":false,"excerpt":"MAR DEL PLATA - El buque insignia de la Armada, que amarrar\u00e1 el 9 de enero en la Base Naval de Mar del Plata, ha captado el inter\u00e9s de miles de turistas que desean ver de cerca la embarcaci\u00f3n luego de que permaneciera retenida en Ghana. Turistas que pasan sus\u2026","rel":"","context":"En \u00abSociedad\u00bb","block_context":{"text":"Sociedad","link":"https:\/\/www.24baires.com\/?cat=1"},"img":{"alt_text":"fragata libertad","src":"https:\/\/i0.wp.com\/www.24baires.com\/wp-content\/uploads\/2012\/12\/fragata-libertad.jpg?resize=350%2C200","width":350,"height":200},"classes":[]}],"jetpack_sharing_enabled":true,"jetpack_likes_enabled":true,"_links":{"self":[{"href":"https:\/\/www.24baires.com\/index.php?rest_route=\/wp\/v2\/posts\/5734","targetHints":{"allow":["GET"]}}],"collection":[{"href":"https:\/\/www.24baires.com\/index.php?rest_route=\/wp\/v2\/posts"}],"about":[{"href":"https:\/\/www.24baires.com\/index.php?rest_route=\/wp\/v2\/types\/post"}],"author":[{"embeddable":true,"href":"https:\/\/www.24baires.com\/index.php?rest_route=\/wp\/v2\/users\/11"}],"replies":[{"embeddable":true,"href":"https:\/\/www.24baires.com\/index.php?rest_route=%2Fwp%2Fv2%2Fcomments&post=5734"}],"version-history":[{"count":4,"href":"https:\/\/www.24baires.com\/index.php?rest_route=\/wp\/v2\/posts\/5734\/revisions"}],"predecessor-version":[{"id":5740,"href":"https:\/\/www.24baires.com\/index.php?rest_route=\/wp\/v2\/posts\/5734\/revisions\/5740"}],"wp:attachment":[{"href":"https:\/\/www.24baires.com\/index.php?rest_route=%2Fwp%2Fv2%2Fmedia&parent=5734"}],"wp:term":[{"taxonomy":"category","embeddable":true,"href":"https:\/\/www.24baires.com\/index.php?rest_route=%2Fwp%2Fv2%2Fcategories&post=5734"},{"taxonomy":"post_tag","embeddable":true,"href":"https:\/\/www.24baires.com\/index.php?rest_route=%2Fwp%2Fv2%2Ftags&post=5734"}],"curies":[{"name":"wp","href":"https:\/\/api.w.org\/{rel}","templated":true}]}}