{"id":5731,"date":"2012-11-16T20:30:21","date_gmt":"2012-11-16T23:30:21","guid":{"rendered":"http:\/\/www.24baires.com\/?p=5731"},"modified":"2012-11-16T20:30:21","modified_gmt":"2012-11-16T23:30:21","slug":"piden-que-se-efectivicen-los-beneficios-de-la-emergencia-agropecuaria-por-las-inundaciones","status":"publish","type":"post","link":"https:\/\/www.24baires.com\/?p=5731","title":{"rendered":"Piden que se efectivicen los beneficios de la emergencia agropecuaria por las inundaciones"},"content":{"rendered":"<p>Tras la designaci\u00f3n de otros 16 distritos bonaerenses en situaci\u00f3n de emergencia o desastre agropecuario, la Confederaci\u00f3n de Asociaciones Rurales de Buenos Aires y La Pampa (Carbap) solicit\u00f3 que se efectivicen los beneficios para los productores afectados.<!--more--><\/p>\n<p>En di\u00e1logo con InfoGEI, Ignacio Azcueta, delegado de Carbap ante la Comisi\u00f3n de Emergencia y Desastre Agropecuario bonaerense (Cedaba), se\u00f1alo que \u201cal productor le otorgaron la emergencia pero hasta que no est\u00e9 homologada no tiene los beneficios impositivos que representa la ley de emergencia provincial\u201d.<\/p>\n<p>El pedido del sector rural se realiz\u00f3 tras la reuni\u00f3n de la Cedaba que incluy\u00f3 en la declaraci\u00f3n de emergencia por inundaciones a los municipios de Alberti, Chivilcoy, Florentino Ameghino, General Pinto, Jun\u00edn, Leandro N. Alem, Lobos, Navarro, General Villegas, Daireaux, Carlos Pellegrini, Pila Rauch, San Pedro, Trenque Lauquen y 25 de Mayo.<\/p>\n<p>En este sentido, Azcueta afirm\u00f3 que \u201cestamos conformes con la declaraci\u00f3n porque fueron otorgados como hab\u00edamos pedido de las comisiones locales de las sociedades rurales\u201d, pero aclar\u00f3 que el gobierno provincial tiene un atraso en la homologaci\u00f3n de cuatro actas que efectuar\u00edan dicha resoluci\u00f3n.<\/p>\n<p>As\u00ed, de esta forma, se podr\u00edan llevar a cabo los beneficios impositivos que permiten estas declaraciones entre el 1\u00ba de octubre de este a\u00f1o y el 28 de febrero de 2013.<\/p>\n<p>Por un lado, en campos con m\u00e1s del 50 por ciento de su superficie inundada, se accede a pr\u00f3rrogas en el pago de impuestos como el Inmobiliario Rural y la reprogramaci\u00f3n de obligaciones con el Banco Provincia. Por otra parte, en sectores afectados por m\u00e1s del 80 por ciento, se exime directamente del pago de impuestos.<\/p>\n<p>De acuerdo a lo explicado a esta agencia por el delegado de Carbap, ya son en total 60 distritos los que han sido declarados en emergencia y\/o desastre agropecuario\u201d por inundaciones desde septiembre pasado.<\/p>\n<p>\u201cLa situaci\u00f3n de la provincia es muy complicada\u201d, dijo Azcueta al respecto y agreg\u00f3 que \u201cse calcula que m\u00e1s de 9 millones de hect\u00e1reas est\u00e1n bajo agua por lo que la p\u00e9rdida de producci\u00f3n que se calcula en la provincia de Buenos Aires superior a los 8 mil millones de pesos\u201d.<\/p>\n<p>Por otra parte, de acuerdo a evaluaciones presentadas por la Sociedad Rural ante la Comisi\u00f3n de Agricultura de la C\u00e1mara de Diputados, entre las provincias de Buenos Aires, Santa Fe y C\u00f3rdoba \u2013conocidas como la \u201cPampa H\u00fameda\u201d- se habr\u00eda afectado el 44 por ciento de la producci\u00f3n de 2012 por lo que se llegar\u00eda a una perdida total de 11.400 millones de pesos.<\/p>\n<p>Finalmente, el representante de Carbap asegur\u00f3 que \u201clos bonaerenses adem\u00e1s de estar inundados hemos tenido un aumento desigual del impuesto inmobiliario\u201d.<\/p>\n<p><strong>Pr\u00f3ximo encuentro de la Comisi\u00f3n<\/strong><\/p>\n<p>La Comisi\u00f3n de Emergencia y Desastre Agropecuario bonaerense volver\u00e1 a reunirse el 12 de diciembre pr\u00f3ximo con el fin de tratar nuevas solicitudes de otros distritos afectados por el \u00faltimo temporal.<\/p>\n<p>Vale destacar que entidad est\u00e1 integrada por el Ministerio de Asuntos Agrarios bonaerense, ARBA y Banco Provincia.<\/p>\n<p>En cuenta a las representaciones rurales, se han hecho presentes representantes de la Confederaci\u00f3n de Asociaciones Rurales de Buenos Aires y La Pampa (Carbap) y las filiales bonaerenses de Federaci\u00f3n Agraria Argentina (FAA), Sociedad Rural Argentina (SRA) y Coninagro.<\/p>\n<p>&nbsp;<\/p>\n<p>&nbsp;<\/p>\n","protected":false},"excerpt":{"rendered":"<p>Tras la designaci\u00f3n de otros 16 distritos bonaerenses en situaci\u00f3n de emergencia o desastre agropecuario, la Confederaci\u00f3n de Asociaciones Rurales de Buenos Aires y La Pampa (Carbap) solicit\u00f3 que se efectivicen los beneficios para los productores afectados.<\/p>\n","protected":false},"author":11,"featured_media":0,"comment_status":"open","ping_status":"open","sticky":false,"template":"","format":"standard","meta":{"_jetpack_newsletter_access":"","_jetpack_dont_email_post_to_subs":false,"_jetpack_newsletter_tier_id":0,"_jetpack_memberships_contains_paywalled_content":false,"_jetpack_memberships_contains_paid_content":false,"footnotes":""},"categories":[40],"tags":[],"class_list":["post-5731","post","type-post","status-publish","format-standard","hentry","category-provincia"],"jetpack_featured_media_url":"","jetpack_shortlink":"https:\/\/wp.me\/p2JWE0-1ur","jetpack-related-posts":[{"id":15023,"url":"https:\/\/www.24baires.com\/?p=15023","url_meta":{"origin":5731,"position":0},"title":"En nueve distritos m\u00e1s declaran y prorrogan la Emergencia Agropecuaria","author":"AF","date":"08\/02\/2013","format":false,"excerpt":"Un total de nueve distritos de la provincia recibieron declaraciones y pr\u00f3rrogas de emergencias agropecuarias que permitir\u00e1n a los productores afectados por las contingencias clim\u00e1ticas acceder a beneficios impositivos. As\u00ed lo resolvi\u00f3 la Comisi\u00f3n de Emergencia y Desastre Agropecuario bonaerense (Cedaba) que integran la Provincia, la Confederaci\u00f3n de Asociaciones Rurales\u2026","rel":"","context":"En \u00abLocales\u00bb","block_context":{"text":"Locales","link":"https:\/\/www.24baires.com\/?cat=38"},"img":{"alt_text":"","src":"","width":0,"height":0},"classes":[]},{"id":101059,"url":"https:\/\/www.24baires.com\/?p=101059","url_meta":{"origin":5731,"position":1},"title":"El Gobierno convocar\u00e1 a la Comisi\u00f3n de Emergencias por la sequ\u00eda","author":"AF","date":"14\/03\/2018","format":false,"excerpt":"El Gobierno provincial confirm\u00f3 que convocar\u00e1 a una reuni\u00f3n de la Comisi\u00f3n de Emergencia y Desastre Agropecuario (Cedaba), la primera del a\u00f1o, para la \u00faltima semana de marzo, luego de que las entidades rurales reclamaran el encuentro en el marco de la extrema sequ\u00eda que atraviesa gran parte del territorio\u2026","rel":"","context":"En \u00abProvincia\u00bb","block_context":{"text":"Provincia","link":"https:\/\/www.24baires.com\/?cat=40"},"img":{"alt_text":"","src":"https:\/\/i0.wp.com\/www.24baires.com\/wp-content\/uploads\/2014\/01\/sequia.jpeg?resize=350%2C200","width":350,"height":200,"srcset":"https:\/\/i0.wp.com\/www.24baires.com\/wp-content\/uploads\/2014\/01\/sequia.jpeg?resize=350%2C200 1x, https:\/\/i0.wp.com\/www.24baires.com\/wp-content\/uploads\/2014\/01\/sequia.jpeg?resize=525%2C300 1.5x"},"classes":[]},{"id":100887,"url":"https:\/\/www.24baires.com\/?p=100887","url_meta":{"origin":5731,"position":2},"title":"Productores piden que Provincia convoque a la comisi\u00f3n de emergencias por la sequ\u00eda","author":"GB","date":"06\/03\/2018","format":false,"excerpt":"La Confederaci\u00f3n de Asociaciones Rurales de la Provincia de Buenos Aires y La Pampa (Carbap) reclam\u00f3 al Gobierno provincial que convoque a una reuni\u00f3n de la Comisi\u00f3n Provincial de Emergencia y Desastre Agropecuario (Cedaba) para evaluar las solicitudes presentadas por los productores afectados por la sequ\u00eda. \"Venimos reclamando que el\u2026","rel":"","context":"En \u00abProvincia\u00bb","block_context":{"text":"Provincia","link":"https:\/\/www.24baires.com\/?cat=40"},"img":{"alt_text":"","src":"https:\/\/i0.wp.com\/www.24baires.com\/wp-content\/uploads\/2018\/02\/campo-seco-300x200.jpeg?resize=350%2C200","width":350,"height":200},"classes":[]},{"id":10011,"url":"https:\/\/www.24baires.com\/?p=10011","url_meta":{"origin":5731,"position":3},"title":"Siguen las lluvias en el interior de la Provincia: ya son 46 los distritos en Emergencia","author":"AF","date":"21\/12\/2012","format":false,"excerpt":"Un total de 46 distritos del interior bonaerense ya est\u00e1n bajo emergencia agropecuaria por las repetidas inundaciones del \u00faltimo semestre y el a\u00f1o cerrar\u00e1 con una situaci\u00f3n agravada debido a las fuertes lluvias ca\u00eddas en los \u00faltimos d\u00edas. Entre agosto y noviembre, la Comisi\u00f3n de Emergencia y Desastre Agropecuario bonaerense\u2026","rel":"","context":"En \u00abProvincia\u00bb","block_context":{"text":"Provincia","link":"https:\/\/www.24baires.com\/?cat=40"},"img":{"alt_text":"","src":"","width":0,"height":0},"classes":[]},{"id":11697,"url":"https:\/\/www.24baires.com\/?p=11697","url_meta":{"origin":5731,"position":4},"title":"Declararon y prorrogaron la Emergencia Agropecuaria en diez distritos","author":"AF","date":"10\/01\/2013","format":false,"excerpt":"Un total de diez distritos de la provincia recibieron declaraciones y pr\u00f3rrogas de emergencias agropecuarias que permitir\u00e1n a los productores afectados por las contingencias clim\u00e1ticas acceder a beneficios impositivos. As\u00ed lo resolvi\u00f3 la Comisi\u00f3n de Emergencia y Desastre Agropecuario bonaerense (Cedaba) que integran la Provincia, la Confederaci\u00f3n de Asociaciones Rurales\u2026","rel":"","context":"En \u00abLocales\u00bb","block_context":{"text":"Locales","link":"https:\/\/www.24baires.com\/?cat=38"},"img":{"alt_text":"","src":"","width":0,"height":0},"classes":[]},{"id":53148,"url":"https:\/\/www.24baires.com\/?p=53148","url_meta":{"origin":5731,"position":5},"title":"Cada vez m\u00e1s distritos en emergencia agropecuaria","author":"Grupo Sierra","date":"05\/09\/2014","format":false,"excerpt":"M\u00e1s de la mitad de los partidos rurales de la Provincia quedaron abarcados por el estado de alerta a ra\u00edz de las inundaciones que afectan al territorio bonaerense. En las \u00faltimas horas fueron declarados en esa situaci\u00f3n siete nuevos distritos: Chascom\u00fas, Necochea, Balcarce, Benito Ju\u00e1rez, Maip\u00fa, General Viamonte y Jun\u00edn.\u2026","rel":"","context":"En \u00abProvincia\u00bb","block_context":{"text":"Provincia","link":"https:\/\/www.24baires.com\/?cat=40"},"img":{"alt_text":"oeste bonaerense inundado","src":"https:\/\/i0.wp.com\/www.24baires.com\/wp-content\/uploads\/2012\/12\/oeste-bonaerense-inundado.jpg?resize=350%2C200","width":350,"height":200,"srcset":"https:\/\/i0.wp.com\/www.24baires.com\/wp-content\/uploads\/2012\/12\/oeste-bonaerense-inundado.jpg?resize=350%2C200 1x, https:\/\/i0.wp.com\/www.24baires.com\/wp-content\/uploads\/2012\/12\/oeste-bonaerense-inundado.jpg?resize=525%2C300 1.5x"},"classes":[]}],"jetpack_sharing_enabled":true,"jetpack_likes_enabled":true,"_links":{"self":[{"href":"https:\/\/www.24baires.com\/index.php?rest_route=\/wp\/v2\/posts\/5731","targetHints":{"allow":["GET"]}}],"collection":[{"href":"https:\/\/www.24baires.com\/index.php?rest_route=\/wp\/v2\/posts"}],"about":[{"href":"https:\/\/www.24baires.com\/index.php?rest_route=\/wp\/v2\/types\/post"}],"author":[{"embeddable":true,"href":"https:\/\/www.24baires.com\/index.php?rest_route=\/wp\/v2\/users\/11"}],"replies":[{"embeddable":true,"href":"https:\/\/www.24baires.com\/index.php?rest_route=%2Fwp%2Fv2%2Fcomments&post=5731"}],"version-history":[{"count":2,"href":"https:\/\/www.24baires.com\/index.php?rest_route=\/wp\/v2\/posts\/5731\/revisions"}],"predecessor-version":[{"id":5733,"href":"https:\/\/www.24baires.com\/index.php?rest_route=\/wp\/v2\/posts\/5731\/revisions\/5733"}],"wp:attachment":[{"href":"https:\/\/www.24baires.com\/index.php?rest_route=%2Fwp%2Fv2%2Fmedia&parent=5731"}],"wp:term":[{"taxonomy":"category","embeddable":true,"href":"https:\/\/www.24baires.com\/index.php?rest_route=%2Fwp%2Fv2%2Fcategories&post=5731"},{"taxonomy":"post_tag","embeddable":true,"href":"https:\/\/www.24baires.com\/index.php?rest_route=%2Fwp%2Fv2%2Ftags&post=5731"}],"curies":[{"name":"wp","href":"https:\/\/api.w.org\/{rel}","templated":true}]}}