{"id":5728,"date":"2012-11-16T19:57:14","date_gmt":"2012-11-16T22:57:14","guid":{"rendered":"http:\/\/www.24baires.com\/?p=5728"},"modified":"2012-11-16T19:57:14","modified_gmt":"2012-11-16T22:57:14","slug":"espinoza-la-matanza-es-la-capital-industrial-de-la-provincia","status":"publish","type":"post","link":"https:\/\/www.24baires.com\/?p=5728","title":{"rendered":"Espinoza: \u00abLa Matanza es la capital industrial de la Provincia\u00bb"},"content":{"rendered":"<p><img data-recalc-dims=\"1\" loading=\"lazy\" decoding=\"async\" class=\"aligncenter size-full wp-image-5729\" title=\"Indust50\" src=\"https:\/\/i0.wp.com\/www.24baires.com\/wp-content\/uploads\/2012\/11\/Indust50.jpg?resize=560%2C343\" alt=\"\" width=\"560\" height=\"343\" srcset=\"https:\/\/i0.wp.com\/www.24baires.com\/wp-content\/uploads\/2012\/11\/Indust50.jpg?w=560&amp;ssl=1 560w, https:\/\/i0.wp.com\/www.24baires.com\/wp-content\/uploads\/2012\/11\/Indust50.jpg?resize=300%2C183&amp;ssl=1 300w\" sizes=\"auto, (max-width: 560px) 100vw, 560px\" \/><\/p>\n<p>\u00abNos honra que hayan elegido nuestro Distrito para llevar a cabo este congreso. La Matanza es la capital Industrial de la Provincia y somos la capital del trabajo y la producci\u00f3n\u00bb, dijo el Intendente Fernando Espinoza anoche, durante el cierre del 2\u00b0 Congreso Industrial de la Provincia de Buenos Aires, que cont\u00f3 con la presencia del gobernador Scioli.\u00a0<!--more--><\/p>\n<p>El cierre de la jornada, organizada por la Uni\u00f3n Industrial de la Provincia de Buenos Aires, fue presidido por el Gobernador Daniel Scioli, y tuvo lugar en el Hotel Holiday Inn de Ciudad Evita.<\/p>\n<p>\u00abLa Matanza ten\u00eda 3500 industrias en 2003 y hoy tenemos 7200. Generamos en los \u00faltimos a\u00f1os, desde que N\u00e9stor Kirchner lleg\u00f3 a la presidencia y continu\u00f3 con Cristina Fern\u00e1ndez, 200.000 nuevos puestos de trabajo\u00bb, afirm\u00f3 Espinoza.<\/p>\n<p>\u00abYo soy de los que creen que ning\u00fan argentino se puede realizar si la sociedad argentina no se realiza en su conjunto\u00bb, dijo el Intendente y agreg\u00f3 que \u00aben La Matanza trabajamos con los sectores empresariales, con los sectores representantes de los trabajadores y el Estado, articulando y haciendo de equilibrio para buscar los consensos necesarios para generar pol\u00edticas p\u00fablicas que acompa\u00f1en el crecimiento\u00bb.<\/p>\n<p>Por su parte, Daniel Scioli destac\u00f3 la \u00abactitud constructiva de este 2\u00b0 Congreso\u00bb y se refiri\u00f3 al crecimiento del sector empresario, a la responsabilidad social empresaria y la mayor competitividad alcanzada.<\/p>\n<p>\u00abEsta pol\u00edtica nacional que lleva adelante nuestra Presidenta de la Naci\u00f3n es importante para los empresarios en cuanto a la sustituci\u00f3n de importaciones y la conformaci\u00f3n de un vigoroso mercado interno\u00bb, dijo el Gobernador.<\/p>\n<p>Adem\u00e1s, destac\u00f3 que \u00abyo suger\u00ed que este Congreso se realizara aqu\u00ed, porque es el Municipio con m\u00e1s poblaci\u00f3n y que m\u00e1s ha crecido en estos \u00faltimos a\u00f1os\u00bb.<\/p>\n","protected":false},"excerpt":{"rendered":"<p>\u00abNos honra que hayan elegido nuestro Distrito para llevar a cabo este congreso. La Matanza es la capital Industrial de la Provincia y somos la capital del trabajo y la producci\u00f3n\u00bb, dijo el Intendente Fernando Espinoza anoche, durante el cierre del 2\u00b0 Congreso Industrial de la Provincia de Buenos Aires, que cont\u00f3 con la presencia del gobernador Scioli.\u00a0<\/p>\n","protected":false},"author":11,"featured_media":0,"comment_status":"open","ping_status":"open","sticky":false,"template":"","format":"standard","meta":{"_jetpack_newsletter_access":"","_jetpack_dont_email_post_to_subs":false,"_jetpack_newsletter_tier_id":0,"_jetpack_memberships_contains_paywalled_content":false,"_jetpack_memberships_contains_paid_content":false,"footnotes":""},"categories":[38],"tags":[],"class_list":["post-5728","post","type-post","status-publish","format-standard","hentry","category-locales"],"jetpack_featured_media_url":"","jetpack_shortlink":"https:\/\/wp.me\/p2JWE0-1uo","jetpack-related-posts":[{"id":108582,"url":"https:\/\/www.24baires.com\/?p=108582","url_meta":{"origin":5728,"position":0},"title":"Fernando Espinoza confirm\u00f3 que ser\u00e1 candidato a intendente de La Matanza","author":"GB","date":"05\/06\/2019","format":false,"excerpt":"El diputado nacional anuncio que volver\u00e1 a competir por la intendencia en su distrito. Pese a una de las opciones era continuar en el Congreso, en el Plenario de la Militancia de La Matanza los representantes de su espacio le pidieron que vaya por el municipio en las pr\u00f3ximas elecciones.\u2026","rel":"","context":"En \u00abMunicipios\u00bb","block_context":{"text":"Municipios","link":"https:\/\/www.24baires.com\/?cat=44"},"img":{"alt_text":"","src":"https:\/\/i0.wp.com\/www.24baires.com\/wp-content\/uploads\/2013\/10\/espinoza.jpg?resize=350%2C200","width":350,"height":200,"srcset":"https:\/\/i0.wp.com\/www.24baires.com\/wp-content\/uploads\/2013\/10\/espinoza.jpg?resize=350%2C200 1x, https:\/\/i0.wp.com\/www.24baires.com\/wp-content\/uploads\/2013\/10\/espinoza.jpg?resize=525%2C300 1.5x"},"classes":[]},{"id":115026,"url":"https:\/\/www.24baires.com\/?p=115026","url_meta":{"origin":5728,"position":1},"title":"Kicillof destac\u00f3 el \u201cmonitoreo que los intendentes realizan en la Provincia\u201d para reducir contagios","author":"GB","date":"15\/05\/2020","format":false,"excerpt":"El mandatario bonaerense visit\u00f3 el partido de La Matanza en el marco de los trabajos de prevenci\u00f3n para minimizar la propagaci\u00f3n de covid-19. El gobernador de la provincia de Buenos Aires, Axel Kicillof, visit\u00f3 el Centro de Operaciones Municipal (COM) de La Matanza y fue acompa\u00f1ado por el intendente local,\u2026","rel":"","context":"En \u00abProvincia\u00bb","block_context":{"text":"Provincia","link":"https:\/\/www.24baires.com\/?cat=40"},"img":{"alt_text":"","src":"https:\/\/i0.wp.com\/www.24baires.com\/wp-content\/uploads\/2020\/05\/kicillof-intendentes-1.jpg?resize=350%2C200","width":350,"height":200,"srcset":"https:\/\/i0.wp.com\/www.24baires.com\/wp-content\/uploads\/2020\/05\/kicillof-intendentes-1.jpg?resize=350%2C200 1x, https:\/\/i0.wp.com\/www.24baires.com\/wp-content\/uploads\/2020\/05\/kicillof-intendentes-1.jpg?resize=525%2C300 1.5x"},"classes":[]},{"id":121126,"url":"https:\/\/www.24baires.com\/?p=121126","url_meta":{"origin":5728,"position":2},"title":"El 80% de las industrias en La Matanza suspendieron o despidieron personal","author":"GB","date":"19\/03\/2024","format":false,"excerpt":"El alcalde de La Matanza, Fernando Espinoza, abri\u00f3 las sesiones del Deliberante local con un fuerte discurso contra Javier Milei en el que destac\u00f3 el impacto de las pol\u00edticas del libertario en el territorio. En el marco de la apertura de sesiones ordinarias del Honorable Concejo Deliberante, el intendente de\u2026","rel":"","context":"En \u00abMunicipios\u00bb","block_context":{"text":"Municipios","link":"https:\/\/www.24baires.com\/?cat=44"},"img":{"alt_text":"","src":"https:\/\/i0.wp.com\/www.24baires.com\/wp-content\/uploads\/2024\/03\/espinoza.webp?resize=350%2C200","width":350,"height":200,"srcset":"https:\/\/i0.wp.com\/www.24baires.com\/wp-content\/uploads\/2024\/03\/espinoza.webp?resize=350%2C200 1x, https:\/\/i0.wp.com\/www.24baires.com\/wp-content\/uploads\/2024\/03\/espinoza.webp?resize=525%2C300 1.5x, https:\/\/i0.wp.com\/www.24baires.com\/wp-content\/uploads\/2024\/03\/espinoza.webp?resize=700%2C400 2x"},"classes":[]},{"id":107651,"url":"https:\/\/www.24baires.com\/?p=107651","url_meta":{"origin":5728,"position":3},"title":"El peronismo se re\u00fane en Avellaneda","author":"AF","date":"13\/04\/2019","format":false,"excerpt":"Con la excusa de la inauguraci\u00f3n de una pileta ol\u00edmpica climatizada, el peronismo bonaerense busca cerrar filas en Avellaneda. El encuentro partidario se dio horas despu\u00e9s del decreto de Mauricio Macri que no permite las listas colectoras en las pr\u00f3ximas elecciones; y sirve, adem\u00e1s, para mostrar juntos a los dirigentes\u2026","rel":"","context":"En \u00abPol\u00edtica\u00bb","block_context":{"text":"Pol\u00edtica","link":"https:\/\/www.24baires.com\/?cat=51"},"img":{"alt_text":"","src":"https:\/\/i0.wp.com\/www.24baires.com\/wp-content\/uploads\/2019\/04\/peronismo.jpeg?resize=350%2C200","width":350,"height":200,"srcset":"https:\/\/i0.wp.com\/www.24baires.com\/wp-content\/uploads\/2019\/04\/peronismo.jpeg?resize=350%2C200 1x, https:\/\/i0.wp.com\/www.24baires.com\/wp-content\/uploads\/2019\/04\/peronismo.jpeg?resize=525%2C300 1.5x"},"classes":[]},{"id":69999,"url":"https:\/\/www.24baires.com\/?p=69999","url_meta":{"origin":5728,"position":4},"title":"\u00abRecibimos una Provincia desendeudada y queremos contribuir con desarrollo\u00bb","author":"AF","date":"04\/08\/2015","format":false,"excerpt":"El precandidato a gobernador bonaerense por el FpV, Juli\u00e1n Dom\u00ednguez, asegur\u00f3 que Daniel Scioli, precandidato a presidente, deja una provincia con una clase media \"potente, que estudia y se industrializa\". \"Recibimos una provincia absolutamente desendeudada, y con muchas obras realizadas, y esa es una se\u00f1al diferente al gobierno de la\u2026","rel":"","context":"En \u00abElecciones 2015\u00bb","block_context":{"text":"Elecciones 2015","link":"https:\/\/www.24baires.com\/?cat=74"},"img":{"alt_text":"dom\u00ednguez scioli espinoza","src":"https:\/\/i0.wp.com\/www.24baires.com\/wp-content\/uploads\/2015\/07\/dom%C3%ADnguez-scioli-espinoza.jpg?resize=350%2C200","width":350,"height":200,"srcset":"https:\/\/i0.wp.com\/www.24baires.com\/wp-content\/uploads\/2015\/07\/dom%C3%ADnguez-scioli-espinoza.jpg?resize=350%2C200 1x, https:\/\/i0.wp.com\/www.24baires.com\/wp-content\/uploads\/2015\/07\/dom%C3%ADnguez-scioli-espinoza.jpg?resize=525%2C300 1.5x"},"classes":[]},{"id":114935,"url":"https:\/\/www.24baires.com\/?p=114935","url_meta":{"origin":5728,"position":5},"title":"Kicillof recibi\u00f3 a intendentes oficialistas de la Tercera Secci\u00f3n","author":"AF","date":"06\/05\/2020","format":false,"excerpt":"El gobernador estuvo con Fernando Espinoza, Jorge Ferraresi, Juan Jos\u00e9 Mussi, Mario Secco, Mart\u00edn Insaurralde y Mariano Cascallares. El gobernador bonaerense, Axel Kicillof, viene manteniendo una serie de encuentros con intendentes para evaluar la continuidad de la ayuda financiera de la Provincia a los municipios frente a la crisis que\u2026","rel":"","context":"En \u00abProvincia\u00bb","block_context":{"text":"Provincia","link":"https:\/\/www.24baires.com\/?cat=40"},"img":{"alt_text":"","src":"https:\/\/i0.wp.com\/www.24baires.com\/wp-content\/uploads\/2020\/05\/kicillof-intendentes.jpg?resize=350%2C200","width":350,"height":200,"srcset":"https:\/\/i0.wp.com\/www.24baires.com\/wp-content\/uploads\/2020\/05\/kicillof-intendentes.jpg?resize=350%2C200 1x, https:\/\/i0.wp.com\/www.24baires.com\/wp-content\/uploads\/2020\/05\/kicillof-intendentes.jpg?resize=525%2C300 1.5x"},"classes":[]}],"jetpack_sharing_enabled":true,"jetpack_likes_enabled":true,"_links":{"self":[{"href":"https:\/\/www.24baires.com\/index.php?rest_route=\/wp\/v2\/posts\/5728","targetHints":{"allow":["GET"]}}],"collection":[{"href":"https:\/\/www.24baires.com\/index.php?rest_route=\/wp\/v2\/posts"}],"about":[{"href":"https:\/\/www.24baires.com\/index.php?rest_route=\/wp\/v2\/types\/post"}],"author":[{"embeddable":true,"href":"https:\/\/www.24baires.com\/index.php?rest_route=\/wp\/v2\/users\/11"}],"replies":[{"embeddable":true,"href":"https:\/\/www.24baires.com\/index.php?rest_route=%2Fwp%2Fv2%2Fcomments&post=5728"}],"version-history":[{"count":1,"href":"https:\/\/www.24baires.com\/index.php?rest_route=\/wp\/v2\/posts\/5728\/revisions"}],"predecessor-version":[{"id":5730,"href":"https:\/\/www.24baires.com\/index.php?rest_route=\/wp\/v2\/posts\/5728\/revisions\/5730"}],"wp:attachment":[{"href":"https:\/\/www.24baires.com\/index.php?rest_route=%2Fwp%2Fv2%2Fmedia&parent=5728"}],"wp:term":[{"taxonomy":"category","embeddable":true,"href":"https:\/\/www.24baires.com\/index.php?rest_route=%2Fwp%2Fv2%2Fcategories&post=5728"},{"taxonomy":"post_tag","embeddable":true,"href":"https:\/\/www.24baires.com\/index.php?rest_route=%2Fwp%2Fv2%2Ftags&post=5728"}],"curies":[{"name":"wp","href":"https:\/\/api.w.org\/{rel}","templated":true}]}}