{"id":5718,"date":"2012-11-16T17:06:39","date_gmt":"2012-11-16T20:06:39","guid":{"rendered":"http:\/\/www.24baires.com\/?p=5718"},"modified":"2012-11-16T17:06:39","modified_gmt":"2012-11-16T20:06:39","slug":"aprueban-una-prorroga-para-las-licencias-de-conducir-por-los-retrasos-en-la-imprenta","status":"publish","type":"post","link":"https:\/\/www.24baires.com\/?p=5718","title":{"rendered":"Aprueban una pr\u00f3rroga para las licencias de conducir por los retrasos en la imprenta"},"content":{"rendered":"<p><img data-recalc-dims=\"1\" loading=\"lazy\" decoding=\"async\" class=\"alignleft size-medium wp-image-5719\" title=\"registros conducir\" src=\"https:\/\/i0.wp.com\/www.24baires.com\/wp-content\/uploads\/2012\/11\/registros-conducir.jpg?resize=300%2C200\" alt=\"\" width=\"300\" height=\"200\" srcset=\"https:\/\/i0.wp.com\/www.24baires.com\/wp-content\/uploads\/2012\/11\/registros-conducir.jpg?resize=300%2C200&amp;ssl=1 300w, https:\/\/i0.wp.com\/www.24baires.com\/wp-content\/uploads\/2012\/11\/registros-conducir.jpg?w=352&amp;ssl=1 352w\" sizes=\"auto, (max-width: 300px) 100vw, 300px\" \/>El Senado bonaerense aprob\u00f3 ayer un proyecto que propone prorrogar por 180 d\u00edas la validez de las licencias de conducir cuyos vencimientos operan desde el 1 de agosto del a\u00f1o 2012 hasta el 1 de agosto del a\u00f1o 2013 debido al retraso en su otorgamiento <a href=\"http:\/\/www.24baires.com\/sociedad\/4692-se-levanto-el-paro-de-trabajadores-de-la-imprenta-estatal\/\" target=\"_blank\">por un paro en la imprenta del Estado<\/a>.<!--more--><\/p>\n<p>&nbsp;<\/p>\n<p>Ahora, la iniciativa fue girada a Diputados, que debe darle sanci\u00f3n final.<\/p>\n<p>El autor del proyecto, el presidente del bloque de Senadores de la UCR, Carlos Fern\u00e1ndez, dijo que \u201ccon esta presentaci\u00f3n se busca generar una herramienta legal que solucione los perjuicios ocasionados en la Provincia por el retraso en el otorgamiento de las licencias de conducir por las medidas de fuerza del personal de la Direcci\u00f3n de Impresiones del Estado, que no entregaron a tiempo los tr\u00e1mites iniciados en los Municipios\u201d.<\/p>\n<p>Y consider\u00f3 \u201cvital\u201d que el proyecto se sancione \u201ca los efectos de minimizar los da\u00f1os ocasionados a muchos bonaerenses por la demora en la entrega de las licencias\u201d.<\/p>\n<p>&nbsp;<\/p>\n<p>&nbsp;<\/p>\n<p>&nbsp;<\/p>\n<p>&nbsp;<\/p>\n","protected":false},"excerpt":{"rendered":"<p>El Senado bonaerense aprob\u00f3 ayer un proyecto que propone prorrogar por 180 d\u00edas la validez de las licencias de conducir cuyos vencimientos operan desde el 1 de agosto del a\u00f1o 2012 hasta el 1 de agosto del a\u00f1o 2013 debido al retraso en su otorgamiento por un paro en la imprenta del Estado.<\/p>\n","protected":false},"author":11,"featured_media":0,"comment_status":"open","ping_status":"open","sticky":false,"template":"","format":"standard","meta":{"_jetpack_newsletter_access":"","_jetpack_dont_email_post_to_subs":false,"_jetpack_newsletter_tier_id":0,"_jetpack_memberships_contains_paywalled_content":false,"_jetpack_memberships_contains_paid_content":false,"footnotes":""},"categories":[40],"tags":[],"class_list":["post-5718","post","type-post","status-publish","format-standard","hentry","category-provincia"],"jetpack_featured_media_url":"","jetpack_shortlink":"https:\/\/wp.me\/p2JWE0-1ue","jetpack-related-posts":[{"id":5054,"url":"https:\/\/www.24baires.com\/?p=5054","url_meta":{"origin":5718,"position":0},"title":"Proponen extender la validez de las licencias de conducir por el atraso en la entrega","author":"AF","date":"11\/11\/2012","format":false,"excerpt":"El Presidente del Bloque de Senadores de la UCR Carlos Fern\u00e1ndez present\u00f3 en la C\u00e1mara Alta bonaerense un proyecto de ley, a trav\u00e9s del cual busca prorrogar por 180 d\u00edas, la validez de las licencias de conducir cuyos vencimientos operan desde el 1 de agosto del a\u00f1o 2012 hasta el\u2026","rel":"","context":"En \u00abSociedad\u00bb","block_context":{"text":"Sociedad","link":"https:\/\/www.24baires.com\/?cat=1"},"img":{"alt_text":"","src":"","width":0,"height":0},"classes":[]},{"id":115557,"url":"https:\/\/www.24baires.com\/?p=115557","url_meta":{"origin":5718,"position":1},"title":"Vuelven a prorrogar el vencimiento de las licencias de conducir","author":"GB","date":"06\/07\/2020","format":false,"excerpt":"La medida alcanza a los carnets que ten\u00edan como fecha l\u00edmite el mes de febrero y agosto. En el marco de la cuarentena estricta para evitar la propagaci\u00f3n del COVID-19, el Gobierno bonaerense prorrog\u00f3 este lunes por 180 d\u00edas la vigencia de las licencias de conducir con fecha de vencimiento\u2026","rel":"","context":"En \u00abProvincia\u00bb","block_context":{"text":"Provincia","link":"https:\/\/www.24baires.com\/?cat=40"},"img":{"alt_text":"","src":"https:\/\/i0.wp.com\/www.24baires.com\/wp-content\/uploads\/2012\/11\/carnet-de-conduci-300x222.jpg?resize=350%2C200","width":350,"height":200},"classes":[]},{"id":4561,"url":"https:\/\/www.24baires.com\/?p=4561","url_meta":{"origin":5718,"position":2},"title":"Paro en Imprenta de la Provincia: sugieren otorgar certificados provisorios para conductores profesionales","author":"AF","date":"06\/11\/2012","format":false,"excerpt":"El concejal platense Jos\u00e9 Arteaga pidi\u00f3 que se extienda un certificado de Renovaci\u00f3n de la licencia de conducir en tr\u00e1mite que les permita circular a los conductores profesionales que no han podido retirar su carnet debido a la medida de fuerza que est\u00e1 llevando a cabo la Direcci\u00f3n de Impresiones\u2026","rel":"","context":"En \u00abSociedad\u00bb","block_context":{"text":"Sociedad","link":"https:\/\/www.24baires.com\/?cat=1"},"img":{"alt_text":"","src":"","width":0,"height":0},"classes":[]},{"id":116886,"url":"https:\/\/www.24baires.com\/?p=116886","url_meta":{"origin":5718,"position":3},"title":"Disponen una nueva pr\u00f3rroga para las licencias de conducir bonaerenses","author":"GB","date":"15\/12\/2020","format":false,"excerpt":"La Direcci\u00f3n Provincial de Pol\u00edtica y Seguridad Vial bonaerense prorrog\u00f3 por 90 d\u00edas corridos el vencimiento de las licencias de conducir que operen entre el 1\u00ba de enero y 31 de marzo de 2021. En un comunicado, se especific\u00f3 que el aplazamiento de la caducidad deber\u00e1 contarse a partir de\u2026","rel":"","context":"En \u00abProvincia\u00bb","block_context":{"text":"Provincia","link":"https:\/\/www.24baires.com\/?cat=40"},"img":{"alt_text":"","src":"https:\/\/i0.wp.com\/www.24baires.com\/wp-content\/uploads\/2020\/05\/liccncia-conducir.jpg?resize=350%2C200","width":350,"height":200,"srcset":"https:\/\/i0.wp.com\/www.24baires.com\/wp-content\/uploads\/2020\/05\/liccncia-conducir.jpg?resize=350%2C200 1x, https:\/\/i0.wp.com\/www.24baires.com\/wp-content\/uploads\/2020\/05\/liccncia-conducir.jpg?resize=525%2C300 1.5x"},"classes":[]},{"id":116460,"url":"https:\/\/www.24baires.com\/?p=116460","url_meta":{"origin":5718,"position":4},"title":"Prorrogan los vencimientos de las licencias de manejo por un a\u00f1o","author":"GB","date":"14\/10\/2020","format":false,"excerpt":"La Provincia prorrog\u00f3 por 365 d\u00edas el vencimiento de las licencias de conducir con fecha entre el 15 de febrero y el 31 de diciembre de 2020. En el marco del Aislamiento Social, Preventivo y Obligatorio (Aspo) decretado por la pandemia de coronavirus, la Direcci\u00f3n Provincial de Pol\u00edtica y Seguridad\u2026","rel":"","context":"En \u00abSociedad\u00bb","block_context":{"text":"Sociedad","link":"https:\/\/www.24baires.com\/?cat=1"},"img":{"alt_text":"","src":"https:\/\/i0.wp.com\/www.24baires.com\/wp-content\/uploads\/2020\/05\/liccncia-conducir.jpg?resize=350%2C200","width":350,"height":200,"srcset":"https:\/\/i0.wp.com\/www.24baires.com\/wp-content\/uploads\/2020\/05\/liccncia-conducir.jpg?resize=350%2C200 1x, https:\/\/i0.wp.com\/www.24baires.com\/wp-content\/uploads\/2020\/05\/liccncia-conducir.jpg?resize=525%2C300 1.5x"},"classes":[]},{"id":115130,"url":"https:\/\/www.24baires.com\/?p=115130","url_meta":{"origin":5718,"position":5},"title":"Posponen el vencimiento de los registros de conducir bonaerenses","author":"GB","date":"26\/05\/2020","format":false,"excerpt":"La medida alcanza a las licencias con fecha entre el 15 de febrero y el 15 de junio inclusive. En el marco de la cuarentena por el coronavirus dispuesta por el Gobierno, la Subsecretar\u00eda de Transporte bonaerense prorrog\u00f3 este martes los vencimientos de los registros de conducir que operaban entre\u2026","rel":"","context":"En \u00abProvincia\u00bb","block_context":{"text":"Provincia","link":"https:\/\/www.24baires.com\/?cat=40"},"img":{"alt_text":"","src":"https:\/\/i0.wp.com\/www.24baires.com\/wp-content\/uploads\/2020\/05\/liccncia-conducir.jpg?resize=350%2C200","width":350,"height":200,"srcset":"https:\/\/i0.wp.com\/www.24baires.com\/wp-content\/uploads\/2020\/05\/liccncia-conducir.jpg?resize=350%2C200 1x, https:\/\/i0.wp.com\/www.24baires.com\/wp-content\/uploads\/2020\/05\/liccncia-conducir.jpg?resize=525%2C300 1.5x"},"classes":[]}],"jetpack_sharing_enabled":true,"jetpack_likes_enabled":true,"_links":{"self":[{"href":"https:\/\/www.24baires.com\/index.php?rest_route=\/wp\/v2\/posts\/5718","targetHints":{"allow":["GET"]}}],"collection":[{"href":"https:\/\/www.24baires.com\/index.php?rest_route=\/wp\/v2\/posts"}],"about":[{"href":"https:\/\/www.24baires.com\/index.php?rest_route=\/wp\/v2\/types\/post"}],"author":[{"embeddable":true,"href":"https:\/\/www.24baires.com\/index.php?rest_route=\/wp\/v2\/users\/11"}],"replies":[{"embeddable":true,"href":"https:\/\/www.24baires.com\/index.php?rest_route=%2Fwp%2Fv2%2Fcomments&post=5718"}],"version-history":[{"count":3,"href":"https:\/\/www.24baires.com\/index.php?rest_route=\/wp\/v2\/posts\/5718\/revisions"}],"predecessor-version":[{"id":5722,"href":"https:\/\/www.24baires.com\/index.php?rest_route=\/wp\/v2\/posts\/5718\/revisions\/5722"}],"wp:attachment":[{"href":"https:\/\/www.24baires.com\/index.php?rest_route=%2Fwp%2Fv2%2Fmedia&parent=5718"}],"wp:term":[{"taxonomy":"category","embeddable":true,"href":"https:\/\/www.24baires.com\/index.php?rest_route=%2Fwp%2Fv2%2Fcategories&post=5718"},{"taxonomy":"post_tag","embeddable":true,"href":"https:\/\/www.24baires.com\/index.php?rest_route=%2Fwp%2Fv2%2Ftags&post=5718"}],"curies":[{"name":"wp","href":"https:\/\/api.w.org\/{rel}","templated":true}]}}