{"id":5705,"date":"2012-11-16T16:00:16","date_gmt":"2012-11-16T19:00:16","guid":{"rendered":"http:\/\/www.24baires.com\/?p=5705"},"modified":"2012-11-16T16:00:16","modified_gmt":"2012-11-16T19:00:16","slug":"anuncian-la-creacion-de-ayudantia-fiscal-con-competencia-rural","status":"publish","type":"post","link":"https:\/\/www.24baires.com\/?p=5705","title":{"rendered":"Anuncian la creaci\u00f3n de Ayudant\u00eda Fiscal con competencia rural"},"content":{"rendered":"<p>Los ministros Ricardo Casal (Justicia y Seguridad) y Gustavo Arrieta (Asuntos Agrarios), mantuvieron una reuni\u00f3n de trabajo con los integrantes de la Mesa Agropecuaria Provincial. En ese marco, Casal anunci\u00f3 la creaci\u00f3n de una Ayudant\u00eda Fiscal con exclusiva competencia rural; y por su parte, el titular de la cartera agraria, la implementaci\u00f3n de un nuevo sistema de seguridad equina en la Provincia.<!--more--><br \/>\nEl ministro de Justicia y Seguridad destac\u00f3 la \u201cvoluntad de trabajo\u201d que mantienen las entidades rurales con el gobierno provincial porque, seg\u00fan remarc\u00f3, \u201ctodas las reuniones que hemos mantenido a lo largo del a\u00f1o siempre terminaron con un saldo altamente positivo\u201d.<\/p>\n<p>Consider\u00f3 asimismo que \u201cla proyecci\u00f3n de la seguridad rural tiene que estar encaminada a lo que ser\u00e1 el futuro de la Provincia en unos a\u00f1os: una explosi\u00f3n del desarrollo agropecuario agro industrial irreversible hacia el interior\u201d.<\/p>\n<p>Anunci\u00f3 tambi\u00e9n que se incorporar\u00e1 la capacitaci\u00f3n en seguridad rural en la curr\u00edcula de formaci\u00f3n policial; y refiri\u00f3 a la implementaci\u00f3n del SMS o 911 visual que ya funciona en la Provincia.<\/p>\n<p>Arrieta, en tanto, puso en valor el compromiso del gobernador y los ministros \u201cen seguir sigue de cerca la mesa de di\u00e1logo que, m\u00e1s all\u00e1 de los disensos o consensos, nos permite consolidar pol\u00edticas p\u00fablicas efectivas que redundan en beneficio de los productores rurales con la conciencia de que son protagonistas importantes del proceso de industrializaci\u00f3n de la ruralidad que se est\u00e1 dando en el pa\u00eds en general y en la Provincia en particular\u201d.<\/p>\n<p>\u201cNuevos tiempos definen la necesidad de implementar herramientas que nos permitan acompa\u00f1ar desde la gesti\u00f3n la movilidad productiva del sector\u00bb, agreg\u00f3 el titular de Asuntos Agrarios.<\/p>\n<p>Durante el encuentro, se dieron detalles del denominado Documento \u00danico Equino (DUE), que implementa al microchip electr\u00f3nico como medio de identificaci\u00f3n, transformando a lo que era grupal (marca a fuego) en individual y con potencialidades de registro y gesti\u00f3n mucho m\u00e1s eficientes y \u00e1giles.<\/p>\n<p>El microchip es un dispositivo muy peque\u00f1o que se implanta, en \u00e9ste caso debajo de la piel del caballo, lo que le da altos niveles de seguridad a la identificaci\u00f3n porque solo se puede quitar mediante cirug\u00eda. No genera reacciones adversas, ya que no tiene actividad biol\u00f3gica y no se altera a lo largo de la vida del animal.<\/p>\n<p>Estuvieron presentes Pedro Apaolaza y Mario Conlon (CARBAP); Guillermo Giannasi (Federaci\u00f3n Agraria); Daniel Berdini (CONINAGRO); H\u00e9ctor Fern\u00e1ndez Vieira (Sociedad Rural); y los gerentes Juan Chiozza (Centro al Consignatario Directo de Hacienda), y Eduardo Crouzel (Centro al Consignatario de Productos del Pa\u00eds).<\/p>\n<p>Tambi\u00e9n asistieron los subsecretarios Emiliano Baloira (Operativo); Alejandro Rodr\u00edguez (Coordinaci\u00f3n Gubernamental de la jefatura de Gobierno de Ministros); el jefe de Gabinete de Asuntos Agrarios, Juan \u00c1ngel Cruz; el jefe de las Polic\u00edas, Hugo Matzkin; el superintendente de Seguridad Rural, Omar Cisterna; el director de Seguridad Rural, Carlos Rossi.<\/p>\n","protected":false},"excerpt":{"rendered":"<p>Los ministros Ricardo Casal (Justicia y Seguridad) y Gustavo Arrieta (Asuntos Agrarios), mantuvieron una reuni\u00f3n de trabajo con los integrantes de la Mesa Agropecuaria Provincial. En ese marco, Casal anunci\u00f3 la creaci\u00f3n de una Ayudant\u00eda Fiscal con exclusiva competencia rural; y por su parte, el titular de la cartera agraria, la implementaci\u00f3n de un nuevo sistema de seguridad equina en [&#8230;]<\/p>\n","protected":false},"author":11,"featured_media":0,"comment_status":"open","ping_status":"open","sticky":false,"template":"","format":"standard","meta":{"_jetpack_newsletter_access":"","_jetpack_dont_email_post_to_subs":false,"_jetpack_newsletter_tier_id":0,"_jetpack_memberships_contains_paywalled_content":false,"_jetpack_memberships_contains_paid_content":false,"footnotes":""},"categories":[40],"tags":[],"class_list":["post-5705","post","type-post","status-publish","format-standard","hentry","category-provincia"],"jetpack_featured_media_url":"","jetpack_shortlink":"https:\/\/wp.me\/p2JWE0-1u1","jetpack-related-posts":[{"id":52387,"url":"https:\/\/www.24baires.com\/?p=52387","url_meta":{"origin":5705,"position":0},"title":"Azul: crean una Ayudant\u00eda Fiscal para delitos rurales","author":"AF","date":"25\/08\/2014","format":false,"excerpt":"La Provincia resolvi\u00f3 la puesta en marcha en el municipio de Azul de una Ayudant\u00eda Fiscal que permitir\u00e1 optimizar la investigaci\u00f3n sobre los delitos rurales, un cap\u00edtulo que era reclamado por productores de la regi\u00f3n. El ministro de Justicia, Ricardo Casal, impuls\u00f3 la creaci\u00f3n de una ayudant\u00eda fiscal especializada en\u2026","rel":"","context":"En \u00abLocales\u00bb","block_context":{"text":"Locales","link":"https:\/\/www.24baires.com\/?cat=38"},"img":{"alt_text":"ayudant\u00eda fiscal azul","src":"https:\/\/i0.wp.com\/www.24baires.com\/wp-content\/uploads\/2014\/08\/ayudant%C3%ADa-fiscal-azul.jpg?resize=350%2C200","width":350,"height":200},"classes":[]},{"id":115696,"url":"https:\/\/www.24baires.com\/?p=115696","url_meta":{"origin":5705,"position":1},"title":"Kicillof convoc\u00f3 a las entidades del campo para hablar de seguridad rural","author":"GB","date":"21\/07\/2020","format":false,"excerpt":"El gobernador encabez\u00f3 esta ma\u00f1ana un encuentro con representantes de entidades del sector agropecuario para trabajar en medidas coordinadas para la prevenci\u00f3n del delito rural. El gobernador bonaerense, Axel Kicillof, puso en marcha una mesa de trabajo junto al ministro de Desarrollo Agrario, Javier Rodr\u00edguez, y su par de Seguridad,\u2026","rel":"","context":"En \u00abProvincia\u00bb","block_context":{"text":"Provincia","link":"https:\/\/www.24baires.com\/?cat=40"},"img":{"alt_text":"","src":"https:\/\/i0.wp.com\/www.24baires.com\/wp-content\/uploads\/2020\/07\/kici-seguridad.jpg?resize=350%2C200","width":350,"height":200,"srcset":"https:\/\/i0.wp.com\/www.24baires.com\/wp-content\/uploads\/2020\/07\/kici-seguridad.jpg?resize=350%2C200 1x, https:\/\/i0.wp.com\/www.24baires.com\/wp-content\/uploads\/2020\/07\/kici-seguridad.jpg?resize=525%2C300 1.5x"},"classes":[]},{"id":95554,"url":"https:\/\/www.24baires.com\/?p=95554","url_meta":{"origin":5705,"position":2},"title":"Vidal se reuni\u00f3 con representantes del campo","author":"AF","date":"30\/06\/2017","format":false,"excerpt":"Las entidades rurales volvieron a reclamar a la gobernadora Mar\u00eda Eugenia Vidal por la \u201celevada presi\u00f3n fiscal\u201d del campo y plantearon \u201cserias diferencias\u201d con la Provincia en la mirada sobre la rentabilidad del sector. La reuni\u00f3n, en la que tambi\u00e9n hubo elogios por la marcha de las obras h\u00eddricas, fue\u2026","rel":"","context":"En \u00abPol\u00edtica\u00bb","block_context":{"text":"Pol\u00edtica","link":"https:\/\/www.24baires.com\/?cat=51"},"img":{"alt_text":"","src":"https:\/\/i0.wp.com\/www.24baires.com\/wp-content\/uploads\/2017\/06\/vidal-campo.jpg?resize=350%2C200","width":350,"height":200,"srcset":"https:\/\/i0.wp.com\/www.24baires.com\/wp-content\/uploads\/2017\/06\/vidal-campo.jpg?resize=350%2C200 1x, https:\/\/i0.wp.com\/www.24baires.com\/wp-content\/uploads\/2017\/06\/vidal-campo.jpg?resize=525%2C300 1.5x"},"classes":[]},{"id":101304,"url":"https:\/\/www.24baires.com\/?p=101304","url_meta":{"origin":5705,"position":3},"title":"Vidal anunci\u00f3 beneficios para el campo","author":"GB","date":"27\/03\/2018","format":false,"excerpt":"Desde Bragado, la Gobernadora inform\u00f3 las medidas que dispuso para ayudar al ruralismo. Antes, mantuvo un encuentro con la Mesa Agropecuaria Provincial, donde llev\u00f3 a cuatro ministros para calmar las aguas. La previa al anuncio de Bragado estuvo marcada por algunas tensiones entre la Mesa Agropecuaria Provincial (CRA, Carbap, Federaci\u00f3n\u2026","rel":"","context":"En \u00abProvincia\u00bb","block_context":{"text":"Provincia","link":"https:\/\/www.24baires.com\/?cat=40"},"img":{"alt_text":"","src":"https:\/\/i0.wp.com\/www.24baires.com\/wp-content\/uploads\/2018\/03\/vidal-expoagro.jpg?resize=350%2C200","width":350,"height":200,"srcset":"https:\/\/i0.wp.com\/www.24baires.com\/wp-content\/uploads\/2018\/03\/vidal-expoagro.jpg?resize=350%2C200 1x, https:\/\/i0.wp.com\/www.24baires.com\/wp-content\/uploads\/2018\/03\/vidal-expoagro.jpg?resize=525%2C300 1.5x"},"classes":[]},{"id":33772,"url":"https:\/\/www.24baires.com\/?p=33772","url_meta":{"origin":5705,"position":4},"title":"Falbo y Casal inauguraron nueva dependencia judicial para Castelli","author":"AF","date":"19\/10\/2013","format":false,"excerpt":"El ministro de Justicia bonaerense, Ricardo Casal, la Procuradora General de la Suprema Corte de Justicia, Mar\u00eda del Carmen Falbo y el intendente de Castelli, Francisco Echarren, inauguraron este viernes la nueva ayudant\u00eda fiscal de esa ciudad. \u201cEl intendente pidi\u00f3 tener una ayudant\u00eda fiscal para que los vecinos est\u00e9n m\u00e1s\u2026","rel":"","context":"En \u00abLocales\u00bb","block_context":{"text":"Locales","link":"https:\/\/www.24baires.com\/?cat=38"},"img":{"alt_text":"","src":"","width":0,"height":0},"classes":[]},{"id":54460,"url":"https:\/\/www.24baires.com\/?p=54460","url_meta":{"origin":5705,"position":5},"title":"Provincia capacitar\u00e1 a los internos del penal de Gorina","author":"GB","date":"29\/09\/2014","format":false,"excerpt":"Los presos de la c\u00e1rcel de Gorina, en el partido de La Plata, ser\u00e1n capacitados por t\u00e9cnicos del ministerio de Asuntos Agrarios bonaerense, seg\u00fan un convenio firmado por el ministerio de justicia provincial y la cartera agraria bonaerense. Esta iniciativa se enmarca en el programa I.N.C.L.U.I.R.T.E (Inclusi\u00f3n en la Nueva\u2026","rel":"","context":"En \u00abProvincia\u00bb","block_context":{"text":"Provincia","link":"https:\/\/www.24baires.com\/?cat=40"},"img":{"alt_text":"casal","src":"https:\/\/i0.wp.com\/www.24baires.com\/wp-content\/uploads\/2014\/09\/casal.jpg?resize=350%2C200","width":350,"height":200,"srcset":"https:\/\/i0.wp.com\/www.24baires.com\/wp-content\/uploads\/2014\/09\/casal.jpg?resize=350%2C200 1x, https:\/\/i0.wp.com\/www.24baires.com\/wp-content\/uploads\/2014\/09\/casal.jpg?resize=525%2C300 1.5x"},"classes":[]}],"jetpack_sharing_enabled":true,"jetpack_likes_enabled":true,"_links":{"self":[{"href":"https:\/\/www.24baires.com\/index.php?rest_route=\/wp\/v2\/posts\/5705","targetHints":{"allow":["GET"]}}],"collection":[{"href":"https:\/\/www.24baires.com\/index.php?rest_route=\/wp\/v2\/posts"}],"about":[{"href":"https:\/\/www.24baires.com\/index.php?rest_route=\/wp\/v2\/types\/post"}],"author":[{"embeddable":true,"href":"https:\/\/www.24baires.com\/index.php?rest_route=\/wp\/v2\/users\/11"}],"replies":[{"embeddable":true,"href":"https:\/\/www.24baires.com\/index.php?rest_route=%2Fwp%2Fv2%2Fcomments&post=5705"}],"version-history":[{"count":2,"href":"https:\/\/www.24baires.com\/index.php?rest_route=\/wp\/v2\/posts\/5705\/revisions"}],"predecessor-version":[{"id":5707,"href":"https:\/\/www.24baires.com\/index.php?rest_route=\/wp\/v2\/posts\/5705\/revisions\/5707"}],"wp:attachment":[{"href":"https:\/\/www.24baires.com\/index.php?rest_route=%2Fwp%2Fv2%2Fmedia&parent=5705"}],"wp:term":[{"taxonomy":"category","embeddable":true,"href":"https:\/\/www.24baires.com\/index.php?rest_route=%2Fwp%2Fv2%2Fcategories&post=5705"},{"taxonomy":"post_tag","embeddable":true,"href":"https:\/\/www.24baires.com\/index.php?rest_route=%2Fwp%2Fv2%2Ftags&post=5705"}],"curies":[{"name":"wp","href":"https:\/\/api.w.org\/{rel}","templated":true}]}}