{"id":57012,"date":"2014-11-12T16:30:29","date_gmt":"2014-11-12T19:30:29","guid":{"rendered":"http:\/\/www.24baires.com\/?p=57012"},"modified":"2014-11-12T16:27:54","modified_gmt":"2014-11-12T19:27:54","slug":"el-ps-entre-la-nada-y-macri","status":"publish","type":"post","link":"https:\/\/www.24baires.com\/?p=57012","title":{"rendered":"El PS, entre la nada y Macri"},"content":{"rendered":"<p><img data-recalc-dims=\"1\" loading=\"lazy\" decoding=\"async\" class=\"aligncenter wp-image-57013\" src=\"https:\/\/i0.wp.com\/www.24baires.com\/wp-content\/uploads\/2014\/11\/pd.jpg?resize=560%2C296\" alt=\"pd\" width=\"560\" height=\"296\" srcset=\"https:\/\/i0.wp.com\/www.24baires.com\/wp-content\/uploads\/2014\/11\/pd.jpg?w=308&amp;ssl=1 308w, https:\/\/i0.wp.com\/www.24baires.com\/wp-content\/uploads\/2014\/11\/pd.jpg?resize=300%2C158&amp;ssl=1 300w\" sizes=\"auto, (max-width: 560px) 100vw, 560px\" \/>Pens\u00e1 r\u00e1pido: \u00bfqu\u00e9 tienen en com\u00fan el Partido Socialista y el PRO? Respuesta. Ya. Nada. Al menos esa ser\u00eda mi respuesta sin analizar ninguna de las variables pr\u00e1cticas que de seguro de nos empiezan a ocurrir algunos segundos despu\u00e9s de responder. Y, quiz\u00e1, hayamos dado una respuesta correcta desde una \u00f3ptica ideol\u00f3gica. Pues un partido de centroizquierda y uno de centroderecha deben tener poco o nada en com\u00fan desde el eje filos\u00f3fico. Pero all\u00ed nos surgen las primeras disparidades en el b\u00e1sico an\u00e1lisis del principio. Porque el Partido Socialista de Argentina ha dejado de ser de centro izquierda y para evitar las similitudes con el PRO, que sigue a la derecha, deber\u00eda esforzarse mucho, y sus actuales l\u00edderes pol\u00edticos no parecen tener esas intenciones. <!--more--><\/p>\n<p>Pero dentro del mismo seno del PS se da la pulseada, l\u00e1stima que quienes tienen la idea de mantener ciertas premisas ideol\u00f3gicas no sean quienes tomas las grandes decisiones electorales, como es el caso del Secretario General, Ricardo Cuccovillo, que dijo \u201cQuien insiste en una alianza con el PRO o el Frente Renovador est\u00e1 trabajando para la ruptura del FAUNEN\u201d. Pero estos mismos dirigentes que se niegan a este tipo de alianzas han elegido aliados que s\u00ed quieren incursionar en las listas junto al macrismo o el massismo, como Carri\u00f3. Con ella s\u00ed han ido a elecciones varias veces. Entonces, \u00bfqu\u00e9 diferencia hay entre Carri\u00f3 y el PRO? Ninguna. Porque Carri\u00f3 es peligrosa, justamente, porque carece de ideolog\u00eda. Entonces puede hacer cualquier cosa con cualquiera, como ya vimos. Tambi\u00e9n Ernesto Sanz promueve un acuerdo con Macri y el PS lleva varias elecciones con la UCR. Y si quienes negocian este tipo de alianzas buscan \u201cla ruptura del FAUNEN\u201d, quiz\u00e1 s\u00f3lo logren la escisi\u00f3n de alg\u00fan grupo de socialistas, porque desde todas las aristas del Frente Unen se est\u00e1n aliando a Macri o Massa en diversas provincias, mientras algunos hacen o\u00edr sus negativas. Para el PS, que ha hecho todo tipo de acuerdos electorales en los \u00faltimos a\u00f1os, que ha votado en contra de algunas de las medidas m\u00e1s populares que promovi\u00f3 el Gobierno y que se ha prestado con emoci\u00f3n incontenible al juego perverso decretado por Magneto en los medios en su batalla contra el Kirchnerismo, decir no, resulta anacr\u00f3nico. Casi una pose absurda para despu\u00e9s poder afirmar que los llevaron a tal o cual acuerdo por la fuerza. El mal menor ser\u00e1, en breve, la respuesta que den cuando se les pregunte qu\u00e9 har\u00e1n en las pr\u00f3ximas PASO.<br \/>\nPor lo pronto, el binnerismo, que es el oficialismo, digamos, socialista, no se cansa de prestarse al juego de la derecha, le hacen permanente campa\u00f1a a Macri nombr\u00e1ndolo todo el tiempo, y Mauricio, de seguro asesorado por otros, aprovecha esa difusi\u00f3n gratuita y los invita a un mundo de gloria, donde el candidato a presidente sea \u00e9l y ellos puedan compartir esa f\u00f3rmula. Adem\u00e1s, desde las filas del PRO saben que Hermes y sus amigos dilapidaron el caudal de votos del 2011 y no han logrado construir nada s\u00f3lido, pero eso no es culpa de ellos solamente, es un mal generalizado en la oposici\u00f3n. Pero mientras Binner se siga mostrando como un referente de la derecha m\u00e1s rancia y siga afirmando cosas como que \u201cLa pobreza genera fata de valores\u201d, ser\u00e1 el mismo Macri quien le pida que se corra de su lugar e intente fingir una pose m\u00e1s progre porque le est\u00e1 quitando el discurso.<br \/>\nEl da\u00f1o que le han hecho al socialismo es inconmensurable, aunque terminen yendo en listas separadas. Binner y compa\u00f1\u00eda han herido de muerte al partido en ese coqueteo con lo m\u00e1s rancio de la Argentina, como la Sociedad Rural y los partidos de derecha. Pero pueden darse el gusto de pertenecer al selecto club de los empleados de Clar\u00edn, eso s\u00ed. Hagan lo que hagan en 2015, de eso ya no caben dudas.<\/p>\n<p>&nbsp;<\/p>\n<p>&nbsp;<\/p>\n<p>&nbsp;<\/p>\n<p>&nbsp;<\/p>\n<p>&nbsp;<\/p>\n<p>&nbsp;<\/p>\n<p>&nbsp;<\/p>\n<p>&nbsp;<\/p>\n<p>&nbsp;<\/p>\n<p>&nbsp;<\/p>\n<p>&nbsp;<\/p>\n<p>&nbsp;<\/p>\n<p>&nbsp;<\/p>\n<p>&nbsp;<\/p>\n","protected":false},"excerpt":{"rendered":"<p>Pens\u00e1 r\u00e1pido: \u00bfqu\u00e9 tienen en com\u00fan el Partido Socialista y el PRO? Respuesta. Ya. Nada. Al menos esa ser\u00eda mi respuesta sin analizar ninguna de las variables pr\u00e1cticas que de seguro de nos empiezan a ocurrir algunos segundos despu\u00e9s de responder. Y, quiz\u00e1, hayamos dado una respuesta correcta desde una \u00f3ptica ideol\u00f3gica. Pues un partido de centroizquierda y uno de [&#8230;]<\/p>\n","protected":false},"author":8,"featured_media":0,"comment_status":"open","ping_status":"open","sticky":false,"template":"","format":"standard","meta":{"_jetpack_newsletter_access":"","_jetpack_dont_email_post_to_subs":false,"_jetpack_newsletter_tier_id":0,"_jetpack_memberships_contains_paywalled_content":false,"_jetpack_memberships_contains_paid_content":false,"footnotes":""},"categories":[64],"tags":[],"class_list":["post-57012","post","type-post","status-publish","format-standard","hentry","category-opinion"],"jetpack_featured_media_url":"","jetpack_shortlink":"https:\/\/wp.me\/p2JWE0-ePy","jetpack-related-posts":[{"id":120608,"url":"https:\/\/www.24baires.com\/?p=120608","url_meta":{"origin":57012,"position":0},"title":"El Partido Socialista explicit\u00f3 su apoyo a Massa","author":"AF","date":"01\/11\/2023","format":false,"excerpt":"Espantado por Milei, el espacio que hasta hace unos d\u00edas segu\u00eda siendo parte integrante de Juntos por el Cambio, se pronunci\u00f3 por el candidato de Uni\u00f3n por la Patria. En contraste con la neutralidad expl\u00edcita manifestada por el Frente de Izquierda y parte de la UCR, el Partido Socialista anunci\u00f3\u2026","rel":"","context":"En \u00abPol\u00edtica\u00bb","block_context":{"text":"Pol\u00edtica","link":"https:\/\/www.24baires.com\/?cat=51"},"img":{"alt_text":"","src":"https:\/\/i0.wp.com\/www.24baires.com\/wp-content\/uploads\/2023\/11\/WhatsApp-Image-2023-11-01-at-20.46.14.jpeg?resize=350%2C200","width":350,"height":200,"srcset":"https:\/\/i0.wp.com\/www.24baires.com\/wp-content\/uploads\/2023\/11\/WhatsApp-Image-2023-11-01-at-20.46.14.jpeg?resize=350%2C200 1x, https:\/\/i0.wp.com\/www.24baires.com\/wp-content\/uploads\/2023\/11\/WhatsApp-Image-2023-11-01-at-20.46.14.jpeg?resize=525%2C300 1.5x, https:\/\/i0.wp.com\/www.24baires.com\/wp-content\/uploads\/2023\/11\/WhatsApp-Image-2023-11-01-at-20.46.14.jpeg?resize=700%2C400 2x"},"classes":[]},{"id":93508,"url":"https:\/\/www.24baires.com\/?p=93508","url_meta":{"origin":57012,"position":1},"title":"Se quebr\u00f3 la relaci\u00f3n entre el PRO y la UCR y se cay\u00f3 una alianza electoral","author":"GB","date":"31\/03\/2017","format":false,"excerpt":"La intenci\u00f3n del Gobierno de recrear Cambiemos en las ciudades m\u00e1s importantes de Santa Fe se trunc\u00f3 tras la decisi\u00f3n de los radicales. Dirigentes del PRO santafesino dejaron al descubierto su malestar por la decisi\u00f3n de la UCR de mantener el Frente Progresista C\u00edvico y Social (FPCyS) de cara a\u2026","rel":"","context":"En \u00abPol\u00edtica\u00bb","block_context":{"text":"Pol\u00edtica","link":"https:\/\/www.24baires.com\/?cat=51"},"img":{"alt_text":"","src":"https:\/\/i0.wp.com\/www.24baires.com\/wp-content\/uploads\/2017\/02\/macri-conferencia.jpg?resize=350%2C200","width":350,"height":200,"srcset":"https:\/\/i0.wp.com\/www.24baires.com\/wp-content\/uploads\/2017\/02\/macri-conferencia.jpg?resize=350%2C200 1x, https:\/\/i0.wp.com\/www.24baires.com\/wp-content\/uploads\/2017\/02\/macri-conferencia.jpg?resize=525%2C300 1.5x"},"classes":[]},{"id":34232,"url":"https:\/\/www.24baires.com\/?p=34232","url_meta":{"origin":57012,"position":2},"title":"El FpV contin\u00faa siendo la primera fuerza nacional seguida por la UCR","author":"Grupo Sierra","date":"27\/10\/2013","format":false,"excerpt":"El Frente para la Victoria se consolidaba como la primera fuerza nacional con el 32,39 por ciento de los votos, seguido por la Uni\u00f3n C\u00edvica Radical, el Partido Socialista y aliados, con el 24,69 por ciento; y el PRO y aliados, con el 11,13 por ciento. Estos son los resultados\u2026","rel":"","context":"En \u00abELECCIONES 2013\u00bb","block_context":{"text":"ELECCIONES 2013","link":"https:\/\/www.24baires.com\/?cat=72"},"img":{"alt_text":"congreso exterior","src":"https:\/\/i0.wp.com\/www.24baires.com\/wp-content\/uploads\/2013\/10\/congreso-exterior.jpg?resize=350%2C200","width":350,"height":200,"srcset":"https:\/\/i0.wp.com\/www.24baires.com\/wp-content\/uploads\/2013\/10\/congreso-exterior.jpg?resize=350%2C200 1x, https:\/\/i0.wp.com\/www.24baires.com\/wp-content\/uploads\/2013\/10\/congreso-exterior.jpg?resize=525%2C300 1.5x"},"classes":[]},{"id":78085,"url":"https:\/\/www.24baires.com\/?p=78085","url_meta":{"origin":57012,"position":3},"title":"Michetti calific\u00f3 de \u00abtrascendente\u00bb su reuni\u00f3n con el presidente del Senado chileno","author":"GB","date":"25\/01\/2016","format":false,"excerpt":"La vicepresidenta fue recibida por el dem\u00f3crata cristiano Patricio Walker, en las oficinas del ex Congreso en la ciudad de Santiago, donde la funcionaria argentina defini\u00f3 como \"realmente trascendente\u201d el v\u00ednculo entre ambos pa\u00edses. \u201cPara m\u00ed es un honor y una alegr\u00eda visitarlos en Chile y estar en el Senado\u2026","rel":"","context":"En \u00abPol\u00edtica\u00bb","block_context":{"text":"Pol\u00edtica","link":"https:\/\/www.24baires.com\/?cat=51"},"img":{"alt_text":"michetti chile","src":"https:\/\/i0.wp.com\/www.24baires.com\/wp-content\/uploads\/2016\/01\/michetti-chile.jpg?resize=350%2C200","width":350,"height":200,"srcset":"https:\/\/i0.wp.com\/www.24baires.com\/wp-content\/uploads\/2016\/01\/michetti-chile.jpg?resize=350%2C200 1x, https:\/\/i0.wp.com\/www.24baires.com\/wp-content\/uploads\/2016\/01\/michetti-chile.jpg?resize=525%2C300 1.5x"},"classes":[]},{"id":45234,"url":"https:\/\/www.24baires.com\/?p=45234","url_meta":{"origin":57012,"position":4},"title":"2015: una facci\u00f3n del Frente UNEN se despeg\u00f3 de Macri","author":"GB","date":"03\/05\/2014","format":false,"excerpt":"Un grupo de dirigentes representativos de las distintas fuerzas que integran el Frente Amplio UNEN rechaz\u00f3, a trav\u00e9s de la firma de un documento, una eventual alianza electoral con el PRO. Los senadores Fernando Solanas (Proyecto Sur), Ruben Giustiniani (PS), Luis Juez (Frente C\u00edvico) y la diputada Victoria Donda (Libres\u2026","rel":"","context":"En \u00abPol\u00edtica\u00bb","block_context":{"text":"Pol\u00edtica","link":"https:\/\/www.24baires.com\/?cat=51"},"img":{"alt_text":"unen1","src":"https:\/\/i0.wp.com\/www.24baires.com\/wp-content\/uploads\/2014\/05\/unen1.jpg?resize=350%2C200","width":350,"height":200,"srcset":"https:\/\/i0.wp.com\/www.24baires.com\/wp-content\/uploads\/2014\/05\/unen1.jpg?resize=350%2C200 1x, https:\/\/i0.wp.com\/www.24baires.com\/wp-content\/uploads\/2014\/05\/unen1.jpg?resize=525%2C300 1.5x"},"classes":[]},{"id":25939,"url":"https:\/\/www.24baires.com\/?p=25939","url_meta":{"origin":57012,"position":5},"title":"\u00abEl FAP ya no existe\u00bb, asegur\u00f3 el diputado De Gennaro","author":"AF","date":"14\/06\/2013","format":false,"excerpt":"El l\u00edder de la Unidad Popular lament\u00f3 que hayan primado \"la discusiones de candidaturas por sobre la construcci\u00f3n\" de una alternativa que la gente hab\u00eda apoyado en las \u00faltimas elecciones. El diputado de la provincia de Buenos Aires por Unidad Popular, V\u00edctor de Gennaro, sostuvo hoy que \"el FAP (Frente\u2026","rel":"","context":"En \u00abPol\u00edtica\u00bb","block_context":{"text":"Pol\u00edtica","link":"https:\/\/www.24baires.com\/?cat=51"},"img":{"alt_text":"de gennaro","src":"https:\/\/i0.wp.com\/www.24baires.com\/wp-content\/uploads\/2013\/06\/de-gennaro-300x216.jpg?resize=350%2C200","width":350,"height":200},"classes":[]}],"jetpack_sharing_enabled":true,"jetpack_likes_enabled":true,"_links":{"self":[{"href":"https:\/\/www.24baires.com\/index.php?rest_route=\/wp\/v2\/posts\/57012","targetHints":{"allow":["GET"]}}],"collection":[{"href":"https:\/\/www.24baires.com\/index.php?rest_route=\/wp\/v2\/posts"}],"about":[{"href":"https:\/\/www.24baires.com\/index.php?rest_route=\/wp\/v2\/types\/post"}],"author":[{"embeddable":true,"href":"https:\/\/www.24baires.com\/index.php?rest_route=\/wp\/v2\/users\/8"}],"replies":[{"embeddable":true,"href":"https:\/\/www.24baires.com\/index.php?rest_route=%2Fwp%2Fv2%2Fcomments&post=57012"}],"version-history":[{"count":1,"href":"https:\/\/www.24baires.com\/index.php?rest_route=\/wp\/v2\/posts\/57012\/revisions"}],"predecessor-version":[{"id":57014,"href":"https:\/\/www.24baires.com\/index.php?rest_route=\/wp\/v2\/posts\/57012\/revisions\/57014"}],"wp:attachment":[{"href":"https:\/\/www.24baires.com\/index.php?rest_route=%2Fwp%2Fv2%2Fmedia&parent=57012"}],"wp:term":[{"taxonomy":"category","embeddable":true,"href":"https:\/\/www.24baires.com\/index.php?rest_route=%2Fwp%2Fv2%2Fcategories&post=57012"},{"taxonomy":"post_tag","embeddable":true,"href":"https:\/\/www.24baires.com\/index.php?rest_route=%2Fwp%2Fv2%2Ftags&post=57012"}],"curies":[{"name":"wp","href":"https:\/\/api.w.org\/{rel}","templated":true}]}}