{"id":5699,"date":"2012-11-16T14:32:20","date_gmt":"2012-11-16T17:32:20","guid":{"rendered":"http:\/\/www.24baires.com\/?p=5699"},"modified":"2012-11-17T12:47:05","modified_gmt":"2012-11-17T15:47:05","slug":"identificamos-a-otras-personas-que-no-eran-hinchas-de-independiente-dijo-cantero","status":"publish","type":"post","link":"https:\/\/www.24baires.com\/?p=5699","title":{"rendered":"\u00abIdentificamos a otras personas que no eran hinchas de Independiente\u00bb dijo Cantero"},"content":{"rendered":"<p><img data-recalc-dims=\"1\" loading=\"lazy\" decoding=\"async\" class=\"aligncenter size-full wp-image-5700\" title=\"cantero\" src=\"https:\/\/i0.wp.com\/www.24baires.com\/wp-content\/uploads\/2012\/11\/cantero.jpg?resize=560%2C335\" alt=\"\" width=\"560\" height=\"335\" srcset=\"https:\/\/i0.wp.com\/www.24baires.com\/wp-content\/uploads\/2012\/11\/cantero.jpg?w=560&amp;ssl=1 560w, https:\/\/i0.wp.com\/www.24baires.com\/wp-content\/uploads\/2012\/11\/cantero.jpg?resize=300%2C179&amp;ssl=1 300w\" sizes=\"auto, (max-width: 560px) 100vw, 560px\" \/><\/p>\n<p>\u00abRecibimos el apoyo del Gobierno, la Presidenta estaba muy preocupada\u00bb afirm\u00f3 el presidente de Independiente, Javier Cantero, \u00a0luego de mantener una reuni\u00f3n con el jefe de Gabinete, Juan Manuel Abal Medina, el secretario de Seguridad, Sergio Berni en la Casa Rosada.<!--more--><br \/>\n\u00abIdentificamos a otras personas que no eran hinchas de Independiente\u00bb, dijo Cantero.\u00a0En el marco de la investigaci\u00f3n, ayer fue detenido Richard Pavone, sindicado como barrabrava de San Telmo e Independiente, a quien en los videos de las c\u00e1maras de seguridad del estadio se lo ve supuestamente incentivando a los j\u00f3venes que arrojaron los proyectiles.<\/p>\n<p>&nbsp;<\/p>\n<p>&nbsp;<\/p>\n<p>&nbsp;<\/p>\n<p>&nbsp;<\/p>\n","protected":false},"excerpt":{"rendered":"<p>\u00abRecibimos el apoyo del Gobierno, la Presidenta estaba muy preocupada\u00bb afirm\u00f3 el presidente de Independiente, Javier Cantero, \u00a0luego de mantener una reuni\u00f3n con el jefe de Gabinete, Juan Manuel Abal Medina, el secretario de Seguridad, Sergio Berni en la Casa Rosada.<\/p>\n","protected":false},"author":11,"featured_media":0,"comment_status":"open","ping_status":"open","sticky":false,"template":"","format":"standard","meta":{"_jetpack_newsletter_access":"","_jetpack_dont_email_post_to_subs":false,"_jetpack_newsletter_tier_id":0,"_jetpack_memberships_contains_paywalled_content":false,"_jetpack_memberships_contains_paid_content":false,"footnotes":""},"categories":[1],"tags":[],"class_list":["post-5699","post","type-post","status-publish","format-standard","hentry","category-sociedad"],"jetpack_featured_media_url":"","jetpack_shortlink":"https:\/\/wp.me\/p2JWE0-1tV","jetpack-related-posts":[{"id":5496,"url":"https:\/\/www.24baires.com\/?p=5496","url_meta":{"origin":5699,"position":0},"title":"Por graves incidentes Independiente &#8211; Belgrano se suspendi\u00f3","author":"Grupo Sierra","date":"15\/11\/2012","format":false,"excerpt":"Integrantes de la barra de Independiente arrojaron bombas de estruendo, una de las cuales afect\u00f3 al arquero de Belgrano Juan Carlos Olave, y Laverni suspendi\u00f3 el partido que se jugaba en Avellaneda. El \u00e1rbitro Sa\u00fal Laverni decidi\u00f3 la inmediata suspensi\u00f3n del partido, correspondiente a la 15ta. fecha del torneo Inicial\u2026","rel":"","context":"En \u00abDeportes\u00bb","block_context":{"text":"Deportes","link":"https:\/\/www.24baires.com\/?cat=12"},"img":{"alt_text":"","src":"https:\/\/i0.wp.com\/www.24baires.com\/wp-content\/uploads\/2012\/11\/nde3pendiente_Fanchi_1_28740.jpg?resize=350%2C200","width":350,"height":200,"srcset":"https:\/\/i0.wp.com\/www.24baires.com\/wp-content\/uploads\/2012\/11\/nde3pendiente_Fanchi_1_28740.jpg?resize=350%2C200 1x, https:\/\/i0.wp.com\/www.24baires.com\/wp-content\/uploads\/2012\/11\/nde3pendiente_Fanchi_1_28740.jpg?resize=525%2C300 1.5x"},"classes":[]},{"id":27315,"url":"https:\/\/www.24baires.com\/?p=27315","url_meta":{"origin":5699,"position":1},"title":"\u201cMe voy a ir con Independiente en Primera\u201d, asegur\u00f3 Cantero","author":"AF","date":"01\/07\/2013","format":false,"excerpt":"Tras los incidentes del viernes pasado ocurridos durante la asamblea de socios en el club, el presidente del Rojo, Javier Cantero, asegur\u00f3 que \u201cseguir\u00e1\u201d en su mandato y que se ir\u00e1 \u201ccon Independiente en Primera\u201d. \"Mi principal autocr\u00edtica es lo futbol\u00edstico, nos equivocamos en muchas decisiones y as\u00ed nos fue\u201d,\u2026","rel":"","context":"En \u00abSociedad\u00bb","block_context":{"text":"Sociedad","link":"https:\/\/www.24baires.com\/?cat=1"},"img":{"alt_text":"cantero aplaude","src":"https:\/\/i0.wp.com\/www.24baires.com\/wp-content\/uploads\/2012\/12\/cantero-aplaude.jpg?resize=350%2C200","width":350,"height":200,"srcset":"https:\/\/i0.wp.com\/www.24baires.com\/wp-content\/uploads\/2012\/12\/cantero-aplaude.jpg?resize=350%2C200 1x, https:\/\/i0.wp.com\/www.24baires.com\/wp-content\/uploads\/2012\/12\/cantero-aplaude.jpg?resize=525%2C300 1.5x"},"classes":[]},{"id":27148,"url":"https:\/\/www.24baires.com\/?p=27148","url_meta":{"origin":5699,"position":2},"title":"Independiente: aseguran que \u00ablos que agredieron a Cantero responden a Moyano\u00bb","author":"Grupo Sierra","date":"28\/06\/2013","format":false,"excerpt":"La ex jefa de Seguridad de Independiente, Florencia Arietto, asegur\u00f3 hoy que los barras bravas que agredieron al presidente del club, Javier Cantero, durante la asamblea de socios, responden al titular de la CGT disidente, Hugo Moyano. \"Los que entraron (a la asamblea) son todos barras de Independiente. Responden a\u2026","rel":"","context":"En \u00abSociedad\u00bb","block_context":{"text":"Sociedad","link":"https:\/\/www.24baires.com\/?cat=1"},"img":{"alt_text":"","src":"","width":0,"height":0},"classes":[]},{"id":25095,"url":"https:\/\/www.24baires.com\/?p=25095","url_meta":{"origin":5699,"position":3},"title":"Para Cantero los jugadores de Racing jugaron \u00abpara atr\u00e1s, eso es cobrar para perder\u00bb","author":"Grupo Sierra","date":"04\/06\/2013","format":false,"excerpt":"El presidente de Independiente hizo referencia a la derrota de la \"Academia\" ante Quilmes, rival directo del \"Rojo\" en la puja por evitar el descenso. \"Hay cosas de las que no se vuelve\", advirti\u00f3. \"Hay algunas cosas de las que no se vuelve, estamos tirando por la borda la esencia\u2026","rel":"","context":"En \u00abDeportes\u00bb","block_context":{"text":"Deportes","link":"https:\/\/www.24baires.com\/?cat=12"},"img":{"alt_text":"cantero 22","src":"https:\/\/i0.wp.com\/www.24baires.com\/wp-content\/uploads\/2013\/06\/cantero-22.jpg?resize=350%2C200","width":350,"height":200},"classes":[]},{"id":12297,"url":"https:\/\/www.24baires.com\/?p=12297","url_meta":{"origin":5699,"position":4},"title":"El Tesorero de Quilmes insult\u00f3 por Twitter a Javier Cantero","author":"Grupo Sierra","date":"15\/01\/2013","format":false,"excerpt":"Enzo Salvetti insult\u00f3 al m\u00e1ximo dirigente del equipo de Avellaneda y dijo que \"para muchos medios es el palad\u00edn de la justicia y es un corderito hdp\", aunque en declaraciones radiof\u00f3nicas dijo reconocer sus dichos y que pedir\u00e1 las respectivas disculpas. El tesorero de Quilmes, Enzo Salvetti, insult\u00f3 hoy, v\u00eda\u2026","rel":"","context":"En \u00abDeportes\u00bb","block_context":{"text":"Deportes","link":"https:\/\/www.24baires.com\/?cat=12"},"img":{"alt_text":"salvetti cantero","src":"https:\/\/i0.wp.com\/www.24baires.com\/wp-content\/uploads\/2013\/01\/salvetti-cantero-300x200.jpg?resize=350%2C200","width":350,"height":200,"srcset":"https:\/\/i0.wp.com\/www.24baires.com\/wp-content\/uploads\/2013\/01\/salvetti-cantero-300x200.jpg?resize=350%2C200 1x, https:\/\/i0.wp.com\/www.24baires.com\/wp-content\/uploads\/2013\/01\/salvetti-cantero-300x200.jpg?resize=525%2C300 1.5x"},"classes":[]},{"id":10509,"url":"https:\/\/www.24baires.com\/?p=10509","url_meta":{"origin":5699,"position":5},"title":"Montenegro firm\u00f3 para Independiente","author":"Grupo Sierra","date":"26\/12\/2012","format":false,"excerpt":"El mediocampista es el primer refuerzo del \"Rojo\" y neg\u00f3 ser la soluci\u00f3n a los problemas del equipo. \"No vengo a consagrarme, quiero que al club le vaya bien\", enfatiz\u00f3. \"No soy un salvador, s\u00f3lo soy agradecido y quiero dar una mano. Tengo el pase en mi poder y quiero\u2026","rel":"","context":"En \u00abDeportes\u00bb","block_context":{"text":"Deportes","link":"https:\/\/www.24baires.com\/?cat=12"},"img":{"alt_text":"montenegro independiente","src":"https:\/\/i0.wp.com\/www.24baires.com\/wp-content\/uploads\/2012\/12\/montenegro-independiente.jpg?resize=350%2C200","width":350,"height":200},"classes":[]}],"jetpack_sharing_enabled":true,"jetpack_likes_enabled":true,"_links":{"self":[{"href":"https:\/\/www.24baires.com\/index.php?rest_route=\/wp\/v2\/posts\/5699","targetHints":{"allow":["GET"]}}],"collection":[{"href":"https:\/\/www.24baires.com\/index.php?rest_route=\/wp\/v2\/posts"}],"about":[{"href":"https:\/\/www.24baires.com\/index.php?rest_route=\/wp\/v2\/types\/post"}],"author":[{"embeddable":true,"href":"https:\/\/www.24baires.com\/index.php?rest_route=\/wp\/v2\/users\/11"}],"replies":[{"embeddable":true,"href":"https:\/\/www.24baires.com\/index.php?rest_route=%2Fwp%2Fv2%2Fcomments&post=5699"}],"version-history":[{"count":3,"href":"https:\/\/www.24baires.com\/index.php?rest_route=\/wp\/v2\/posts\/5699\/revisions"}],"predecessor-version":[{"id":5796,"href":"https:\/\/www.24baires.com\/index.php?rest_route=\/wp\/v2\/posts\/5699\/revisions\/5796"}],"wp:attachment":[{"href":"https:\/\/www.24baires.com\/index.php?rest_route=%2Fwp%2Fv2%2Fmedia&parent=5699"}],"wp:term":[{"taxonomy":"category","embeddable":true,"href":"https:\/\/www.24baires.com\/index.php?rest_route=%2Fwp%2Fv2%2Fcategories&post=5699"},{"taxonomy":"post_tag","embeddable":true,"href":"https:\/\/www.24baires.com\/index.php?rest_route=%2Fwp%2Fv2%2Ftags&post=5699"}],"curies":[{"name":"wp","href":"https:\/\/api.w.org\/{rel}","templated":true}]}}