{"id":5693,"date":"2012-11-16T12:59:20","date_gmt":"2012-11-16T15:59:20","guid":{"rendered":"http:\/\/www.24baires.com\/?p=5693"},"modified":"2012-11-17T12:47:13","modified_gmt":"2012-11-17T15:47:13","slug":"docentes-y-gobierno-provincial-se-siguen-tirando-con-municion-gruesa","status":"publish","type":"post","link":"https:\/\/www.24baires.com\/?p=5693","title":{"rendered":"Docentes y gobierno provincial se siguen tirando con munici\u00f3n gruesa"},"content":{"rendered":"<p>Desde Suteba reiteraron que <strong>unos mil maestros a\u00fan no cobraron salarios adeudados desde abril<\/strong> y criticaron la gesti\u00f3n provincial. De Luc\u00eda insisti\u00f3 en que el paro es \u00abvergonzoso\u00bb.<!--more--><\/p>\n<p>\u201cAl ministro le faltan argumentos para defender la gesti\u00f3n y por eso recurre a chicanas para desviar la atenci\u00f3n de lo que estamos diciendo\u201d. As\u00ed resume el titular de Suteba, Roberto Baradel, el cruce mantenido ayer con el jefe de Gabinete, Alberto P\u00e9rez, ante las cr\u00edticas por el paro convocado para la semana que viene, a d\u00edas de terminar el ciclo lectivo.<\/p>\n<p>Luego de que P\u00e9rez afirmara que el paro de 48 horas para el jueves y viernes pr\u00f3ximos es pol\u00edtico, Baradel asegur\u00f3 que s\u00ed lo es \u201cporque nosotros queremos cambiar una pol\u00edtica educativa que en este \u00faltimo semestre est\u00e1 dando muy malos resultados y est\u00e1 generando conflicto\u201d.<\/p>\n<p>\u201cNo puede ser que tengan conflicto con todo\u201d, insisti\u00f3 e indic\u00f3 que a\u00fan hay unos mil docentes que no cobraron sus salarios desde abril, \u201calgo que desde hace tres meses se conversa y a\u00fan no se efectu\u00f3\u201d.<\/p>\n<p>Se trata de docentes que sufrieron ciertas irregularidades a la hora de la facturaci\u00f3n cuando se les dio el alta, un problema que a\u00fan no fue resuelto para el cobro del salario en su totalidad.<\/p>\n<p>En ese marco, el dirigente pidi\u00f3 \u201cdiscutir seriamente la pol\u00edtica tributaria en tiempos en crisis, en lugar de ajustar los salarios de los trabajadores\u201d.<\/p>\n<p>Los docentes de la FEB, Suteba y Sadop anunciaron un paro de actividades para la semana que viene, jueves y viernes, en reclamo de la reapertura de la paritaria salarial y obras de infraestructura<\/p>\n<p><strong>\u201cPARA DE LUCIA, EL PARO ES VERGONZOSO\u201d<\/strong><\/p>\n<p>\u201cA los dirigentes gremiales les importan sus intereses, que no son lo importante, lo importante son los chicos\u201d, dijo, en tanto, la directora de Cultura y Educaci\u00f3n bonaerense, Nora De Luc\u00eda, e insisti\u00f3 en que \u201ccualquier reclamo se puede hacer en una mesa de di\u00e1logo\u201d sin llegar a una medida de fuerza.<\/p>\n<p>Con renovadas cr\u00edticas a la protesta de 48 horas que se iniciar\u00e1 el jueves de la semana que viene, De Luc\u00eda calific\u00f3 al paro de \u201cirrespetuoso\u201d por la altura del a\u00f1o en que se efect\u00faa y que se suma al lunes 26, que es feriado.<\/p>\n<p>\u201cHemos tratado temas importantes, como las condiciones de salud, laborales, las asignaciones familiares, en un contexto de di\u00e1logo, pero no les alcanz\u00f3\u201d, se quej\u00f3 en declaraciones radiales.<\/p>\n<p>Y lanz\u00f3: \u201cParecer\u00eda que alguna fuerza gremial no tiene voluntad de dar el debate dentro de las aulas\u201d.<\/p>\n<p>Al mismo tiempo, evalu\u00f3 que durante el a\u00f1o hubo \u201ccasi un mes de paro\u201d y defendi\u00f3 la gesti\u00f3n de Daniel Scioli, \u201cque fue votada con el 56 por ciento de los votos y le ha dado un fuerte impulso a la Educaci\u00f3n\u201d.<\/p>\n<p>&nbsp;<\/p>\n<p>&nbsp;<\/p>\n<p>&nbsp;<\/p>\n<p>&nbsp;<\/p>\n","protected":false},"excerpt":{"rendered":"<p>Desde Suteba reiteraron que unos mil maestros a\u00fan no cobraron salarios adeudados desde abril y criticaron la gesti\u00f3n provincial. De Luc\u00eda insisti\u00f3 en que el paro es \u00abvergonzoso\u00bb.<\/p>\n","protected":false},"author":11,"featured_media":0,"comment_status":"open","ping_status":"open","sticky":false,"template":"","format":"standard","meta":{"_jetpack_newsletter_access":"","_jetpack_dont_email_post_to_subs":false,"_jetpack_newsletter_tier_id":0,"_jetpack_memberships_contains_paywalled_content":false,"_jetpack_memberships_contains_paid_content":false,"footnotes":""},"categories":[40],"tags":[],"class_list":["post-5693","post","type-post","status-publish","format-standard","hentry","category-provincia"],"jetpack_featured_media_url":"","jetpack_shortlink":"https:\/\/wp.me\/p2JWE0-1tP","jetpack-related-posts":[{"id":6302,"url":"https:\/\/www.24baires.com\/?p=6302","url_meta":{"origin":5693,"position":0},"title":"Baradel: \u00abMe llama la atenci\u00f3n que Alberto P\u00e9rez use los mismos argumentos que Clar\u00edn\u00bb","author":"AF","date":"21\/11\/2012","format":false,"excerpt":"El Secretario General de SUTEBA, Roberto Baradel, volvi\u00f3 a manifestar sus fuertes diferencias con el Jefe de Gabinete provincial, Alberto P\u00e9rez, y expres\u00f3 que su forma de ver la pol\u00edtica \u201cpuede estar m\u00e1s relacionada con quienes hacen negocios\u201d. El dirigente gremial, cruz\u00f3 una vez m\u00e1s al Jefe de Gabinete provincial,\u2026","rel":"","context":"En \u00abSociedad\u00bb","block_context":{"text":"Sociedad","link":"https:\/\/www.24baires.com\/?cat=1"},"img":{"alt_text":"","src":"https:\/\/i0.wp.com\/www.24baires.com\/wp-content\/uploads\/2012\/11\/baradel.jpg?resize=350%2C200","width":350,"height":200},"classes":[]},{"id":51103,"url":"https:\/\/www.24baires.com\/?p=51103","url_meta":{"origin":5693,"position":1},"title":"Paran docentes de la Provincia porque \u00abno se cumple la paritaria\u00bb","author":"AF","date":"04\/08\/2014","format":false,"excerpt":"El secretario general de SUTEBA, Roberto Baradel, dijo que la huelga de 48 horas que iniciaron hoy es para \"pedirle al gobierno provincial que cumpla con los acuerdos\u201d en temas vinculados a salarios, infraestructura, comedores y obra social. El secretario general de SUTEBA, Roberto Baradel, dijo que la huelga de\u2026","rel":"","context":"En \u00abSociedad\u00bb","block_context":{"text":"Sociedad","link":"https:\/\/www.24baires.com\/?cat=1"},"img":{"alt_text":"aula vac\u00eda","src":"https:\/\/i0.wp.com\/www.24baires.com\/wp-content\/uploads\/2014\/03\/aula-vac%C3%ADa.jpg?resize=350%2C200","width":350,"height":200,"srcset":"https:\/\/i0.wp.com\/www.24baires.com\/wp-content\/uploads\/2014\/03\/aula-vac%C3%ADa.jpg?resize=350%2C200 1x, https:\/\/i0.wp.com\/www.24baires.com\/wp-content\/uploads\/2014\/03\/aula-vac%C3%ADa.jpg?resize=525%2C300 1.5x"},"classes":[]},{"id":103024,"url":"https:\/\/www.24baires.com\/?p=103024","url_meta":{"origin":5693,"position":2},"title":"Docentes de todo el pa\u00eds paran el pr\u00f3ximo martes","author":"GB","date":"27\/06\/2018","format":false,"excerpt":"Bajo la consigna \u201cla represi\u00f3n es nuestro l\u00edmite\u201d, la CTERA lanz\u00f3 un paro nacional con movilizaci\u00f3n para el 3 de julio. Por ahora adhiere SUTEBA, que adelant\u00f3 que estudia un paro provincial antes del receso de invierno. Los docentes de todo el pa\u00eds parar\u00e1n el pr\u00f3ximo martes, 3 de julio,\u2026","rel":"","context":"En \u00abPol\u00edtica\u00bb","block_context":{"text":"Pol\u00edtica","link":"https:\/\/www.24baires.com\/?cat=51"},"img":{"alt_text":"","src":"https:\/\/i0.wp.com\/www.24baires.com\/wp-content\/uploads\/2016\/03\/ctera-paro.jpg?resize=350%2C200","width":350,"height":200,"srcset":"https:\/\/i0.wp.com\/www.24baires.com\/wp-content\/uploads\/2016\/03\/ctera-paro.jpg?resize=350%2C200 1x, https:\/\/i0.wp.com\/www.24baires.com\/wp-content\/uploads\/2016\/03\/ctera-paro.jpg?resize=525%2C300 1.5x"},"classes":[]},{"id":19343,"url":"https:\/\/www.24baires.com\/?p=19343","url_meta":{"origin":5693,"position":3},"title":"P\u00e9rez sobre los docentes: \u00abest\u00e1n m\u00e1s cerca de un acto destituyente que de un reclamo salarial\u00bb","author":"AF","date":"25\/03\/2013","format":false,"excerpt":"El jefe de Gabinete bonaerense sali\u00f3 hoy a ponerle nafta a la disputa salarial con el Frente Gremial Docente, que anunci\u00f3 un paro de 72 horas para el 8, 9 y 10 de abril si la Provincia no reabre la paritaria. Acus\u00f3 a los dirigentes de tener \"un posicionamiento pol\u00edtico\"\u2026","rel":"","context":"En \u00abSociedad\u00bb","block_context":{"text":"Sociedad","link":"https:\/\/www.24baires.com\/?cat=1"},"img":{"alt_text":"p\u00e9rez alberto","src":"https:\/\/i0.wp.com\/www.24baires.com\/wp-content\/uploads\/2013\/03\/p%C3%A9rez-alberto.jpg?resize=350%2C200","width":350,"height":200,"srcset":"https:\/\/i0.wp.com\/www.24baires.com\/wp-content\/uploads\/2013\/03\/p%C3%A9rez-alberto.jpg?resize=350%2C200 1x, https:\/\/i0.wp.com\/www.24baires.com\/wp-content\/uploads\/2013\/03\/p%C3%A9rez-alberto.jpg?resize=525%2C300 1.5x"},"classes":[]},{"id":42068,"url":"https:\/\/www.24baires.com\/?p=42068","url_meta":{"origin":5693,"position":4},"title":"Los docentes no vuelven \u00abhasta que la oferta no mejore\u00bb","author":"Grupo Sierra","date":"13\/03\/2014","format":false,"excerpt":"Los maestros nucleados en la Federaci\u00f3n de Educadores Bonaerenses (FEB) confirmaron la continuidad del paro. El paro de los docentes se mantendr\u00e1 vigente seg\u00fan lo aprob\u00f3 esta tarde la Federaci\u00f3n de Trabajadores Bonaerenses (FEB). No volver\u00e1n a las aulas a dar clases hasta que la oferta del gobierno provincial no\u2026","rel":"","context":"En \u00abPol\u00edtica\u00bb","block_context":{"text":"Pol\u00edtica","link":"https:\/\/www.24baires.com\/?cat=51"},"img":{"alt_text":"docentes bonaerenses","src":"https:\/\/i0.wp.com\/www.24baires.com\/wp-content\/uploads\/2014\/02\/docentes-bonaerenses.jpg?resize=350%2C200","width":350,"height":200,"srcset":"https:\/\/i0.wp.com\/www.24baires.com\/wp-content\/uploads\/2014\/02\/docentes-bonaerenses.jpg?resize=350%2C200 1x, https:\/\/i0.wp.com\/www.24baires.com\/wp-content\/uploads\/2014\/02\/docentes-bonaerenses.jpg?resize=525%2C300 1.5x"},"classes":[]},{"id":92180,"url":"https:\/\/www.24baires.com\/?p=92180","url_meta":{"origin":5693,"position":5},"title":"Provincia defiende el 18 % y acusan a Baradel de \u201ctener intereses pol\u00edticos\u201d","author":"GB","date":"06\/02\/2017","format":false,"excerpt":"Desde el Ejecutivo bonaerense plantearon sus argumentos de cara a la negociaci\u00f3n salarial con los gremios. El comienzo de los encuentros paritarios con gremios docentes tiene todos los condimentos y anuncia un camino largo. Desde el Ejecutivo bonaerense observan c\u00f3mo se desarrollan los acontecimientos y dejan plasmadas sus posturas. Seg\u00fan\u2026","rel":"","context":"En \u00abPol\u00edtica\u00bb","block_context":{"text":"Pol\u00edtica","link":"https:\/\/www.24baires.com\/?cat=51"},"img":{"alt_text":"","src":"https:\/\/i0.wp.com\/www.24baires.com\/wp-content\/uploads\/2014\/03\/Baradel.jpg?resize=350%2C200","width":350,"height":200},"classes":[]}],"jetpack_sharing_enabled":true,"jetpack_likes_enabled":true,"_links":{"self":[{"href":"https:\/\/www.24baires.com\/index.php?rest_route=\/wp\/v2\/posts\/5693","targetHints":{"allow":["GET"]}}],"collection":[{"href":"https:\/\/www.24baires.com\/index.php?rest_route=\/wp\/v2\/posts"}],"about":[{"href":"https:\/\/www.24baires.com\/index.php?rest_route=\/wp\/v2\/types\/post"}],"author":[{"embeddable":true,"href":"https:\/\/www.24baires.com\/index.php?rest_route=\/wp\/v2\/users\/11"}],"replies":[{"embeddable":true,"href":"https:\/\/www.24baires.com\/index.php?rest_route=%2Fwp%2Fv2%2Fcomments&post=5693"}],"version-history":[{"count":3,"href":"https:\/\/www.24baires.com\/index.php?rest_route=\/wp\/v2\/posts\/5693\/revisions"}],"predecessor-version":[{"id":5797,"href":"https:\/\/www.24baires.com\/index.php?rest_route=\/wp\/v2\/posts\/5693\/revisions\/5797"}],"wp:attachment":[{"href":"https:\/\/www.24baires.com\/index.php?rest_route=%2Fwp%2Fv2%2Fmedia&parent=5693"}],"wp:term":[{"taxonomy":"category","embeddable":true,"href":"https:\/\/www.24baires.com\/index.php?rest_route=%2Fwp%2Fv2%2Fcategories&post=5693"},{"taxonomy":"post_tag","embeddable":true,"href":"https:\/\/www.24baires.com\/index.php?rest_route=%2Fwp%2Fv2%2Ftags&post=5693"}],"curies":[{"name":"wp","href":"https:\/\/api.w.org\/{rel}","templated":true}]}}