{"id":56654,"date":"2014-11-05T21:04:53","date_gmt":"2014-11-06T00:04:53","guid":{"rendered":"http:\/\/www.24baires.com\/?p=56654"},"modified":"2014-11-05T21:04:53","modified_gmt":"2014-11-06T00:04:53","slug":"alcarajo","status":"publish","type":"post","link":"https:\/\/www.24baires.com\/?p=56654","title":{"rendered":"ALCArajo"},"content":{"rendered":"<p><img data-recalc-dims=\"1\" loading=\"lazy\" decoding=\"async\" class=\"aligncenter size-full wp-image-56655\" src=\"https:\/\/i0.wp.com\/www.24baires.com\/wp-content\/uploads\/2014\/11\/chavez_mdq-ALCA.jpg?resize=512%2C260\" alt=\"chavez_mdq ALCA\" width=\"512\" height=\"260\" srcset=\"https:\/\/i0.wp.com\/www.24baires.com\/wp-content\/uploads\/2014\/11\/chavez_mdq-ALCA.jpg?w=512&amp;ssl=1 512w, https:\/\/i0.wp.com\/www.24baires.com\/wp-content\/uploads\/2014\/11\/chavez_mdq-ALCA.jpg?resize=300%2C152&amp;ssl=1 300w\" sizes=\"auto, (max-width: 512px) 100vw, 512px\" \/><\/p>\n<p>Dicen los que saben que no debe empezarse una nota con algo negativo, con la palabra \u2018no\u2019, por ejemplo. Pero as\u00ed voy a empezar, porque quiero decir que \u2018no\u2019 est\u00e1 bueno tampoco encabezar un art\u00edculo hablando de tumbas, no por la cuesti\u00f3n de estilo, sino m\u00e1s bien por la an\u00edmica. Pero bueno, ac\u00e1 vamos, de todas formas.<!--more--><\/p>\n<p>En Mar del Plata hay unos cuantos cementerios, entre municipales y privados. Pero hay uno muy especial, uno que inauguramos hace nueve a\u00f1os y que s\u00f3lo cuenta con una tumba. Profunda. Cavada por hombres y mujeres que decidieron hacer su propia historia, reescribiendo para siempre la que contaban los vencedores, los poderosos que durante siglos pisaron nuestras cabezas y frustraron nuestro destino desde su Imperio invasor y asesino. Es la tumba del ALCA.<\/p>\n<p>Aqu\u00ed est\u00e1, en Mar del Plata. Aqu\u00ed enterramos el \u00c1rea de Libre Comercio de las Am\u00e9ricas, aqu\u00ed le pusimos freno a ese tratado que ment\u00eda beneficios econ\u00f3micos para todos, pero que en realidad era ponerle la soga al cuello de los pa\u00edses americanos en desarrollo, para que Estados Unidos pueda apretar a discreci\u00f3n. Estos tratados promovidos por los sucesivos presidentes norteamericanos, se iniciaron en 1994, en Miami (Nunca invitaron a Cuba, obvio). Aqu\u00ed ten\u00edamos al nefasto Carlos Menem, amante de las relaciones carnales con los Bush o cualquiera que ostentara el poder de la bandera de las estrellas y las barras, fan\u00e1tico de entregar nuestro patrimonio y futuro al mejor postor, que siempre resultaba ser el mismo. Entonces ah\u00ed el Imperio ten\u00eda v\u00eda libre y hac\u00eda lo que quer\u00eda con la pobre Argentina, de la misma manera que destru\u00eda otros pa\u00edses latinoamericanos con la ayuda interna de sus gobernantes neoliberales. Era una mala \u00e9poca para nuestros pueblos. Siempre es mala la \u00e9poca en que los muy ricos ganan m\u00e1s y los pobres se hacen m\u00e1s pobres.<\/p>\n<p>Pero despu\u00e9s Latinoam\u00e9rica rompi\u00f3 el molde del sometimiento instaurado por los traidores de la patria que vend\u00edan, pedazo a pedazo, nuestros pa\u00edses desde adentro. Despu\u00e9s hubo un Ch\u00e1vez, un Kirchner y un Lula. Juntos hicieron lo que el Imperio yanqui no quer\u00eda, se aliaron y reconstruyeron los lazos de la Patria Grande.<\/p>\n<p>EEUU estuvo operando para que eso no sucediera, difamaron a esos tres presidentes que representaban como pocos a sus respectivos pueblos. Pero no pudo. \u201cHemos venido con una pala, porque en Mar del Plata est\u00e1 la tumba del ALCA\u201d, dijo el eterno Hugo, quien en su voz llevaba las voces de los desprotegidos, de los pobres de toda pobreza, de los marginados, de los excluidos de la historia. Y \u00e9l lo sab\u00eda, lo supo siempre, por eso grit\u00f3, con el grito bravo de los que se levantan, de los que aguantan de pie aunque lluevan palos y botas, de los que, orgullosos, dicen basta. Y cant\u00f3 la canci\u00f3n m\u00e1s bonita que esta ciudad ha escuchado: \u201c\u00a1ALCA, ALCA, Al Carajo!\u201d, y los que est\u00e1bamos en ese estadio quiz\u00e1 no ten\u00edamos tan en claro que el l\u00e1piz que reescrib\u00eda la Historia estaba en nuestros pu\u00f1os alzados, pero nos sumamos al rugido potente y coreamos esas palabras mientras tir\u00e1bamos tierra a la tumba de la explotaci\u00f3n de nuestra gente.<\/p>\n<p>Y all\u00ed firmamos un compromiso: custodiar ese sepulcro, para que nunca m\u00e1s se levante en nuestras tierras el cad\u00e1ver hambriento del devorador de pueblos. Porque somos soberanos, porque no queremos volver al pasado oscuro de entregadores y c\u00f3mplices. Porque si podemos decir \u201cYo los vi enterrar el ALCA\u201d, debemos defender las ideas que llevaron a tomar esa decisi\u00f3n, a patear el tablero imperialista, a ponerse en la vereda de enfrente de los Estados Unidos. Aun hay dirigentes pol\u00edticos que se asustan cuando se le habla de igual a igual a EEUU, que piden tratar con m\u00e1s respeto al pa\u00eds terrorista que m\u00e1s ha asesinado, que m\u00e1s ha empobrecido al mundo. Argentina no necesita tipos como \u00e9sos, Argentina necesita hombres y mujeres que tengan el coraje que tuvieron aquellos que un 5 de noviembre de 2005, en Mar del Plata, mandarlo a Bush al carajo.<\/p>\n","protected":false},"excerpt":{"rendered":"<p>Dicen los que saben que no debe empezarse una nota con algo negativo, con la palabra \u2018no\u2019, por ejemplo. Pero as\u00ed voy a empezar, porque quiero decir que \u2018no\u2019 est\u00e1 bueno tampoco encabezar un art\u00edculo hablando de tumbas, no por la cuesti\u00f3n de estilo, sino m\u00e1s bien por la an\u00edmica. Pero bueno, ac\u00e1 vamos, de todas formas.<\/p>\n","protected":false},"author":11,"featured_media":0,"comment_status":"open","ping_status":"open","sticky":false,"template":"","format":"standard","meta":{"_jetpack_newsletter_access":"","_jetpack_dont_email_post_to_subs":false,"_jetpack_newsletter_tier_id":0,"_jetpack_memberships_contains_paywalled_content":false,"_jetpack_memberships_contains_paid_content":false,"footnotes":""},"categories":[64],"tags":[],"class_list":["post-56654","post","type-post","status-publish","format-standard","hentry","category-opinion"],"jetpack_featured_media_url":"","jetpack_shortlink":"https:\/\/wp.me\/s2JWE0-alcarajo","jetpack-related-posts":[{"id":24027,"url":"https:\/\/www.24baires.com\/?p=24027","url_meta":{"origin":56654,"position":0},"title":"Se present\u00f3 El Amor y sus Tumbas, una novela de la marplatense Mar\u00eda Jos\u00e9 S\u00e1nchez","author":"Grupo Sierra","date":"21\/05\/2013","format":false,"excerpt":"En el marco del Festival de Literatura Azabache, que se realiz\u00f3 por tercer a\u00f1o consecutivo en la ciudad de Mar del Plata, la semana pasada se present\u00f3 la novela El amor y sus tumbas, de Mar\u00eda Jos\u00e9 S\u00e1nchez, que fue publicada en febrero por la Editorial Alg\u00f3n de Espa\u00f1a y\u2026","rel":"","context":"En \u00abCultura\u00bb","block_context":{"text":"Cultura","link":"https:\/\/www.24baires.com\/?cat=66"},"img":{"alt_text":"libro majo","src":"https:\/\/i0.wp.com\/www.24baires.com\/wp-content\/uploads\/2013\/05\/libro-majo-300x225.jpg?resize=350%2C200","width":350,"height":200},"classes":[]},{"id":19909,"url":"https:\/\/www.24baires.com\/?p=19909","url_meta":{"origin":56654,"position":1},"title":"Francisco visit\u00f3 la tumba de San Pedro. Es el primer Papa en hacerlo","author":"AF","date":"01\/04\/2013","format":false,"excerpt":"El papa Francisco visit\u00f3 hoy la tumba de San Pedro, en la necr\u00f3polis que se halla bajo la cripta y la bas\u00edlica vaticana, lo que supone la primera vez que un pont\u00edfice desciende hasta ese lugar, donde or\u00f3 de manera silenciosa y conmovido, inform\u00f3 el Vaticano. El papa Francisco visit\u00f3\u2026","rel":"","context":"En \u00abSociedad\u00bb","block_context":{"text":"Sociedad","link":"https:\/\/www.24baires.com\/?cat=1"},"img":{"alt_text":"papa-francisco-en-tumba-de-san-pedro-619x348","src":"https:\/\/i0.wp.com\/www.24baires.com\/wp-content\/uploads\/2013\/04\/papa-francisco-en-tumba-de-san-pedro-619x348.jpg?resize=350%2C200","width":350,"height":200,"srcset":"https:\/\/i0.wp.com\/www.24baires.com\/wp-content\/uploads\/2013\/04\/papa-francisco-en-tumba-de-san-pedro-619x348.jpg?resize=350%2C200 1x, https:\/\/i0.wp.com\/www.24baires.com\/wp-content\/uploads\/2013\/04\/papa-francisco-en-tumba-de-san-pedro-619x348.jpg?resize=525%2C300 1.5x"},"classes":[]},{"id":34707,"url":"https:\/\/www.24baires.com\/?p=34707","url_meta":{"origin":56654,"position":2},"title":"El d\u00eda que hicimos Historia","author":"GB","date":"05\/11\/2013","format":false,"excerpt":"\u00bfSaben, las personas, reconocer el momento exacto en que se hace la Historia? \u00bfPueden notar el cambio que empieza a generarse y se dan cuenta cuando son parte de esos hitos que marcan la vida de los pueblos? No lo se. Presumo que no, al menos no la mayor\u00eda. Es\u2026","rel":"","context":"En \u00abOpini\u00f3n\u00bb","block_context":{"text":"Opini\u00f3n","link":"https:\/\/www.24baires.com\/?cat=64"},"img":{"alt_text":"no al alca","src":"https:\/\/i0.wp.com\/www.24baires.com\/wp-content\/uploads\/2013\/11\/no-al-alca.jpg?resize=350%2C200","width":350,"height":200,"srcset":"https:\/\/i0.wp.com\/www.24baires.com\/wp-content\/uploads\/2013\/11\/no-al-alca.jpg?resize=350%2C200 1x, https:\/\/i0.wp.com\/www.24baires.com\/wp-content\/uploads\/2013\/11\/no-al-alca.jpg?resize=525%2C300 1.5x"},"classes":[]},{"id":53476,"url":"https:\/\/www.24baires.com\/?p=53476","url_meta":{"origin":56654,"position":3},"title":"Profanaron las tumbas de dos gitanos para robarles el oro en Tres Arroyos","author":"GB","date":"11\/09\/2014","format":false,"excerpt":"Ocurri\u00f3 en Tres Arroyos.Tres delincuentes redujeron a los serenos, abrieron a golpes un nicho, y dejaron los cuerpos tirados en un pasillo. Babito Traico, un familiar de los difuntos, asegur\u00f3 al medio bahiense La Br\u00fajula 24 , que por una antigua tradici\u00f3n z\u00edngara, los muertos son inhumados con dinero y\u2026","rel":"","context":"En \u00abPoliciales\u00bb","block_context":{"text":"Policiales","link":"https:\/\/www.24baires.com\/?cat=49"},"img":{"alt_text":"tumba","src":"https:\/\/i0.wp.com\/www.24baires.com\/wp-content\/uploads\/2014\/09\/tumba.jpg?resize=350%2C200","width":350,"height":200,"srcset":"https:\/\/i0.wp.com\/www.24baires.com\/wp-content\/uploads\/2014\/09\/tumba.jpg?resize=350%2C200 1x, https:\/\/i0.wp.com\/www.24baires.com\/wp-content\/uploads\/2014\/09\/tumba.jpg?resize=525%2C300 1.5x"},"classes":[]},{"id":51268,"url":"https:\/\/www.24baires.com\/?p=51268","url_meta":{"origin":56654,"position":4},"title":"Estela de Carlotto se reuni\u00f3 esta tarde con su nieto Guido en La Plata","author":"GB","date":"06\/08\/2014","format":false,"excerpt":"Lo anticip\u00f3 el diputado del FpV Remo Carlotto en el Congreso. \"Sobre la tumba de Laura juramos que como familia no \u00edbamos a parar\", expres\u00f3. A\u00fan no se conocen detalles del encuentro. Antes de ingresar al recinto, los diputados del Frente Para la Victoria se reunieron en el Congreso. Remo\u2026","rel":"","context":"En \u00abMemoria\u00bb","block_context":{"text":"Memoria","link":"https:\/\/www.24baires.com\/?cat=50"},"img":{"alt_text":"estella d c","src":"https:\/\/i0.wp.com\/www.24baires.com\/wp-content\/uploads\/2014\/08\/estella-d-c.jpg?resize=350%2C200","width":350,"height":200,"srcset":"https:\/\/i0.wp.com\/www.24baires.com\/wp-content\/uploads\/2014\/08\/estella-d-c.jpg?resize=350%2C200 1x, https:\/\/i0.wp.com\/www.24baires.com\/wp-content\/uploads\/2014\/08\/estella-d-c.jpg?resize=525%2C300 1.5x"},"classes":[]},{"id":13728,"url":"https:\/\/www.24baires.com\/?p=13728","url_meta":{"origin":56654,"position":5},"title":"&#8216;La Tumba del Viejobueno&#8217; espera la declaraci\u00f3n de \u00ablugar hist\u00f3rico\u00bb","author":"Grupo Sierra","date":"27\/01\/2013","format":false,"excerpt":"AVELLANEDA.- Se trata de la fosa com\u00fan del cementerio de Avellaneda, en la que fueron enterrados sin identificaci\u00f3n 30 de los cuerpos del centenar de v\u00edctimas fatales que dej\u00f3 el intento fallido de asalto al Batall\u00f3n Dep\u00f3sito de Arsenales 601 Domingo Viejobueno, el 23 de diciembre de 1975. En cuanto\u2026","rel":"","context":"En \u00abMemoria\u00bb","block_context":{"text":"Memoria","link":"https:\/\/www.24baires.com\/?cat=50"},"img":{"alt_text":"tumba viejobueno","src":"https:\/\/i0.wp.com\/www.24baires.com\/wp-content\/uploads\/2013\/01\/tumba-viejobueno.jpg?resize=350%2C200","width":350,"height":200,"srcset":"https:\/\/i0.wp.com\/www.24baires.com\/wp-content\/uploads\/2013\/01\/tumba-viejobueno.jpg?resize=350%2C200 1x, https:\/\/i0.wp.com\/www.24baires.com\/wp-content\/uploads\/2013\/01\/tumba-viejobueno.jpg?resize=525%2C300 1.5x"},"classes":[]}],"jetpack_sharing_enabled":true,"jetpack_likes_enabled":true,"_links":{"self":[{"href":"https:\/\/www.24baires.com\/index.php?rest_route=\/wp\/v2\/posts\/56654","targetHints":{"allow":["GET"]}}],"collection":[{"href":"https:\/\/www.24baires.com\/index.php?rest_route=\/wp\/v2\/posts"}],"about":[{"href":"https:\/\/www.24baires.com\/index.php?rest_route=\/wp\/v2\/types\/post"}],"author":[{"embeddable":true,"href":"https:\/\/www.24baires.com\/index.php?rest_route=\/wp\/v2\/users\/11"}],"replies":[{"embeddable":true,"href":"https:\/\/www.24baires.com\/index.php?rest_route=%2Fwp%2Fv2%2Fcomments&post=56654"}],"version-history":[{"count":1,"href":"https:\/\/www.24baires.com\/index.php?rest_route=\/wp\/v2\/posts\/56654\/revisions"}],"predecessor-version":[{"id":56656,"href":"https:\/\/www.24baires.com\/index.php?rest_route=\/wp\/v2\/posts\/56654\/revisions\/56656"}],"wp:attachment":[{"href":"https:\/\/www.24baires.com\/index.php?rest_route=%2Fwp%2Fv2%2Fmedia&parent=56654"}],"wp:term":[{"taxonomy":"category","embeddable":true,"href":"https:\/\/www.24baires.com\/index.php?rest_route=%2Fwp%2Fv2%2Fcategories&post=56654"},{"taxonomy":"post_tag","embeddable":true,"href":"https:\/\/www.24baires.com\/index.php?rest_route=%2Fwp%2Fv2%2Ftags&post=56654"}],"curies":[{"name":"wp","href":"https:\/\/api.w.org\/{rel}","templated":true}]}}