{"id":56540,"date":"2014-11-04T13:00:54","date_gmt":"2014-11-04T16:00:54","guid":{"rendered":"http:\/\/www.24baires.com\/?p=56540"},"modified":"2014-11-04T11:52:58","modified_gmt":"2014-11-04T14:52:58","slug":"marpampa-la-primera-bodega-de-la-costa-bonaerense-de-trapiche","status":"publish","type":"post","link":"https:\/\/www.24baires.com\/?p=56540","title":{"rendered":"Mar&#038;Pampa: La primera bodega de la costa bonaerense de Trapiche"},"content":{"rendered":"<p><img data-recalc-dims=\"1\" loading=\"lazy\" decoding=\"async\" class=\"aligncenter size-full wp-image-56542\" src=\"https:\/\/i0.wp.com\/www.24baires.com\/wp-content\/uploads\/2014\/11\/bodega1.jpg?resize=560%2C348\" alt=\"bodega1\" width=\"560\" height=\"348\" srcset=\"https:\/\/i0.wp.com\/www.24baires.com\/wp-content\/uploads\/2014\/11\/bodega1.jpg?w=560&amp;ssl=1 560w, https:\/\/i0.wp.com\/www.24baires.com\/wp-content\/uploads\/2014\/11\/bodega1.jpg?resize=300%2C186&amp;ssl=1 300w\" sizes=\"auto, (max-width: 560px) 100vw, 560px\" \/>Ubicada a solo 3 km del mar en la zona de Chapadmalal, Mar&amp;Pampa es un nuevo descubrimiento, una bodega experimental que nace de la mano de Trapiche. Un tesoro escondido entre el mar y la pampa, cultivado para revolucionar todo lo conocido. Se trata de una nueva faceta de la vitivinicultura argentina que desaf\u00eda el statu quo y llama a vivir nuevas experiencias.<!--more--><\/p>\n<p>Este verano ya estar\u00e1 abierta al p\u00fablico adicto al enoturismo y hasta tendr\u00e1 su propia vendimia. La plantaci\u00f3n se encuentra dentro de la m\u00edtica Estancia Santa Isabel y para recorrerla habr\u00e1 un estricto orden de inscripci\u00f3n.<\/p>\n<p>El particular clima de la costa, la majestuosidad del atl\u00e1ntico sur, el encanto de nuestros campos y el esp\u00edritu visionario de Trapiche, se unen para brindar una l\u00ednea de vinos diferente. Un vino que refleja la generosidad de nuestras tierras y la frescura de nuestros mares, que combinados en perfecta sinton\u00eda nacen para cautivar los paladares m\u00e1s exigentes y buscadores de nuevas aventuras.<\/p>\n<p><strong>\u00bfPor qu\u00e9 los vinos de la costa son tan especiales?<\/strong><\/p>\n<p>Chapadmalal es un lugar privilegiado para el desarrollo de estos vinos. Plantados al nivel del<br \/>\nmar y a 3 km de la costa, los vi\u00f1edos crecen bajo un clima m\u00e1s h\u00famedo y m\u00e1s fr\u00edo que los de monta\u00f1a; ideal para varietales de ciclo corto. A diferencia de los vi\u00f1edos de monta\u00f1a, no necesitan ser irrigados por el hombre para su crecimiento. Las temperaturas m\u00e1ximas moderadas y noches frescas otorgan una menor acumulaci\u00f3n t\u00e9rmica a lo largo del ciclo vegetativo. Esto da como resultado una serie de vinos m\u00e1s frescos y m\u00e1s delicados, de gran complejidad arom\u00e1tica y buen volumen. Y presenta la particularidad de poder cultivar algunas cepas poco conocidas en nuestro pa\u00eds: Sauvignon Blanc, Riesling, Gew\u00fcrztraminer, Pinot Noir, Chardonnay y Espumantes blancos y rosados.<\/p>\n<p>Tal vez a\u00fan no se ha dimensionado la importancia productiva y tur\u00edstica de que esa zona se incorpore al mapa vitivin\u00edcola del pa\u00eds, pero se trata de un avance de dimensiones in\u00e9ditas para los pr\u00f3ximos lustros.<\/p>\n<p><img data-recalc-dims=\"1\" loading=\"lazy\" decoding=\"async\" class=\"aligncenter size-full wp-image-56541\" src=\"https:\/\/i0.wp.com\/www.24baires.com\/wp-content\/uploads\/2014\/11\/bodega2.jpg?resize=560%2C296\" alt=\"bodega2\" width=\"560\" height=\"296\" srcset=\"https:\/\/i0.wp.com\/www.24baires.com\/wp-content\/uploads\/2014\/11\/bodega2.jpg?w=560&amp;ssl=1 560w, https:\/\/i0.wp.com\/www.24baires.com\/wp-content\/uploads\/2014\/11\/bodega2.jpg?resize=300%2C158&amp;ssl=1 300w\" sizes=\"auto, (max-width: 560px) 100vw, 560px\" \/><\/p>\n","protected":false},"excerpt":{"rendered":"<p>Ubicada a solo 3 km del mar en la zona de Chapadmalal, Mar&amp;Pampa es un nuevo descubrimiento, una bodega experimental que nace de la mano de Trapiche. Un tesoro escondido entre el mar y la pampa, cultivado para revolucionar todo lo conocido. Se trata de una nueva faceta de la vitivinicultura argentina que desaf\u00eda el statu quo y llama a [&#8230;]<\/p>\n","protected":false},"author":4,"featured_media":0,"comment_status":"open","ping_status":"open","sticky":false,"template":"","format":"standard","meta":{"_jetpack_newsletter_access":"","_jetpack_dont_email_post_to_subs":false,"_jetpack_newsletter_tier_id":0,"_jetpack_memberships_contains_paywalled_content":false,"_jetpack_memberships_contains_paid_content":false,"footnotes":""},"categories":[52],"tags":[],"class_list":["post-56540","post","type-post","status-publish","format-standard","hentry","category-cocina-vinos"],"jetpack_featured_media_url":"","jetpack_shortlink":"https:\/\/wp.me\/p2JWE0-eHW","jetpack-related-posts":[{"id":12836,"url":"https:\/\/www.24baires.com\/?p=12836","url_meta":{"origin":56540,"position":0},"title":"Prev\u00e9n en un 70 por ciento la ocupaci\u00f3n hotelera en la segunda quincena de enero","author":"Grupo Sierra","date":"19\/01\/2013","format":false,"excerpt":"Seg\u00fan un relevamiento realizado por la Federaci\u00f3n Empresaria Hotelera Gastron\u00f3mica, durante la segunda mitad de enero, la ocupaci\u00f3n rondar\u00e1 esa cifra. En tanto, aseguraron que algunas localidades de la costa bonaerense, Cuyo y el Noreste registran niveles de reservas superiores a ese promedio. La Federaci\u00f3n Empresaria Hotelera Gastron\u00f3mica de la\u2026","rel":"","context":"En \u00abSociedad\u00bb","block_context":{"text":"Sociedad","link":"https:\/\/www.24baires.com\/?cat=1"},"img":{"alt_text":"playa mdp","src":"https:\/\/i0.wp.com\/www.24baires.com\/wp-content\/uploads\/2013\/01\/playa-mdp.jpg?resize=350%2C200","width":350,"height":200,"srcset":"https:\/\/i0.wp.com\/www.24baires.com\/wp-content\/uploads\/2013\/01\/playa-mdp.jpg?resize=350%2C200 1x, https:\/\/i0.wp.com\/www.24baires.com\/wp-content\/uploads\/2013\/01\/playa-mdp.jpg?resize=525%2C300 1.5x"},"classes":[]},{"id":37046,"url":"https:\/\/www.24baires.com\/?p=37046","url_meta":{"origin":56540,"position":1},"title":"Un gran incendio azot\u00f3 a Mar de las Pampas","author":"GB","date":"17\/12\/2013","format":false,"excerpt":"Horas de desesperaci\u00f3n y miedo vivieron este lunes y martes los vecinos de Mar de las Pampas, que sufrieron incendios forestales que amenazaron las viviendas del paradis\u00edaco lugar. El fuego se inici\u00f3 el lunes por la tarde en la zona del acceso a Mar de las Pampas por la avenida\u2026","rel":"","context":"En \u00abSociedad\u00bb","block_context":{"text":"Sociedad","link":"https:\/\/www.24baires.com\/?cat=1"},"img":{"alt_text":"incendio en mar de las pampas","src":"https:\/\/i0.wp.com\/www.24baires.com\/wp-content\/uploads\/2013\/12\/incendio-en-mar-de-las-pampas-300x225.jpg?resize=350%2C200","width":350,"height":200},"classes":[]},{"id":51471,"url":"https:\/\/www.24baires.com\/?p=51471","url_meta":{"origin":56540,"position":2},"title":"Llega a Mar del Plata la degustaci\u00f3n de vino con m\u00e1s de 40 bodegas","author":"Grupo Sierra","date":"09\/08\/2014","format":false,"excerpt":"Se trata del evento WineMDQ Malbec Tasting, una degustaci\u00f3n a ciegas que invita a los amantes que siguen las rutas del vino. El pr\u00f3ximo s\u00e1bado 9 de agosto de 2013, se llevar\u00e1 a cabo en la ciudad de Mar del Plata, la quinta Megadegustaci\u00f3n de Vinos de la Republica Argentina,\u2026","rel":"","context":"En \u00abCocina &amp; Vinos\u00bb","block_context":{"text":"Cocina &amp; Vinos","link":"https:\/\/www.24baires.com\/?cat=52"},"img":{"alt_text":"vino-alcohol-copa-tomar_MUJIMA20110224_0057_24","src":"https:\/\/i0.wp.com\/www.24baires.com\/wp-content\/uploads\/2012\/09\/vino-alcohol-copa-tomar_MUJIMA20110224_0057_24.jpg?resize=350%2C200","width":350,"height":200,"srcset":"https:\/\/i0.wp.com\/www.24baires.com\/wp-content\/uploads\/2012\/09\/vino-alcohol-copa-tomar_MUJIMA20110224_0057_24.jpg?resize=350%2C200 1x, https:\/\/i0.wp.com\/www.24baires.com\/wp-content\/uploads\/2012\/09\/vino-alcohol-copa-tomar_MUJIMA20110224_0057_24.jpg?resize=525%2C300 1.5x"},"classes":[]},{"id":15362,"url":"https:\/\/www.24baires.com\/?p=15362","url_meta":{"origin":56540,"position":3},"title":"Ya aseguran que el fin de semana de Carnaval fue el mejor de toda la temporada","author":"AF","date":"11\/02\/2013","format":false,"excerpt":"Se registra una ocupaci\u00f3n hotelera del 90 por ciento en Mar del Plata y la cantidad de visitantes supera los m\u00e1ximos de enero en los principales puntos tur\u00edsticos de la Costa Atl\u00e1ntica. Los datos finales se conocer\u00e1n reci\u00e9n el martes. Autoridades de la C\u00e1mara de Empresarios de Balnearios, Restaurantes y\u2026","rel":"","context":"En \u00abSociedad\u00bb","block_context":{"text":"Sociedad","link":"https:\/\/www.24baires.com\/?cat=1"},"img":{"alt_text":"mdp playa","src":"https:\/\/i0.wp.com\/www.24baires.com\/wp-content\/uploads\/2013\/02\/mdp-playa.jpg?resize=350%2C200","width":350,"height":200,"srcset":"https:\/\/i0.wp.com\/www.24baires.com\/wp-content\/uploads\/2013\/02\/mdp-playa.jpg?resize=350%2C200 1x, https:\/\/i0.wp.com\/www.24baires.com\/wp-content\/uploads\/2013\/02\/mdp-playa.jpg?resize=525%2C300 1.5x"},"classes":[]},{"id":38196,"url":"https:\/\/www.24baires.com\/?p=38196","url_meta":{"origin":56540,"position":4},"title":"R\u00e9cord de turistas en los puestos de DNI de la Costa","author":"Grupo Sierra","date":"09\/01\/2014","format":false,"excerpt":"Las unidades m\u00f3viles del Ministerio de Interior y Transporte, que se encuentran desde el mes de diciembre en distintas ciudades de la Costa Atl\u00e1ntica, ya realizaron m\u00e1s de 43.000 tr\u00e1mites entre DNI y pasaportes. El 12 de diciembre se instalaron puestos y un cami\u00f3n que confecciona documentos en Mar del\u2026","rel":"","context":"En \u00abSociedad\u00bb","block_context":{"text":"Sociedad","link":"https:\/\/www.24baires.com\/?cat=1"},"img":{"alt_text":"dni","src":"https:\/\/i0.wp.com\/www.24baires.com\/wp-content\/uploads\/2012\/11\/dni.jpg?resize=350%2C200","width":350,"height":200,"srcset":"https:\/\/i0.wp.com\/www.24baires.com\/wp-content\/uploads\/2012\/11\/dni.jpg?resize=350%2C200 1x, https:\/\/i0.wp.com\/www.24baires.com\/wp-content\/uploads\/2012\/11\/dni.jpg?resize=525%2C300 1.5x"},"classes":[]},{"id":10827,"url":"https:\/\/www.24baires.com\/?p=10827","url_meta":{"origin":56540,"position":5},"title":"Para la primera quincena del a\u00f1o se espera una ocupaci\u00f3n superior al 69% en centros tur\u00edsticos","author":"AF","date":"30\/12\/2012","format":false,"excerpt":"La ocupaci\u00f3n para la primera quincena de enero super\u00f3 el 69% en los principales centros tur\u00edsticos de la costa, del litoral y del centro del pa\u00eds, report\u00f3 la Federaci\u00f3n Empresaria Hotelera Gastron\u00f3mica de la Rep\u00fablica Argentina (FEHGRA). \"Se trata de datos preliminares, dado que muchos argentinos viajan despu\u00e9s de celebrar\u2026","rel":"","context":"En \u00abSociedad\u00bb","block_context":{"text":"Sociedad","link":"https:\/\/www.24baires.com\/?cat=1"},"img":{"alt_text":"costa","src":"https:\/\/i0.wp.com\/www.24baires.com\/wp-content\/uploads\/2012\/11\/costa-300x166.jpg?resize=350%2C200","width":350,"height":200},"classes":[]}],"jetpack_sharing_enabled":true,"jetpack_likes_enabled":true,"_links":{"self":[{"href":"https:\/\/www.24baires.com\/index.php?rest_route=\/wp\/v2\/posts\/56540","targetHints":{"allow":["GET"]}}],"collection":[{"href":"https:\/\/www.24baires.com\/index.php?rest_route=\/wp\/v2\/posts"}],"about":[{"href":"https:\/\/www.24baires.com\/index.php?rest_route=\/wp\/v2\/types\/post"}],"author":[{"embeddable":true,"href":"https:\/\/www.24baires.com\/index.php?rest_route=\/wp\/v2\/users\/4"}],"replies":[{"embeddable":true,"href":"https:\/\/www.24baires.com\/index.php?rest_route=%2Fwp%2Fv2%2Fcomments&post=56540"}],"version-history":[{"count":1,"href":"https:\/\/www.24baires.com\/index.php?rest_route=\/wp\/v2\/posts\/56540\/revisions"}],"predecessor-version":[{"id":56543,"href":"https:\/\/www.24baires.com\/index.php?rest_route=\/wp\/v2\/posts\/56540\/revisions\/56543"}],"wp:attachment":[{"href":"https:\/\/www.24baires.com\/index.php?rest_route=%2Fwp%2Fv2%2Fmedia&parent=56540"}],"wp:term":[{"taxonomy":"category","embeddable":true,"href":"https:\/\/www.24baires.com\/index.php?rest_route=%2Fwp%2Fv2%2Fcategories&post=56540"},{"taxonomy":"post_tag","embeddable":true,"href":"https:\/\/www.24baires.com\/index.php?rest_route=%2Fwp%2Fv2%2Ftags&post=56540"}],"curies":[{"name":"wp","href":"https:\/\/api.w.org\/{rel}","templated":true}]}}