{"id":56208,"date":"2014-10-29T13:00:25","date_gmt":"2014-10-29T16:00:25","guid":{"rendered":"http:\/\/www.24baires.com\/?p=56208"},"modified":"2014-10-29T12:23:52","modified_gmt":"2014-10-29T15:23:52","slug":"que-florezcan-mil-casey","status":"publish","type":"post","link":"https:\/\/www.24baires.com\/?p=56208","title":{"rendered":"Que florezcan mil Casey"},"content":{"rendered":"<p><img data-recalc-dims=\"1\" loading=\"lazy\" decoding=\"async\" class=\"aligncenter size-full wp-image-56209\" src=\"https:\/\/i0.wp.com\/www.24baires.com\/wp-content\/uploads\/2014\/10\/casey-wander.jpg?resize=560%2C320\" alt=\"casey wander\" width=\"560\" height=\"320\" srcset=\"https:\/\/i0.wp.com\/www.24baires.com\/wp-content\/uploads\/2014\/10\/casey-wander.jpg?w=560&amp;ssl=1 560w, https:\/\/i0.wp.com\/www.24baires.com\/wp-content\/uploads\/2014\/10\/casey-wander.jpg?resize=300%2C171&amp;ssl=1 300w\" sizes=\"auto, (max-width: 560px) 100vw, 560px\" \/>Cuando se habla de la libertad de expresi\u00f3n, de poder decir lo que se piensa en p\u00fablico sin temor a represalias, de poder pensar como a uno le plazca sin que exista un filtro que censure nuestras palabras, debemos aplicar primero esos principios valiosos a los dem\u00e1s, antes que exigirlos para con nosotros. Es que el discurso se cae muy r\u00e1pido si reclamo a los gritos mi libertad, pero me molesta la ajena.<\/p>\n<p><!--more--><br \/>\nDesde hace un par de d\u00edas hay algunos individuos que est\u00e1n con un ataque de caspa atroz y se debe a las espont\u00e1neas declaraciones de un ni\u00f1o de once a\u00f1os. \u00bfHasta d\u00f3nde puede llegar el odio visceral hacia el gobierno nacional y quienes lo encarnan? Muy lejos, evidentemente, ya que se ha agredido de manera desmedida a una criatura que dijo lo que pensaba sin ning\u00fan empacho.<br \/>\nAcaso ser\u00e1 la bronca de saber que en sus propias filas opositoras con cuentan con ese semillero, acaso sea la simple envidia de saber que ni siquiera ahora de adultos logran exponer sus ideas con la claridad con la que lo hizo Casey Wander, que dijo que \u201cadora a N\u00e9stor Kirchner por todas las cosas que hizo por los argentinos\u201d y que quer\u00eda ser presidente en el 2050 e hizo un recuento de las conquistas sociales del Kirchnerismo con un conocimiento y una vehemencia abrumadora. Si es as\u00ed, que no canalicen sus frustraciones agrediendo a un nenito, porque demuestran una gran pobreza intelectual.<br \/>\nEn fin, las mentes peque\u00f1itas han estado escupiendo su bilis amarga contra un nenito, porque ya perdieron todos los l\u00edmites y porque, tambi\u00e9n, pueden decir lo que se les canta en todos lados, porque la libertad de expresi\u00f3n es as\u00ed, aunque algunos la utilicen para dar c\u00e1tedra de irresponsabilidad ciudadana.<br \/>\n\u00bfQu\u00e9 puede tener de malo que un chico hable con \u00e9nfasis de lo que le gusta, de lo que sue\u00f1a? Nada, al contrario, es esperanzador. Algunos, acostumbrados a otras \u00e9pocas donde el silencio era lo que se les impon\u00eda a la fuerza a los j\u00f3venes porque hablar de ideas estaba penado con desaparici\u00f3n y muerte, quiz\u00e1 se descoloquen ante las manifestaciones de una libertad integral y del compromiso que otros pueden expresar. Quiz\u00e1 a\u00f1oren esas otras \u00e9pocas. Quiz\u00e1 tengan nostalgia del menemismo, cuando estaba muy mal visto que un ni\u00f1o o joven opinara de pol\u00edtica, era mirado con extra\u00f1eza y se\u00f1alado como raro porque \u201cpol\u00edtica\u201d era mala palabra.<br \/>\nPero ya no es m\u00e1s as\u00ed hace mucho tiempo, por suerte, con el gobierno de N\u00e9stor Kirchner, se comenz\u00f3 a reconciliar a la pol\u00edtica con el pueblo y ahora estamos viendo en vivo y en directo los frutos de esa uni\u00f3n: ni\u00f1os que provienen de familias militantes, que viven desde la cuna la participaci\u00f3n activa de sus padres, que crecen en democracia plena y que, por fortuna y pese a quien le pese, no tienen empachos en decir en voz alta lo que piensan y lo que esperan del futuro. Porque hay futuro, porque est\u00e1n brotando las semillas sembradas en un pueblo que ya se acostumbr\u00f3 a estar de pie y as\u00ed se siente c\u00f3modo. Est\u00e1n floreciendo. Que florezcan mil Casey.<\/p>\n","protected":false},"excerpt":{"rendered":"<p>Cuando se habla de la libertad de expresi\u00f3n, de poder decir lo que se piensa en p\u00fablico sin temor a represalias, de poder pensar como a uno le plazca sin que exista un filtro que censure nuestras palabras, debemos aplicar primero esos principios valiosos a los dem\u00e1s, antes que exigirlos para con nosotros. Es que el discurso se cae muy [&#8230;]<\/p>\n","protected":false},"author":4,"featured_media":0,"comment_status":"open","ping_status":"open","sticky":false,"template":"","format":"standard","meta":{"_jetpack_newsletter_access":"","_jetpack_dont_email_post_to_subs":false,"_jetpack_newsletter_tier_id":0,"_jetpack_memberships_contains_paywalled_content":false,"_jetpack_memberships_contains_paid_content":false,"footnotes":""},"categories":[64],"tags":[],"class_list":["post-56208","post","type-post","status-publish","format-standard","hentry","category-opinion"],"jetpack_featured_media_url":"","jetpack_shortlink":"https:\/\/wp.me\/p2JWE0-eCA","jetpack-related-posts":[{"id":61077,"url":"https:\/\/www.24baires.com\/?p=61077","url_meta":{"origin":56208,"position":0},"title":"\u00abLa libertad de expresi\u00f3n es para los 40 millones de argentinos, incluida la Presidenta\u00bb","author":"AF","date":"01\/02\/2015","format":false,"excerpt":"La presidenta Cristina Fern\u00e1ndez de Kirchner volvi\u00f3 a referirse hoy a la situaci\u00f3n de la libertad de prensa y de expresi\u00f3n en nuestro pa\u00eds y asegur\u00f3 que ese derecho \u201ces para los 40 millones de argentinos\u201d y \u201cno solamente para los que critican\u201d, en un mensaje posteado en su cuenta\u2026","rel":"","context":"En \u00abPol\u00edtica\u00bb","block_context":{"text":"Pol\u00edtica","link":"https:\/\/www.24baires.com\/?cat=51"},"img":{"alt_text":"cristina","src":"https:\/\/i0.wp.com\/www.24baires.com\/wp-content\/uploads\/2014\/09\/cristina3.jpg?resize=350%2C200","width":350,"height":200,"srcset":"https:\/\/i0.wp.com\/www.24baires.com\/wp-content\/uploads\/2014\/09\/cristina3.jpg?resize=350%2C200 1x, https:\/\/i0.wp.com\/www.24baires.com\/wp-content\/uploads\/2014\/09\/cristina3.jpg?resize=525%2C300 1.5x"},"classes":[]},{"id":46393,"url":"https:\/\/www.24baires.com\/?p=46393","url_meta":{"origin":56208,"position":1},"title":"El Estado y su obligaci\u00f3n de resocializar","author":"Grupo Sierra","date":"20\/05\/2014","format":false,"excerpt":"Nadie puede negar que es un a\u00f1o especial en materia de derecho penal y pol\u00edtica criminal. La difusi\u00f3n del Anteproyecto de C\u00f3digo Penal redactado por la Comisi\u00f3n especial presidida por Eugenio Zaffaroni gener\u00f3 un gran revuelo. Pol\u00edticos, especialistas y comunicadores le dedicaron semanas enteras a discutir lo que dec\u00eda y\u2026","rel":"","context":"En \u00abOpini\u00f3n\u00bb","block_context":{"text":"Opini\u00f3n","link":"https:\/\/www.24baires.com\/?cat=64"},"img":{"alt_text":"resocializaci\u00f3n","src":"https:\/\/i0.wp.com\/www.24baires.com\/wp-content\/uploads\/2014\/05\/resocializaci%C3%B3n.jpg?resize=350%2C200","width":350,"height":200,"srcset":"https:\/\/i0.wp.com\/www.24baires.com\/wp-content\/uploads\/2014\/05\/resocializaci%C3%B3n.jpg?resize=350%2C200 1x, https:\/\/i0.wp.com\/www.24baires.com\/wp-content\/uploads\/2014\/05\/resocializaci%C3%B3n.jpg?resize=525%2C300 1.5x"},"classes":[]},{"id":40594,"url":"https:\/\/www.24baires.com\/?p=40594","url_meta":{"origin":56208,"position":2},"title":"Nacer y morir en la sombra","author":"Grupo Sierra","date":"17\/02\/2014","format":false,"excerpt":"La muerte de un beb\u00e9 siempre causa estupor. Pero cuando esa muerte se produce en un lugar que el Estado debe garantizar \u201csano y limpio\u201d; donde lo que debiera ser, no es; donde la vida solo se limita al transcurrir de los d\u00edas y m\u00e1s oscuras noches, aquella muerte ocurrida\u2026","rel":"","context":"En \u00abOpini\u00f3n\u00bb","block_context":{"text":"Opini\u00f3n","link":"https:\/\/www.24baires.com\/?cat=64"},"img":{"alt_text":"c\u00e1rcel","src":"https:\/\/i0.wp.com\/www.24baires.com\/wp-content\/uploads\/2014\/02\/c%C3%A1rcel.jpg?resize=350%2C200","width":350,"height":200,"srcset":"https:\/\/i0.wp.com\/www.24baires.com\/wp-content\/uploads\/2014\/02\/c%C3%A1rcel.jpg?resize=350%2C200 1x, https:\/\/i0.wp.com\/www.24baires.com\/wp-content\/uploads\/2014\/02\/c%C3%A1rcel.jpg?resize=525%2C300 1.5x"},"classes":[]},{"id":59218,"url":"https:\/\/www.24baires.com\/?p=59218","url_meta":{"origin":56208,"position":3},"title":"Rosa Schonfeld, madre de Miguel Bru: \u00abRepudio este fallo, es una verg\u00fcenza\u00bb","author":"AF","date":"27\/12\/2014","format":false,"excerpt":"Rosa Schonfeld critic\u00f3 que le otorgaran la libertad condicional al hombre condenado por asesinar a su hijo: \"Los asesinos son siempre los favorecidos\". Rosa Schonfeld, la madre del estudiante de periodismo Miguel Bru, critic\u00f3 hoy la decisi\u00f3n de la Justicia penal de La Plata de otorgarle la libertad condicional al\u2026","rel":"","context":"En \u00abJUDICIALES\u00bb","block_context":{"text":"JUDICIALES","link":"https:\/\/www.24baires.com\/?cat=68"},"img":{"alt_text":"bru -schonfeld-rosa","src":"https:\/\/i0.wp.com\/www.24baires.com\/wp-content\/uploads\/2012\/11\/bru-schonfeld-rosa.jpg?resize=350%2C200","width":350,"height":200,"srcset":"https:\/\/i0.wp.com\/www.24baires.com\/wp-content\/uploads\/2012\/11\/bru-schonfeld-rosa.jpg?resize=350%2C200 1x, https:\/\/i0.wp.com\/www.24baires.com\/wp-content\/uploads\/2012\/11\/bru-schonfeld-rosa.jpg?resize=525%2C300 1.5x"},"classes":[]},{"id":5620,"url":"https:\/\/www.24baires.com\/?p=5620","url_meta":{"origin":56208,"position":4},"title":"Luego de m\u00e1s de 100 a\u00f1os se realiza el 2\u00ba Congreso de Librepensadores de las Am\u00e9ricas","author":"AF","date":"16\/11\/2012","format":false,"excerpt":"Desde este viernes y hasta el domingo se desarrollar\u00e1 en Mar del Plata el 2\u00ba Congreso de Librepensadores de las Am\u00e9ricas,\u00a0que se realiz\u00f3 por \u00faltima vez en la Argentina a principios del siglo pasado. Se trata de un encuentro internacional que contar\u00e1 con expositores de primer nivel de todas partes\u2026","rel":"","context":"En \u00abSociedad\u00bb","block_context":{"text":"Sociedad","link":"https:\/\/www.24baires.com\/?cat=1"},"img":{"alt_text":"","src":"https:\/\/i0.wp.com\/www.24baires.com\/wp-content\/uploads\/2012\/11\/lozada-congreso.jpg?resize=350%2C200","width":350,"height":200,"srcset":"https:\/\/i0.wp.com\/www.24baires.com\/wp-content\/uploads\/2012\/11\/lozada-congreso.jpg?resize=350%2C200 1x, https:\/\/i0.wp.com\/www.24baires.com\/wp-content\/uploads\/2012\/11\/lozada-congreso.jpg?resize=525%2C300 1.5x"},"classes":[]},{"id":8000,"url":"https:\/\/www.24baires.com\/?p=8000","url_meta":{"origin":56208,"position":5},"title":"Charla debate en el Senado bonaerense con los periodistas denunciados por Clar\u00edn","author":"AF","date":"05\/12\/2012","format":false,"excerpt":"Los periodistas Horacio Vertbitsky, Javier Vicente, Roberto Caballero, Sandra Russo, Cynthia Garc\u00eda y Orlando Barone, y el abogado Damian Loreti participaron de la charla debate realizada en el Senado bonaerense. Acompa\u00f1ados por el vicegobernador Gabriel Mariotto, debatieron sobre el 7D, ante los reiterados intentos del Grupo Clar\u00edn de extender la\u2026","rel":"","context":"En \u00abMedios\u00bb","block_context":{"text":"Medios","link":"https:\/\/www.24baires.com\/?cat=54"},"img":{"alt_text":"","src":"https:\/\/i0.wp.com\/www.24baires.com\/wp-content\/uploads\/2012\/12\/debate-7d-300x198.jpg?resize=350%2C200","width":350,"height":200},"classes":[]}],"jetpack_sharing_enabled":true,"jetpack_likes_enabled":true,"_links":{"self":[{"href":"https:\/\/www.24baires.com\/index.php?rest_route=\/wp\/v2\/posts\/56208","targetHints":{"allow":["GET"]}}],"collection":[{"href":"https:\/\/www.24baires.com\/index.php?rest_route=\/wp\/v2\/posts"}],"about":[{"href":"https:\/\/www.24baires.com\/index.php?rest_route=\/wp\/v2\/types\/post"}],"author":[{"embeddable":true,"href":"https:\/\/www.24baires.com\/index.php?rest_route=\/wp\/v2\/users\/4"}],"replies":[{"embeddable":true,"href":"https:\/\/www.24baires.com\/index.php?rest_route=%2Fwp%2Fv2%2Fcomments&post=56208"}],"version-history":[{"count":1,"href":"https:\/\/www.24baires.com\/index.php?rest_route=\/wp\/v2\/posts\/56208\/revisions"}],"predecessor-version":[{"id":56210,"href":"https:\/\/www.24baires.com\/index.php?rest_route=\/wp\/v2\/posts\/56208\/revisions\/56210"}],"wp:attachment":[{"href":"https:\/\/www.24baires.com\/index.php?rest_route=%2Fwp%2Fv2%2Fmedia&parent=56208"}],"wp:term":[{"taxonomy":"category","embeddable":true,"href":"https:\/\/www.24baires.com\/index.php?rest_route=%2Fwp%2Fv2%2Fcategories&post=56208"},{"taxonomy":"post_tag","embeddable":true,"href":"https:\/\/www.24baires.com\/index.php?rest_route=%2Fwp%2Fv2%2Ftags&post=56208"}],"curies":[{"name":"wp","href":"https:\/\/api.w.org\/{rel}","templated":true}]}}