{"id":5620,"date":"2012-11-16T09:25:29","date_gmt":"2012-11-16T12:25:29","guid":{"rendered":"http:\/\/www.24baires.com\/?p=5620"},"modified":"2015-12-18T14:01:27","modified_gmt":"2015-12-18T17:01:27","slug":"luego-de-mas-de-100-anos-se-realiza-el-2o-congreso-de-librepensadores-de-las-americas","status":"publish","type":"post","link":"https:\/\/www.24baires.com\/?p=5620","title":{"rendered":"Luego de m\u00e1s de 100 a\u00f1os se realiza el 2\u00ba Congreso de Librepensadores de las Am\u00e9ricas"},"content":{"rendered":"<p style=\"text-align: center;\"><img data-recalc-dims=\"1\" loading=\"lazy\" decoding=\"async\" class=\"wp-image-5632 aligncenter\" title=\"lozada congreso\" src=\"https:\/\/i0.wp.com\/www.24baires.com\/wp-content\/uploads\/2012\/11\/lozada-congreso.jpg?resize=560%2C400\" alt=\"\" width=\"560\" height=\"400\" \/><\/p>\n<p style=\"text-align: left;\">Desde este viernes y hasta el domingo se desarrollar\u00e1 en<strong> Mar del Plata<\/strong> el 2\u00ba Congreso de Librepensadores de las Am\u00e9ricas,\u00a0que se realiz\u00f3 por \u00faltima vez en la Argentina a principios del siglo pasado. Se trata de un encuentro internacional que contar\u00e1 con expositores de primer nivel de todas partes del mundo, referentes del librepensamiento que trabajan desde el \u00e1mbito de la pol\u00edtica, las letras y el activismo por los DDHH, que disertar\u00e1n sobre distintos temas.<\/p>\n<p style=\"text-align: left;\"><!--more--><\/p>\n<p>Uno de los coordinadores del congreso, Fernando Lozada, explic\u00f3 a <strong>24baires:<\/strong> \u00abEl objetivo principal de este Congreso es unir lo que est\u00e1 disperso: hay muchas organizaciones y personas que est\u00e1n trabajando por los mismos objetivos y no lo est\u00e1n haciendo coordinadamente. El Congreso, adem\u00e1s de divulgar el pensamiento, sirve para congregar aquello que est\u00e1 disperso, aquello que necesita empezar a trabajar en conjunto, unir fuerzas. En lo particular, adem\u00e1s,\u00a0se trabaja con la faceta individual de las personas, se intenta liberarlas de estructuras de pensamiento, dogmas, tab\u00faes, prejuicios; y por otro lado, se trabaja con el aspecto socio pol\u00edtico, tratando de lograr sociedades m\u00e1s justas e igualitarias, a trav\u00e9s de acciones directas y concretas en la pol\u00edtica y en la sociedad civil, como por ejemplo, lograr un Estado laico, separado de cualquier religi\u00f3n.\u00bb<\/p>\n<p>Seg\u00fan manifest\u00f3 Lozada, \u00abel Libre Pensamiento\u00a0es una corriente ideol\u00f3gica que promueve la absoluta libertad de conciencia:\u00a0que una persona tenga la libertad de pensar y tener sus propias convicciones sin ser molestada por ello. Cualquier persona puede tener la libertad de creer o de no creer, tener sus convicciones pol\u00edticas, sociales, naturales, y por ello no debe ser perseguido o\u00a0discriminado. Hace un fuerte \u00e9nfasis en el pensamiento racional y en el cr\u00edtico, pero no descuida lo emocional. El Libre Pensamiento es la herramienta para el libre pensar y el libre sentir, y a trav\u00e9s de \u00e9l las personas pueden eliminar los prejuicios, los tab\u00faes para as\u00ed\u00a0poder disfrutar de la vida libremente.\u00bb<\/p>\n<p>Este evento es el resultado del trabajo en conjunto de la\u00a0<strong>Asociaci\u00f3n Civil Ateos Mar del Plata<\/strong>, la <strong>Logia Mas\u00f3nica 7 de junio de 1891<\/strong> y la<strong> Logia Femenina Mar de Luz,<\/strong> que cuentan con la adhesi\u00f3n ideol\u00f3gica de 80 entidades, que \u00abcomparten la lucha, adhieren al pensamiento. Algunas han ayudado m\u00e1s activamente, como por ejemplo, imprimiendo afiches para la difusi\u00f3n, pero no hay financiamiento, esto se\u00a0hace a pulm\u00f3n, con donaciones, con lo que la gente puede aportar.\u00bb En ese sentido, Lozada dijo que \u00abla idea es no cobrar entrada, porque el Libre Pensamiento no puede ser una cuesti\u00f3n elitista, ser\u00eda una contradicci\u00f3n.\u00bb<\/p>\n<p>Consultado acerca de qu\u00e9 medidas acordes al Libre Pensamiento podr\u00edan tomarse en la ciudad, Lozada dijo: \u00abEn Mar del Plata hay muchas cosas para cambiar: en el Concejo Deliberante hay un crucifijo arriba de la banca de la Presidencia, en los Juzgados pasa lo mismo. El espacio p\u00fablico tambi\u00e9n est\u00e1 muy intervenido; en plazas y en escuelas p\u00fablicas hay s\u00edmbolos que atentan contra la libertad de conciencia. En actos oficiales puede escucharse a curas dando discursos proselitistas y, si una determinada congregaci\u00f3n religiosa interviene apropi\u00e1ndose del discurso, ese acto deja de ser p\u00fablico. En los hospitales, los m\u00e9dicos pueden poner objeciones de conciencia y, por ejemplo, no dar tratamientos anticonceptivos porque sus convicciones religiosas no lo permiten.\u00bb<\/p>\n<p><strong>MAR DEL PLATA \u00abLA ELEGIDA\u00bb<\/strong><\/p>\n<p>Lozada explic\u00f3 por qu\u00e9 se realiza este Congreso en la ciudad balnearia: \u00abA principios de 1900 Mar del Plata contaba con un comit\u00e9 de\u00a0libre pensamiento que era producto del 13\u00ba Congreso Internacional que se hab\u00eda realizado en 1880\u00a0en Buenos Aires. Despu\u00e9s de eso, se decidi\u00f3 fundar en distintas partes del pa\u00eds\u00a0comit\u00e9s y en Mar del Plata se cre\u00f3 uno. En la ciudad, hasta ese entonces, no hab\u00eda Itendente, hab\u00eda\u00a0comisionados: se eleg\u00eda un diputado provincial para que gobierne. En ese contexto, el\u00a0comisionado de turno de 1911 decidi\u00f3 confiscar y prohibir un libro sobre la obra\u00a0de Sarmiento. El comit\u00e9 marplatense reaccion\u00f3 en\u00e9rgicamente y sac\u00f3 en los medios solicitadas en contra de esta acci\u00f3n, y\u00a0mand\u00f3 cartas al comisionado diciendo que era una violaci\u00f3n a la libertad de\u00a0expresi\u00f3n. Fue as\u00ed como se reuni\u00f3 con el Partido Socialista y \u00a0con la Logia Mas\u00f3nica 7 de junio de 1891, y decidi\u00f3 hacer\u00a0una convocatoria para que el pueblo saliera a la calle a reclamar por la libertad de\u00a0expresi\u00f3n y de conciencia. Lograron juntar cerca de 5 mil personas, lo que representaba aproximadamente el 20% de la poblaci\u00f3n. Tras esa protesta, lograron\u00a0su objetivo, que el libro saliera a la venta, y fueron por m\u00e1s: Mar del Plata ten\u00eda que\u00a0poder elegir a su Intendente. Por ese motivo, crearon la Junta de Resistencia a los Comisionados. Una vez conformados, lograron convocar a\u00a06 mil personas que marcharon por la avenida Luro pidiendo elecciones democr\u00e1ticas y las consecuencias fueron las deseadas: el Diputado renunci\u00f3. Luego, la Junta de Resistencia cre\u00f3 un partido pol\u00edtico, el Partido Liberal, y lograron que haya elecciones, las cuales ganaron. Es por todo esto que el Libre Pensamiento en Argentina fue exitoso s\u00f3lo en Mar del Plata. M\u00e1s tarde fue desapareciendo, por las Guerras Mundiales y por el fuerte avance clerical fascista. Casi cien a\u00f1os despu\u00e9s, en 2011, se decide retornar a esa tradici\u00f3n y se recupera esa historia, empezando a funcionar org\u00e1nicamente con las distintas asociaciones mundiales, y as\u00ed fue como se decidi\u00f3 hacer este Congreso Internacional de Libre Pensamiento en Mar del Plata.\u00bb<\/p>\n<p>El Congreso comenzar\u00e1 este jueves a las 11 en\u00a0el\u00a0Centro de Arte Mar del Plata, Sala Melany, de calle San Luis N\u00ba1750. Aquellos que a\u00fan no est\u00e9n inscriptos, pueden hacerlo en esa misma direcci\u00f3n a partir de las 10. El programa del encuentro puede verse en <a href=\"http:\/\/congresoailp2012.com.ar\/blog\/\" target=\"_blank\">www.congresoailp2012.com.ar<\/a>.<\/p>\n<div><strong><br \/>\n<\/strong><\/div>\n","protected":false},"excerpt":{"rendered":"<p>Desde este viernes y hasta el domingo se desarrollar\u00e1 en Mar del Plata el 2\u00ba Congreso de Librepensadores de las Am\u00e9ricas,\u00a0que se realiz\u00f3 por \u00faltima vez en la Argentina a principios del siglo pasado. Se trata de un encuentro internacional que contar\u00e1 con expositores de primer nivel de todas partes del mundo, referentes del librepensamiento que trabajan desde el \u00e1mbito [&#8230;]<\/p>\n","protected":false},"author":4,"featured_media":0,"comment_status":"open","ping_status":"open","sticky":false,"template":"","format":"standard","meta":{"_jetpack_newsletter_access":"","_jetpack_dont_email_post_to_subs":false,"_jetpack_newsletter_tier_id":0,"_jetpack_memberships_contains_paywalled_content":false,"_jetpack_memberships_contains_paid_content":false,"footnotes":""},"categories":[1],"tags":[],"class_list":["post-5620","post","type-post","status-publish","format-standard","hentry","category-sociedad"],"jetpack_featured_media_url":"","jetpack_shortlink":"https:\/\/wp.me\/p2JWE0-1sE","jetpack-related-posts":[{"id":4587,"url":"https:\/\/www.24baires.com\/?p=4587","url_meta":{"origin":5620,"position":0},"title":"Llega a Mar del Plata el 2\u00ba Congreso de Librepensadores de las Am\u00e9ricas","author":"AF","date":"06\/11\/2012","format":false,"excerpt":"Los d\u00edas 16, 17 y 18 de noviembre se llevar\u00e1 a cabo en Mar del Plata una nueva edici\u00f3n del Congreso de Librepensadores de las Am\u00e9ricas. Este evento, que se realiz\u00f3 por \u00faltima vez en la Argentina en la Ciudad de Buenos Aires a principios del siglo pasado, es un\u2026","rel":"","context":"En \u00abSociedad\u00bb","block_context":{"text":"Sociedad","link":"https:\/\/www.24baires.com\/?cat=1"},"img":{"alt_text":"","src":"","width":0,"height":0},"classes":[]},{"id":5912,"url":"https:\/\/www.24baires.com\/?p=5912","url_meta":{"origin":5620,"position":1},"title":"Jorge Rivas disert\u00f3 en el Congreso de Librepensadores y se reuni\u00f3 con socialistas","author":"Grupo Sierra","date":"18\/11\/2012","format":false,"excerpt":"MAR DEL PLATA - \u00a0Los Socialistas Marplatenses recibieron este s\u00e1bado 17 en su tradicional Centro \u201cTeodoro Bronzini\u201d una vez m\u00e1s la visita del Diputado Nacional Jorge Rivas y del Secretario de Relaciones Parlamentarias de la Naci\u00f3n, Oscar Gonz\u00e1lez. La llegada de Rivas fue en el marco del Congreso de Libre\u2026","rel":"","context":"En \u00abPol\u00edtica\u00bb","block_context":{"text":"Pol\u00edtica","link":"https:\/\/www.24baires.com\/?cat=51"},"img":{"alt_text":"","src":"https:\/\/i0.wp.com\/www.24baires.com\/wp-content\/uploads\/2012\/11\/rivas-jorge.jpg?resize=350%2C200","width":350,"height":200,"srcset":"https:\/\/i0.wp.com\/www.24baires.com\/wp-content\/uploads\/2012\/11\/rivas-jorge.jpg?resize=350%2C200 1x, https:\/\/i0.wp.com\/www.24baires.com\/wp-content\/uploads\/2012\/11\/rivas-jorge.jpg?resize=525%2C300 1.5x"},"classes":[]},{"id":46018,"url":"https:\/\/www.24baires.com\/?p=46018","url_meta":{"origin":5620,"position":2},"title":"Con el apoyo del Conicet se realiza el 2\u00ba Seminario de historia de las redes mas\u00f3nicas.","author":"GB","date":"14\/05\/2014","format":false,"excerpt":"Representantes del \u00e1mbito de las ciencias y la cultura de Am\u00e9rica y Europa participar\u00e1n el 22 y 23 de mayo del Segundo Seminario euro-argentino de historia de las redes mas\u00f3nicas atl\u00e1nticas, una organizaci\u00f3n, que en el plano local, pugna por dejar de lado la antigua imagen de estructura secreta y\u2026","rel":"","context":"En \u00abSociedad\u00bb","block_context":{"text":"Sociedad","link":"https:\/\/www.24baires.com\/?cat=1"},"img":{"alt_text":"masoneria","src":"https:\/\/i0.wp.com\/www.24baires.com\/wp-content\/uploads\/2014\/05\/masoneria.jpg?resize=350%2C200","width":350,"height":200,"srcset":"https:\/\/i0.wp.com\/www.24baires.com\/wp-content\/uploads\/2014\/05\/masoneria.jpg?resize=350%2C200 1x, https:\/\/i0.wp.com\/www.24baires.com\/wp-content\/uploads\/2014\/05\/masoneria.jpg?resize=525%2C300 1.5x"},"classes":[]},{"id":35988,"url":"https:\/\/www.24baires.com\/?p=35988","url_meta":{"origin":5620,"position":3},"title":"Finaliz\u00f3 en La Matanza el primer congreso de Comunicaci\u00f3n Popular","author":"AF","date":"30\/11\/2013","format":false,"excerpt":"Concluy\u00f3 este mi\u00e9rcoles el 1er Congreso de Comunicaci\u00f3n en el partido de La Matanza. El encuentro fue organizado por la Uni\u00f3n de Comunicadores Audiovisuales y Afines (UCAYA) y cont\u00f3 con la presencia de comunicadores, periodistas y funcionarios del gobierno nacional. El congreso tuvo como lema: \u201cIdeas y herramientas parala Agenda\u2026","rel":"","context":"En \u00abMedios\u00bb","block_context":{"text":"Medios","link":"https:\/\/www.24baires.com\/?cat=54"},"img":{"alt_text":"","src":"","width":0,"height":0},"classes":[]},{"id":114461,"url":"https:\/\/www.24baires.com\/?p=114461","url_meta":{"origin":5620,"position":4},"title":"Berni a la Polic\u00eda Bonaerense: \u201cNo hay lugar para los tibios\u201d","author":"AF","date":"20\/03\/2020","format":false,"excerpt":"El particular mensaje del Ministro de Seguridad para quienes est\u00e1n a cargo de hacer cumplir el aislamiento obligatorio. Luego de que el presidente Alberto Fern\u00e1ndez decretara el aislamiento obligatoria, las fuerzas de seguridad provinciales se convirtieron en \u00f3rganos de aplicaci\u00f3n, por lo que el titular de la cartera de Seguridad\u2026","rel":"","context":"En \u00abProvincia\u00bb","block_context":{"text":"Provincia","link":"https:\/\/www.24baires.com\/?cat=40"},"img":{"alt_text":"","src":"https:\/\/i0.wp.com\/www.24baires.com\/wp-content\/uploads\/2015\/02\/berni.jpg?resize=350%2C200","width":350,"height":200,"srcset":"https:\/\/i0.wp.com\/www.24baires.com\/wp-content\/uploads\/2015\/02\/berni.jpg?resize=350%2C200 1x, https:\/\/i0.wp.com\/www.24baires.com\/wp-content\/uploads\/2015\/02\/berni.jpg?resize=525%2C300 1.5x"},"classes":[]},{"id":100145,"url":"https:\/\/www.24baires.com\/?p=100145","url_meta":{"origin":5620,"position":5},"title":"Solicitan la sanci\u00f3n de la emergencia alimentaria","author":"AF","date":"24\/01\/2018","format":false,"excerpt":"Integrantes del movimiento social denuncian que los aumentos de los productos de primera necesidad por la inflaci\u00f3n y los tarifazos est\u00e1n afectando la salud de los peque\u00f1os por la falta de ingesta. Barrios de Pie, junto a otros movimientos sociales se movilizaron para exigir la inmediata sanci\u00f3n de la emergencia\u2026","rel":"","context":"En \u00abSociedad\u00bb","block_context":{"text":"Sociedad","link":"https:\/\/www.24baires.com\/?cat=1"},"img":{"alt_text":"","src":"https:\/\/i0.wp.com\/www.24baires.com\/wp-content\/uploads\/2016\/07\/barrios-de-pie-1.jpg?resize=350%2C200","width":350,"height":200,"srcset":"https:\/\/i0.wp.com\/www.24baires.com\/wp-content\/uploads\/2016\/07\/barrios-de-pie-1.jpg?resize=350%2C200 1x, https:\/\/i0.wp.com\/www.24baires.com\/wp-content\/uploads\/2016\/07\/barrios-de-pie-1.jpg?resize=525%2C300 1.5x"},"classes":[]}],"jetpack_sharing_enabled":true,"jetpack_likes_enabled":true,"_links":{"self":[{"href":"https:\/\/www.24baires.com\/index.php?rest_route=\/wp\/v2\/posts\/5620","targetHints":{"allow":["GET"]}}],"collection":[{"href":"https:\/\/www.24baires.com\/index.php?rest_route=\/wp\/v2\/posts"}],"about":[{"href":"https:\/\/www.24baires.com\/index.php?rest_route=\/wp\/v2\/types\/post"}],"author":[{"embeddable":true,"href":"https:\/\/www.24baires.com\/index.php?rest_route=\/wp\/v2\/users\/4"}],"replies":[{"embeddable":true,"href":"https:\/\/www.24baires.com\/index.php?rest_route=%2Fwp%2Fv2%2Fcomments&post=5620"}],"version-history":[{"count":3,"href":"https:\/\/www.24baires.com\/index.php?rest_route=\/wp\/v2\/posts\/5620\/revisions"}],"predecessor-version":[{"id":76598,"href":"https:\/\/www.24baires.com\/index.php?rest_route=\/wp\/v2\/posts\/5620\/revisions\/76598"}],"wp:attachment":[{"href":"https:\/\/www.24baires.com\/index.php?rest_route=%2Fwp%2Fv2%2Fmedia&parent=5620"}],"wp:term":[{"taxonomy":"category","embeddable":true,"href":"https:\/\/www.24baires.com\/index.php?rest_route=%2Fwp%2Fv2%2Fcategories&post=5620"},{"taxonomy":"post_tag","embeddable":true,"href":"https:\/\/www.24baires.com\/index.php?rest_route=%2Fwp%2Fv2%2Ftags&post=5620"}],"curies":[{"name":"wp","href":"https:\/\/api.w.org\/{rel}","templated":true}]}}