{"id":56151,"date":"2014-10-28T13:30:56","date_gmt":"2014-10-28T16:30:56","guid":{"rendered":"http:\/\/www.24baires.com\/?p=56151"},"modified":"2014-10-28T13:12:56","modified_gmt":"2014-10-28T16:12:56","slug":"el-30-de-octubre-comenzara-la-nueva-feria-vinos-bodegas-en-la-rural","status":"publish","type":"post","link":"https:\/\/www.24baires.com\/?p=56151","title":{"rendered":"El 30 de octubre, comenzar\u00e1 la nueva feria Vinos &#038; Bodegas en La Rural"},"content":{"rendered":"<p><img data-recalc-dims=\"1\" loading=\"lazy\" decoding=\"async\" class=\"aligncenter size-full wp-image-56152\" src=\"https:\/\/i0.wp.com\/www.24baires.com\/wp-content\/uploads\/2014\/10\/vinos.jpg?resize=560%2C373\" alt=\"vinos\" width=\"560\" height=\"373\" srcset=\"https:\/\/i0.wp.com\/www.24baires.com\/wp-content\/uploads\/2014\/10\/vinos.jpg?w=560&amp;ssl=1 560w, https:\/\/i0.wp.com\/www.24baires.com\/wp-content\/uploads\/2014\/10\/vinos.jpg?resize=300%2C199&amp;ssl=1 300w\" sizes=\"auto, (max-width: 560px) 100vw, 560px\" \/>Del 30 de octubre al 1 de noviembre, Bodegas de Argentina y La Rural, Predio Ferial de Buenos Aires, presentan la 14\u00b0 edici\u00f3n de Vinos y Bodegas, con un formato renovado y con contenidos adaptados a las nuevas tendencias y estilos de consumo.<!--more--><\/p>\n<p>Pensado para disfrutar del mundo del vino con todos los sentidos, el evento se desarrollar\u00e1 en el Pabell\u00f3n Frers, de 18 a 23hs y estar\u00e1 orientado a j\u00f3venes y adultos consumidores. Adem\u00e1s, reunir\u00e1 a los medios de comunicaci\u00f3n masivos y especializados, que podr\u00e1n conocer y compartir la cultura del vino en una experiencia \u00fanica.<\/p>\n<p>Como novedad, esta edici\u00f3n vendr\u00e1 acompa\u00f1ada de m\u00fasica en vivo, con la presencia de Phonse, Los Chefferson, Joe Fern\u00e1ndez y la participaci\u00f3n de la nueva FM Radio One 103.7, que emitir\u00e1 los grandes \u00e9xitos desde los 90s hasta hoy. Otra de las grandes apuestas, ser\u00e1 la barra de tragos de \u00ab\u00danico Bar\u00bb que se presentar\u00e1 con una variedad de tragos y c\u00f3cteles, realizados con vinos de distintas cepas y varietales. La carta, es dise\u00f1ada por Marina Beltrame y Alejandro Rodr\u00edguez Aramburu de la Escuela Argentina de Sommeliers (EAS) y destaca tragos como: Wineaby Mojito, Pink Shoemaker, Princetown y Myralbec entre otros.<br \/>\nLos foods trucks al aire libre, ofrecer\u00e1n una amplia propuesta de tapeo y finger foods, que enriquecer\u00e1 el circuito de actividades gastron\u00f3micas. Asimismo, el ya cl\u00e1sico Almac\u00e9n de Vinos, a cargo de Enogarage, ser\u00e1 el espacio donde los visitantes podr\u00e1n adquirir productos destacados de las marcas participantes.<br \/>\nEl evento tambi\u00e9n ser\u00e1 acompa\u00f1ado por Vin\u00f3manos, la primera gu\u00eda mobile en Latinoam\u00e9rica de vinos argentinos, a trav\u00e9s de la cual los visitantes podr\u00e1n obtener mayor informaci\u00f3n sobre los productos exhibidos y hacer recomendaciones online.<\/p>\n<p>&nbsp;<\/p>\n<p>&nbsp;<\/p>\n<p>&nbsp;<\/p>\n<p>&nbsp;<\/p>\n<p>&nbsp;<\/p>\n<p>&nbsp;<\/p>\n<p>&nbsp;<\/p>\n<p>&nbsp;<\/p>\n<p>&nbsp;<\/p>\n<p>&nbsp;<\/p>\n<p>&nbsp;<\/p>\n<p>&nbsp;<\/p>\n<p>&nbsp;<\/p>\n<p>&nbsp;<\/p>\n<p>&nbsp;<\/p>\n","protected":false},"excerpt":{"rendered":"<p>Del 30 de octubre al 1 de noviembre, Bodegas de Argentina y La Rural, Predio Ferial de Buenos Aires, presentan la 14\u00b0 edici\u00f3n de Vinos y Bodegas, con un formato renovado y con contenidos adaptados a las nuevas tendencias y estilos de consumo.<\/p>\n","protected":false},"author":8,"featured_media":0,"comment_status":"open","ping_status":"open","sticky":false,"template":"","format":"standard","meta":{"_jetpack_newsletter_access":"","_jetpack_dont_email_post_to_subs":false,"_jetpack_newsletter_tier_id":0,"_jetpack_memberships_contains_paywalled_content":false,"_jetpack_memberships_contains_paid_content":false,"footnotes":""},"categories":[52],"tags":[],"class_list":["post-56151","post","type-post","status-publish","format-standard","hentry","category-cocina-vinos"],"jetpack_featured_media_url":"","jetpack_shortlink":"https:\/\/wp.me\/p2JWE0-eBF","jetpack-related-posts":[{"id":63,"url":"https:\/\/www.24baires.com\/?p=63","url_meta":{"origin":56151,"position":0},"title":"\u00bfAmante del vino? Llegan 5 mega eventos","author":"Grupo Sierra","date":"17\/09\/2012","format":false,"excerpt":"Ferias, tours, espacios cool, viajes, degustaciones\u2026 Las fan\u00e1ticas del vino tienen para entretenerse. Si sos parte del club, no te pierdas esta agenda. 1) LA FERIA Si quer\u00e9s conocer mucho en un solo lugar, Vinos y Bodegas es el evento para vos. El ambiente es elegante y, por el horario\u2026","rel":"","context":"En \u00abCocina &amp; Vinos\u00bb","block_context":{"text":"Cocina &amp; Vinos","link":"https:\/\/www.24baires.com\/?cat=52"},"img":{"alt_text":"","src":"https:\/\/i0.wp.com\/www.24baires.com\/wp-content\/uploads\/2012\/09\/vino-alcohol-copa-tomar_MUJIMA20110224_0057_24-300x150.jpg?resize=350%2C200","width":350,"height":200},"classes":[]},{"id":29661,"url":"https:\/\/www.24baires.com\/?p=29661","url_meta":{"origin":56151,"position":1},"title":"Llega a Bragado la 8\u00aa Expovinos 2013","author":"AF","date":"07\/08\/2013","format":false,"excerpt":"Durante tres d\u00edas de 19 a 23 horas, en las instalaciones del Palacio Municipal, se mostrar\u00e1n diferentes l\u00edneas de vinos a visitantes de toda la regi\u00f3n. Adem\u00e1s, est\u00e1n programadas diversas actividades de tipo cultural, deportivo, comercial\/empresarial, social y de capacitaci\u00f3n, orientados a la promoci\u00f3n y concientizaci\u00f3n de la cultura del\u2026","rel":"","context":"En \u00abLocales\u00bb","block_context":{"text":"Locales","link":"https:\/\/www.24baires.com\/?cat=38"},"img":{"alt_text":"8 expovinos bragado","src":"https:\/\/i0.wp.com\/www.24baires.com\/wp-content\/uploads\/2013\/08\/8-expovinos-bragado.jpg?resize=350%2C200","width":350,"height":200,"srcset":"https:\/\/i0.wp.com\/www.24baires.com\/wp-content\/uploads\/2013\/08\/8-expovinos-bragado.jpg?resize=350%2C200 1x, https:\/\/i0.wp.com\/www.24baires.com\/wp-content\/uploads\/2013\/08\/8-expovinos-bragado.jpg?resize=525%2C300 1.5x"},"classes":[]},{"id":90602,"url":"https:\/\/www.24baires.com\/?p=90602","url_meta":{"origin":56151,"position":2},"title":"Estos son los mejores vinos de Argentina","author":"GB","date":"07\/12\/2016","format":false,"excerpt":"Los consumidores votaron y eligieron cu\u00e1les son los vinos m\u00e1s ricos del pa\u00eds, seg\u00fan cada cepa. La premiaci\u00f3n se dio en el marco de los premios 2017 Wine Style de Vivino, la aplicaci\u00f3n de vinos m\u00e1s importante del mundo. Nota Relacionada: Agregaron una nueva uva a la lista para la\u2026","rel":"","context":"En \u00abCocina &amp; Vinos\u00bb","block_context":{"text":"Cocina &amp; Vinos","link":"https:\/\/www.24baires.com\/?cat=52"},"img":{"alt_text":"oler vino","src":"https:\/\/i0.wp.com\/www.24baires.com\/wp-content\/uploads\/2013\/06\/oler-vino.jpg?resize=350%2C200","width":350,"height":200,"srcset":"https:\/\/i0.wp.com\/www.24baires.com\/wp-content\/uploads\/2013\/06\/oler-vino.jpg?resize=350%2C200 1x, https:\/\/i0.wp.com\/www.24baires.com\/wp-content\/uploads\/2013\/06\/oler-vino.jpg?resize=525%2C300 1.5x"},"classes":[]},{"id":51471,"url":"https:\/\/www.24baires.com\/?p=51471","url_meta":{"origin":56151,"position":3},"title":"Llega a Mar del Plata la degustaci\u00f3n de vino con m\u00e1s de 40 bodegas","author":"Grupo Sierra","date":"09\/08\/2014","format":false,"excerpt":"Se trata del evento WineMDQ Malbec Tasting, una degustaci\u00f3n a ciegas que invita a los amantes que siguen las rutas del vino. El pr\u00f3ximo s\u00e1bado 9 de agosto de 2013, se llevar\u00e1 a cabo en la ciudad de Mar del Plata, la quinta Megadegustaci\u00f3n de Vinos de la Republica Argentina,\u2026","rel":"","context":"En \u00abCocina &amp; Vinos\u00bb","block_context":{"text":"Cocina &amp; Vinos","link":"https:\/\/www.24baires.com\/?cat=52"},"img":{"alt_text":"vino-alcohol-copa-tomar_MUJIMA20110224_0057_24","src":"https:\/\/i0.wp.com\/www.24baires.com\/wp-content\/uploads\/2012\/09\/vino-alcohol-copa-tomar_MUJIMA20110224_0057_24.jpg?resize=350%2C200","width":350,"height":200,"srcset":"https:\/\/i0.wp.com\/www.24baires.com\/wp-content\/uploads\/2012\/09\/vino-alcohol-copa-tomar_MUJIMA20110224_0057_24.jpg?resize=350%2C200 1x, https:\/\/i0.wp.com\/www.24baires.com\/wp-content\/uploads\/2012\/09\/vino-alcohol-copa-tomar_MUJIMA20110224_0057_24.jpg?resize=525%2C300 1.5x"},"classes":[]},{"id":53624,"url":"https:\/\/www.24baires.com\/?p=53624","url_meta":{"origin":56151,"position":4},"title":"Argentina volver\u00e1 a ser sede del Congreso Mundial de la Vi\u00f1a y el Vino","author":"GB","date":"14\/09\/2014","format":false,"excerpt":"La Argentina ser\u00e1 sede del principal encuentro vitivin\u00edcola del mundo, el Congreso Mundial de la Vi\u00f1a y el Vino, por segunda vez en la historia. Esta 37ma. edici\u00f3n se realizar\u00e1 del 9 al 14 de noviembre en Mendoza y San Juan, bajo el lema \"Vitivinicultura del Sur, confluencia de Conocimiento\u2026","rel":"","context":"En \u00abCocina &amp; Vinos\u00bb","block_context":{"text":"Cocina &amp; Vinos","link":"https:\/\/www.24baires.com\/?cat=52"},"img":{"alt_text":"vino (1)","src":"https:\/\/i0.wp.com\/www.24baires.com\/wp-content\/uploads\/2013\/08\/vino-1-300x231.jpg?resize=350%2C200","width":350,"height":200,"srcset":"https:\/\/i0.wp.com\/www.24baires.com\/wp-content\/uploads\/2013\/08\/vino-1-300x231.jpg?resize=350%2C200 1x, https:\/\/i0.wp.com\/www.24baires.com\/wp-content\/uploads\/2013\/08\/vino-1-300x231.jpg?resize=525%2C300 1.5x"},"classes":[]},{"id":107864,"url":"https:\/\/www.24baires.com\/?p=107864","url_meta":{"origin":56151,"position":5},"title":"El vino org\u00e1nico se instala de a poco en el mercado argentino","author":"AF","date":"28\/04\/2019","format":false,"excerpt":"Por primera vez hay una variedad amplia de etiquetas, algunas de bodegas tradicionales y otras m\u00e1s modernas, para un p\u00fablico \u00e1vido de informaci\u00f3n m\u00e1s all\u00e1 del lujo. Hace una d\u00e9cada era impensado incluir la palabra \"org\u00e1nico\" entre las caracter\u00edsticas buscadas en un vino, pero en 2019 el p\u00fablico parece m\u00e1s\u2026","rel":"","context":"En \u00abCocina &amp; Vinos\u00bb","block_context":{"text":"Cocina &amp; Vinos","link":"https:\/\/www.24baires.com\/?cat=52"},"img":{"alt_text":"","src":"https:\/\/i0.wp.com\/www.24baires.com\/wp-content\/uploads\/2013\/08\/vino-1.jpg?resize=350%2C200","width":350,"height":200,"srcset":"https:\/\/i0.wp.com\/www.24baires.com\/wp-content\/uploads\/2013\/08\/vino-1.jpg?resize=350%2C200 1x, https:\/\/i0.wp.com\/www.24baires.com\/wp-content\/uploads\/2013\/08\/vino-1.jpg?resize=525%2C300 1.5x"},"classes":[]}],"jetpack_sharing_enabled":true,"jetpack_likes_enabled":true,"_links":{"self":[{"href":"https:\/\/www.24baires.com\/index.php?rest_route=\/wp\/v2\/posts\/56151","targetHints":{"allow":["GET"]}}],"collection":[{"href":"https:\/\/www.24baires.com\/index.php?rest_route=\/wp\/v2\/posts"}],"about":[{"href":"https:\/\/www.24baires.com\/index.php?rest_route=\/wp\/v2\/types\/post"}],"author":[{"embeddable":true,"href":"https:\/\/www.24baires.com\/index.php?rest_route=\/wp\/v2\/users\/8"}],"replies":[{"embeddable":true,"href":"https:\/\/www.24baires.com\/index.php?rest_route=%2Fwp%2Fv2%2Fcomments&post=56151"}],"version-history":[{"count":1,"href":"https:\/\/www.24baires.com\/index.php?rest_route=\/wp\/v2\/posts\/56151\/revisions"}],"predecessor-version":[{"id":56153,"href":"https:\/\/www.24baires.com\/index.php?rest_route=\/wp\/v2\/posts\/56151\/revisions\/56153"}],"wp:attachment":[{"href":"https:\/\/www.24baires.com\/index.php?rest_route=%2Fwp%2Fv2%2Fmedia&parent=56151"}],"wp:term":[{"taxonomy":"category","embeddable":true,"href":"https:\/\/www.24baires.com\/index.php?rest_route=%2Fwp%2Fv2%2Fcategories&post=56151"},{"taxonomy":"post_tag","embeddable":true,"href":"https:\/\/www.24baires.com\/index.php?rest_route=%2Fwp%2Fv2%2Ftags&post=56151"}],"curies":[{"name":"wp","href":"https:\/\/api.w.org\/{rel}","templated":true}]}}