{"id":5601,"date":"2012-11-15T20:39:13","date_gmt":"2012-11-15T23:39:13","guid":{"rendered":"http:\/\/www.24baires.com\/?p=5601"},"modified":"2012-11-15T20:39:13","modified_gmt":"2012-11-15T23:39:13","slug":"abren-la-convocatoria-para-la-bienal-nacional-de-arte-de-bahia-blanca-2013","status":"publish","type":"post","link":"https:\/\/www.24baires.com\/?p=5601","title":{"rendered":"Abren la convocatoria para la Bienal Nacional de Arte de Bah\u00eda Blanca 2013"},"content":{"rendered":"<p><img data-recalc-dims=\"1\" loading=\"lazy\" decoding=\"async\" class=\"aligncenter size-full wp-image-5602\" title=\"bienal bb\" src=\"https:\/\/i0.wp.com\/www.24baires.com\/wp-content\/uploads\/2012\/11\/bienal-bb.jpg?resize=560%2C280\" alt=\"\" width=\"560\" height=\"280\" srcset=\"https:\/\/i0.wp.com\/www.24baires.com\/wp-content\/uploads\/2012\/11\/bienal-bb.jpg?w=560&amp;ssl=1 560w, https:\/\/i0.wp.com\/www.24baires.com\/wp-content\/uploads\/2012\/11\/bienal-bb.jpg?resize=300%2C150&amp;ssl=1 300w\" sizes=\"auto, (max-width: 560px) 100vw, 560px\" \/><\/p>\n<p>La gesti\u00f3n del MBA-MAC (Museo de Bellas Artes &#8211; Museo de Arte Contempor\u00e1neo de Bah\u00eda Blanca contin\u00faa dando el ejemplo, tanto a nivel provincial como nacional, con la apertura de la convocatoria para una nueva edici\u00f3n de la Bienal Nacional de Arte.<!--more--><\/p>\n<p>Estos dos museos, nacido en 1931 el primero, y en 1995 el segundo, comparten edificios lindantes desde que en el 2004 se inaugurara la nueva sede del MAC y el MBA se mudara justo al lado, a la anterior sede del MAC.<\/p>\n<p>El MBA-MAC viene organizando sin interrupciones, y desde hace a\u00f1os, dos bienales, la regional y la nacional, intercal\u00e1ndose un a\u00f1o cada una. Mientras que la bienal regional apunta a permitir dar los primeros pasos en el circuito institucional a los artistas de la regi\u00f3n la nacional apuesta a permitirles dar el siguiente paso.<\/p>\n<p>Hay quien dice que para los artistas del interior hay dos puertas de ingreso al sistema institucional: el sal\u00f3n nacional de rosario, y las bienales de bah\u00eda blanca; celebremos entonces esta nueva edici\u00f3n que promete estar al nivel de las anteriores, y continua siendo un ejemplo de gesti\u00f3n en una provincia donde los municipios no suelen apostar mucho por el arte contempor\u00e1neo.<\/p>\n<p><strong>La Convocatoria\u00a0<\/strong><\/p>\n<p>La convocatoria de la Bienal se encuentra abierta para las disciplinas de Artes Visuales, Arte Sonoro, y Video Arte. El material se recibir\u00e1 hasta el d\u00eda 6 de marzo del 2013 a las 17.30 hs y existen dos modalidades de recepci\u00f3n digital (pdf via e-mail) para Artes Visuales, y postal para las otras dos disciplinas El \u00fanico requisito para participar es contar con dos a\u00f1os de residencia en el pa\u00eds.<\/p>\n<p>El jurado de selecci\u00f3n y premios de artes visuales estar\u00e1 constituido por Diana Aisenberg, Mar\u00eda Gainza y Leandro Tartaglia, y el de las obras de v\u00eddeo arte y arte sonoro estar\u00e1 constituido por Nicol\u00e1s Testoni, Horacio Culaciatti y Ricardo de Armas.<\/p>\n<p>Los premios a distribuir son los siguientes:<br \/>\n&#8211; Artes Visuales: Dos premios de 15 mil pesos cada uno.<br \/>\n&#8211; Video Arte: Un premio de $4000.<br \/>\n&#8211; Arte Sonoro: Un premio de $400.<br \/>\n&#8211; Menciones de Honor: el jurado podr\u00e1 otorgar las menciones que considere pertinente.<\/p>\n<p>Las obras seleccionadas por el jurado se exhibir\u00e1n a partir del 11 de Abril del 2013.<\/p>\n<p>Podes encontrar las bases completas en:<a href=\" http:\/\/mbamacbienal.blogspot.com.ar\/\" target=\"_blank\"> http:\/\/mbamacbienal.blogspot.com.ar\/<\/a><\/p>\n","protected":false},"excerpt":{"rendered":"<p>La gesti\u00f3n del MBA-MAC (Museo de Bellas Artes &#8211; Museo de Arte Contempor\u00e1neo de Bah\u00eda Blanca contin\u00faa dando el ejemplo, tanto a nivel provincial como nacional, con la apertura de la convocatoria para una nueva edici\u00f3n de la Bienal Nacional de Arte.<\/p>\n","protected":false},"author":11,"featured_media":0,"comment_status":"open","ping_status":"open","sticky":false,"template":"","format":"standard","meta":{"_jetpack_newsletter_access":"","_jetpack_dont_email_post_to_subs":false,"_jetpack_newsletter_tier_id":0,"_jetpack_memberships_contains_paywalled_content":false,"_jetpack_memberships_contains_paid_content":false,"footnotes":""},"categories":[53],"tags":[],"class_list":["post-5601","post","type-post","status-publish","format-standard","hentry","category-arte-cultura"],"jetpack_featured_media_url":"","jetpack_shortlink":"https:\/\/wp.me\/p2JWE0-1sl","jetpack-related-posts":[{"id":65509,"url":"https:\/\/www.24baires.com\/?p=65509","url_meta":{"origin":5601,"position":0},"title":"\u00abEste pa\u00eds no es para blandos ni tibios a quienes corren con tapas de diarios\u00bb","author":"GB","date":"07\/05\/2015","format":false,"excerpt":"As\u00ed lo asegur\u00f3 la Presidenta durante un acto transmitido por cadena nacional desde Chaco. Adem\u00e1s, inaugur\u00f3 por videoconferencia el Pabell\u00f3n argentino en la Bienal de Venecia 2015. \"Hay dos formas de llegar: con la gente al lado acompa\u00f1\u00e1ndote o con las caricias del poder, pero cuando te acarician los del\u2026","rel":"","context":"En \u00abPol\u00edtica\u00bb","block_context":{"text":"Pol\u00edtica","link":"https:\/\/www.24baires.com\/?cat=51"},"img":{"alt_text":"cristina chaco","src":"https:\/\/i0.wp.com\/www.24baires.com\/wp-content\/uploads\/2015\/05\/cristina-chaco.jpg?resize=350%2C200","width":350,"height":200,"srcset":"https:\/\/i0.wp.com\/www.24baires.com\/wp-content\/uploads\/2015\/05\/cristina-chaco.jpg?resize=350%2C200 1x, https:\/\/i0.wp.com\/www.24baires.com\/wp-content\/uploads\/2015\/05\/cristina-chaco.jpg?resize=525%2C300 1.5x"},"classes":[]},{"id":65500,"url":"https:\/\/www.24baires.com\/?p=65500","url_meta":{"origin":5601,"position":1},"title":"Cristina inaugura un hospital pedi\u00e1trico en Chaco","author":"AF","date":"07\/05\/2015","format":false,"excerpt":"Cristina Fern\u00e1ndez de Kichner encabeza el acto de habilitaci\u00f3n del nuevo edificio del hospital Avelino Castel\u00e1n. Adem\u00e1s, inaugura por videoconferencia el Pabell\u00f3n argentino en la Bienal de Venecia 2015. La presidenta Cristina Fern\u00e1ndez encabeza desde las 13.25 en el Chaco el acto de habilitaci\u00f3n del nuevo edificio del hospital Pedi\u00e1trico\u2026","rel":"","context":"En \u00abSociedad\u00bb","block_context":{"text":"Sociedad","link":"https:\/\/www.24baires.com\/?cat=1"},"img":{"alt_text":"crist","src":"https:\/\/i0.wp.com\/www.24baires.com\/wp-content\/uploads\/2015\/05\/crist.jpg?resize=350%2C200","width":350,"height":200,"srcset":"https:\/\/i0.wp.com\/www.24baires.com\/wp-content\/uploads\/2015\/05\/crist.jpg?resize=350%2C200 1x, https:\/\/i0.wp.com\/www.24baires.com\/wp-content\/uploads\/2015\/05\/crist.jpg?resize=525%2C300 1.5x"},"classes":[]},{"id":99160,"url":"https:\/\/www.24baires.com\/?p=99160","url_meta":{"origin":5601,"position":2},"title":"Bah\u00eda Blanca: Gay anuncia el recorte en la planta pol\u00edtica de su gabinete","author":"GB","date":"04\/12\/2017","format":false,"excerpt":"El intendente dar\u00e1 a conocer a quien desplazar\u00e1 a trav\u00e9s de una conferencia de prensa luego de reunirse con sus funcionarios. Ya recort\u00f3 horas extra, aunque le pag\u00f3 el hotel a los m\u00fasicos de Arjona. El intendente de Bah\u00eda Blanca, H\u00e9ctor Gay, profundiza su plan de recorte en las arcas\u2026","rel":"","context":"En \u00abMunicipios\u00bb","block_context":{"text":"Municipios","link":"https:\/\/www.24baires.com\/?cat=44"},"img":{"alt_text":"","src":"https:\/\/i0.wp.com\/www.24baires.com\/wp-content\/uploads\/2016\/06\/gay-bah%C3%ACa-blanca.jpg?resize=350%2C200","width":350,"height":200,"srcset":"https:\/\/i0.wp.com\/www.24baires.com\/wp-content\/uploads\/2016\/06\/gay-bah%C3%ACa-blanca.jpg?resize=350%2C200 1x, https:\/\/i0.wp.com\/www.24baires.com\/wp-content\/uploads\/2016\/06\/gay-bah%C3%ACa-blanca.jpg?resize=525%2C300 1.5x"},"classes":[]},{"id":94431,"url":"https:\/\/www.24baires.com\/?p=94431","url_meta":{"origin":5601,"position":3},"title":"El Gobierno entreg\u00f3 16 rutas a\u00e9reas a Avianca por 15 a\u00f1os","author":"AF","date":"11\/05\/2017","format":false,"excerpt":"La empresa colombiana las explotar\u00e1 por los pr\u00f3ximos 15 a\u00f1os. La oficializaci\u00f3n de las rutas se retras\u00f3 por un supuesto conflicto de intereses con la familia del presidente Macri, que hab\u00eda vendido Mac Air a esta empresa. Este jueves, el Gobierno oficializ\u00f3 la autorizaci\u00f3n a la empresa colombiana Avian L\u00edneas\u2026","rel":"","context":"En \u00abSociedad\u00bb","block_context":{"text":"Sociedad","link":"https:\/\/www.24baires.com\/?cat=1"},"img":{"alt_text":"","src":"https:\/\/i0.wp.com\/www.24baires.com\/wp-content\/uploads\/2017\/05\/avi%C3%B3n-avianca.jpg?resize=350%2C200","width":350,"height":200,"srcset":"https:\/\/i0.wp.com\/www.24baires.com\/wp-content\/uploads\/2017\/05\/avi%C3%B3n-avianca.jpg?resize=350%2C200 1x, https:\/\/i0.wp.com\/www.24baires.com\/wp-content\/uploads\/2017\/05\/avi%C3%B3n-avianca.jpg?resize=525%2C300 1.5x"},"classes":[]},{"id":10261,"url":"https:\/\/www.24baires.com\/?p=10261","url_meta":{"origin":5601,"position":4},"title":"El 2013 viene con cambios para la peculiar revista de Hern\u00e1n Casciari, &#8216;Orsai&#8217;","author":"AF","date":"23\/12\/2012","format":false,"excerpt":"La revista de literatura y cr\u00f3nica narrativa Orsai, dirigida por el escritor y periodista Hern\u00e1n Casciari, no contiene publicidad y es distribuida por sus propios lectores en Espa\u00f1a y gran parte de Latinoam\u00e9rica. Director de la revista desde su creaci\u00f3n en 2011, Casciari est\u00e1 radicado en Barcelona desde 2000 y\u2026","rel":"","context":"En \u00abArte &amp; Cultura\u00bb","block_context":{"text":"Arte &amp; Cultura","link":"https:\/\/www.24baires.com\/?cat=53"},"img":{"alt_text":"Orsai","src":"https:\/\/i0.wp.com\/www.24baires.com\/wp-content\/uploads\/2012\/12\/Orsai.jpg?resize=350%2C200","width":350,"height":200},"classes":[]},{"id":19503,"url":"https:\/\/www.24baires.com\/?p=19503","url_meta":{"origin":5601,"position":5},"title":"Proyectar\u00e1n en Bah\u00eda Blanca el documental \u00abEscuelita\u00bb, ganador del premio INCAA","author":"AF","date":"27\/03\/2013","format":false,"excerpt":"Un documental sobre el ex centro clandestino de detenci\u00f3n conocido como \"La Escuelita\" que funcion\u00f3 en el V Cuerpo se proyectar\u00e1 este mi\u00e9rcoles en Bah\u00eda Blanca, en el marco del 37 aniversario del \u00faltimo Golpe Militar. Se trata del documental que fue dirigido por el director Rodrigo Caprotti, de 30\u2026","rel":"","context":"En \u00abMemoria\u00bb","block_context":{"text":"Memoria","link":"https:\/\/www.24baires.com\/?cat=50"},"img":{"alt_text":"","src":"","width":0,"height":0},"classes":[]}],"jetpack_sharing_enabled":true,"jetpack_likes_enabled":true,"_links":{"self":[{"href":"https:\/\/www.24baires.com\/index.php?rest_route=\/wp\/v2\/posts\/5601","targetHints":{"allow":["GET"]}}],"collection":[{"href":"https:\/\/www.24baires.com\/index.php?rest_route=\/wp\/v2\/posts"}],"about":[{"href":"https:\/\/www.24baires.com\/index.php?rest_route=\/wp\/v2\/types\/post"}],"author":[{"embeddable":true,"href":"https:\/\/www.24baires.com\/index.php?rest_route=\/wp\/v2\/users\/11"}],"replies":[{"embeddable":true,"href":"https:\/\/www.24baires.com\/index.php?rest_route=%2Fwp%2Fv2%2Fcomments&post=5601"}],"version-history":[{"count":3,"href":"https:\/\/www.24baires.com\/index.php?rest_route=\/wp\/v2\/posts\/5601\/revisions"}],"predecessor-version":[{"id":5605,"href":"https:\/\/www.24baires.com\/index.php?rest_route=\/wp\/v2\/posts\/5601\/revisions\/5605"}],"wp:attachment":[{"href":"https:\/\/www.24baires.com\/index.php?rest_route=%2Fwp%2Fv2%2Fmedia&parent=5601"}],"wp:term":[{"taxonomy":"category","embeddable":true,"href":"https:\/\/www.24baires.com\/index.php?rest_route=%2Fwp%2Fv2%2Fcategories&post=5601"},{"taxonomy":"post_tag","embeddable":true,"href":"https:\/\/www.24baires.com\/index.php?rest_route=%2Fwp%2Fv2%2Ftags&post=5601"}],"curies":[{"name":"wp","href":"https:\/\/api.w.org\/{rel}","templated":true}]}}