{"id":5594,"date":"2012-11-15T08:10:23","date_gmt":"2012-11-15T11:10:23","guid":{"rendered":"http:\/\/www.24baires.com\/?p=5594"},"modified":"2012-11-15T19:43:34","modified_gmt":"2012-11-15T22:43:34","slug":"en-la-matanza-se-lo-cuentan-a-las-paredes","status":"publish","type":"post","link":"https:\/\/www.24baires.com\/?p=5594","title":{"rendered":"En La Matanza se lo \u00abcuentan a las paredes\u00bb"},"content":{"rendered":"<p><img data-recalc-dims=\"1\" loading=\"lazy\" decoding=\"async\" class=\"aligncenter size-full wp-image-5595\" title=\"paredes la matanza\" src=\"https:\/\/i0.wp.com\/www.24baires.com\/wp-content\/uploads\/2012\/11\/paredes-la-matanza.jpg?resize=560%2C420\" alt=\"\" width=\"560\" height=\"420\" srcset=\"https:\/\/i0.wp.com\/www.24baires.com\/wp-content\/uploads\/2012\/11\/paredes-la-matanza.jpg?w=560&amp;ssl=1 560w, https:\/\/i0.wp.com\/www.24baires.com\/wp-content\/uploads\/2012\/11\/paredes-la-matanza.jpg?resize=300%2C225&amp;ssl=1 300w\" sizes=\"auto, (max-width: 560px) 100vw, 560px\" \/><\/p>\n<p>El artista pl\u00e1stico de la Secretar\u00eda de Cultura y Educaci\u00f3n de La Matanza, Daniel Taccone, realiz\u00f3 un mural de 120 m\u00b2 en la Escuela N\u00ba 100 de San Justo, en el marco del programa \u201cContalo en la pared\u201d que vienen desarrollando en conjunto las secretar\u00edas de Desarrollo Social, Juventud y Cultura y Educaci\u00f3n desde el mes de septiembre.<!--more--><\/p>\n<p>El mismo propone un recorrido art\u00edstico, social y cultural por las instituciones educativas del distrito que busca a su vez consolidar el trabajo que la Secretar\u00eda de Juventud est\u00e1 realizando en las escuelas para promover la elecci\u00f3n de delegados de aula, la conformaci\u00f3n de centros de estudiantes y el acercamiento de las herramientas del estado municipal a los j\u00f3venes del distrito.<\/p>\n<p>En el caso del mural de la Escuela N\u00ba 100 \u201cSan Jorge\u201d, que este a\u00f1o cumpli\u00f3 50 a\u00f1os, la intervenci\u00f3n art\u00edstica estuvo a cargo del artista de la Secretar\u00eda de Cultura y Educaci\u00f3n de La Matanza, Daniel Taccone, que se especializa en la t\u00e9cnica de anamorfosis, con la que le da un efecto tridimensional a sus obras.<\/p>\n<p>Inspirado en el tranv\u00eda donde funcionaban originalmente algunas de sus aulas en los comienzos de la instituci\u00f3n, realiz\u00f3 el mural con figuras contundentes, con un delineado protag\u00f3nico y colores planos, de manera que el mural adquiera un efecto de movimiento seg\u00fan el \u00e1ngulo desde el que se lo vea.<br \/>\nA lo largo de los pr\u00f3ximos meses, \u00e9l y otros artistas locales continuar\u00e1n interviniendo con sus obras los espacios p\u00fablicos y las instituciones educativas de diferentes localidades de La Matanza.<\/p>\n","protected":false},"excerpt":{"rendered":"<p>El artista pl\u00e1stico de la Secretar\u00eda de Cultura y Educaci\u00f3n de La Matanza, Daniel Taccone, realiz\u00f3 un mural de 120 m\u00b2 en la Escuela N\u00ba 100 de San Justo, en el marco del programa \u201cContalo en la pared\u201d que vienen desarrollando en conjunto las secretar\u00edas de Desarrollo Social, Juventud y Cultura y Educaci\u00f3n desde el mes de septiembre.<\/p>\n","protected":false},"author":11,"featured_media":0,"comment_status":"open","ping_status":"open","sticky":false,"template":"","format":"standard","meta":{"_jetpack_newsletter_access":"","_jetpack_dont_email_post_to_subs":false,"_jetpack_newsletter_tier_id":0,"_jetpack_memberships_contains_paywalled_content":false,"_jetpack_memberships_contains_paid_content":false,"footnotes":""},"categories":[38],"tags":[],"class_list":["post-5594","post","type-post","status-publish","format-standard","hentry","category-locales"],"jetpack_featured_media_url":"","jetpack_shortlink":"https:\/\/wp.me\/p2JWE0-1se","jetpack-related-posts":[{"id":32357,"url":"https:\/\/www.24baires.com\/?p=32357","url_meta":{"origin":5594,"position":0},"title":"Inauguraron en La Matanza la muestra \u00abPrimavera de libros\u00bb","author":"AF","date":"24\/09\/2013","format":false,"excerpt":"La directora general de Cultura y Educaci\u00f3n, Nora De Luc\u00eda, junto al intendente de La Matanza, Fernando Espinoza, y el secretario de Cultura de la Naci\u00f3n, Jorge Coscia, encabezaron la inauguraci\u00f3n oficial de la sexta edici\u00f3n de la muestra \u201cPrimavera de Libros\u201d, exposici\u00f3n que fomenta la lectura y brinda material\u2026","rel":"","context":"En \u00abLocales\u00bb","block_context":{"text":"Locales","link":"https:\/\/www.24baires.com\/?cat=38"},"img":{"alt_text":"","src":"","width":0,"height":0},"classes":[]},{"id":25535,"url":"https:\/\/www.24baires.com\/?p=25535","url_meta":{"origin":5594,"position":1},"title":"M\u00e1s de 35 mil j\u00f3venes saltaron al ritmo de Miranda en La Matanza","author":"Grupo Sierra","date":"10\/06\/2013","format":false,"excerpt":"La banda de electropop m\u00e1s reconocida de Argentina toc\u00f3 el pasado domingo todos sus hits ante m\u00e1s de 35.000 j\u00f3venes durante el lanzamiento del Programa \u201c#ahoraelegis #ahoravotas\u201d de la Secretar\u00eda de Juventud de La Matanza. Este Programa permite a los j\u00f3venes votar el grupo que quieren que toque de manera\u2026","rel":"","context":"En \u00abMunicipios\u00bb","block_context":{"text":"Municipios","link":"https:\/\/www.24baires.com\/?cat=44"},"img":{"alt_text":"miranda la matanza","src":"https:\/\/i0.wp.com\/www.24baires.com\/wp-content\/uploads\/2013\/06\/miranda-la-matanza.jpg?resize=350%2C200","width":350,"height":200,"srcset":"https:\/\/i0.wp.com\/www.24baires.com\/wp-content\/uploads\/2013\/06\/miranda-la-matanza.jpg?resize=350%2C200 1x, https:\/\/i0.wp.com\/www.24baires.com\/wp-content\/uploads\/2013\/06\/miranda-la-matanza.jpg?resize=525%2C300 1.5x"},"classes":[]},{"id":22207,"url":"https:\/\/www.24baires.com\/?p=22207","url_meta":{"origin":5594,"position":2},"title":"\u201cLas escuelas t\u00e9cnicas tienen que ser el motor del desarrollo de la planificaci\u00f3n estrat\u00e9gica\u201d","author":"Grupo Sierra","date":"29\/04\/2013","format":false,"excerpt":"SAN JUSTO.- El Intendente de La Matanza, Fernando Espinoza, encabez\u00f3 este mediod\u00eda un acto en el cual se reconoci\u00f3 a las escuelas t\u00e9cnicas que participaron en 2012 de la Plaza Ciencia y anticip\u00f3 lo que ser\u00e1 la edici\u00f3n 2013, que ser\u00e1 del 12 al 19 de junio en el estacionamiento\u2026","rel":"","context":"En \u00abMunicipios\u00bb","block_context":{"text":"Municipios","link":"https:\/\/www.24baires.com\/?cat=44"},"img":{"alt_text":"ESPINOZA ESCUELAS T\u00c9CNICAS","src":"https:\/\/i0.wp.com\/www.24baires.com\/wp-content\/uploads\/2013\/04\/ESPINOZA-ESCUELAS-T%C3%89CNICAS.jpg?resize=350%2C200","width":350,"height":200,"srcset":"https:\/\/i0.wp.com\/www.24baires.com\/wp-content\/uploads\/2013\/04\/ESPINOZA-ESCUELAS-T%C3%89CNICAS.jpg?resize=350%2C200 1x, https:\/\/i0.wp.com\/www.24baires.com\/wp-content\/uploads\/2013\/04\/ESPINOZA-ESCUELAS-T%C3%89CNICAS.jpg?resize=525%2C300 1.5x"},"classes":[]},{"id":54772,"url":"https:\/\/www.24baires.com\/?p=54772","url_meta":{"origin":5594,"position":3},"title":"Comenz\u00f3 la VII Feria del Libro de La Matanza","author":"GB","date":"04\/10\/2014","format":false,"excerpt":"Se realiza en el campus de la Universidad Nacional de La Matanza (UNLaM), ubicado en San Justo y finalizar\u00e1 el 12 de octubre. \u201cEstos espacios son importantes y necesarios; y estas pol\u00edticas destinadas a incentivar la lectura deben tener continuidad\u201d, sostuvo la ministra de Cultura de la Naci\u00f3n Teresa Parodi,\u2026","rel":"","context":"En \u00abMunicipios\u00bb","block_context":{"text":"Municipios","link":"https:\/\/www.24baires.com\/?cat=44"},"img":{"alt_text":"","src":"","width":0,"height":0},"classes":[]},{"id":26698,"url":"https:\/\/www.24baires.com\/?p=26698","url_meta":{"origin":5594,"position":4},"title":"Miles de militantes realizaron jornadas solidarias en m\u00e1s de 80 localidades de la Provincia","author":"Grupo Sierra","date":"23\/06\/2013","format":false,"excerpt":"Junto a los vecinos, militantes de Unidos y Organizados llevaron adelante este fin de semana tareas de reacondicionamiento de plazas y espacios p\u00fablicos, desmalezamiento, zanjeo, pintura y refacci\u00f3n de escuelas, instituciones comunitarias y viviendas. Tambi\u00e9n se pintaron murales alusivos a la matanza de Jos\u00e9 Le\u00f3n Su\u00e1rez. En una nueva edici\u00f3n\u2026","rel":"","context":"En \u00abSociedad\u00bb","block_context":{"text":"Sociedad","link":"https:\/\/www.24baires.com\/?cat=1"},"img":{"alt_text":"","src":"","width":0,"height":0},"classes":[]},{"id":89105,"url":"https:\/\/www.24baires.com\/?p=89105","url_meta":{"origin":5594,"position":5},"title":"Pol\u00e9mico: el Gobierno mand\u00f3 a tapar un mural de N\u00e9stor y Cristina Kirchner","author":"GB","date":"25\/10\/2016","format":false,"excerpt":"Estaba ubicado en la Casa Patria Grande, los ex presidentes estaban abrazados a Evo Morales, Hugo Chavez, Lula Da Silva, Fidel Castro y Rafael Correa. El Gobierno, a trav\u00e9s del Ministerio de Cultura, transformar\u00e1 el espacio en la \"Casa Creativa del Sur\". El Gobierno de Mauricio Macri decidi\u00f3 tapar el\u2026","rel":"","context":"En \u00abPol\u00edtica\u00bb","block_context":{"text":"Pol\u00edtica","link":"https:\/\/www.24baires.com\/?cat=51"},"img":{"alt_text":"580f5fe9125e5_750x422","src":"https:\/\/i0.wp.com\/www.24baires.com\/wp-content\/uploads\/2016\/10\/580f5fe9125e5_750x422.jpg?resize=350%2C200","width":350,"height":200,"srcset":"https:\/\/i0.wp.com\/www.24baires.com\/wp-content\/uploads\/2016\/10\/580f5fe9125e5_750x422.jpg?resize=350%2C200 1x, https:\/\/i0.wp.com\/www.24baires.com\/wp-content\/uploads\/2016\/10\/580f5fe9125e5_750x422.jpg?resize=525%2C300 1.5x"},"classes":[]}],"jetpack_sharing_enabled":true,"jetpack_likes_enabled":true,"_links":{"self":[{"href":"https:\/\/www.24baires.com\/index.php?rest_route=\/wp\/v2\/posts\/5594","targetHints":{"allow":["GET"]}}],"collection":[{"href":"https:\/\/www.24baires.com\/index.php?rest_route=\/wp\/v2\/posts"}],"about":[{"href":"https:\/\/www.24baires.com\/index.php?rest_route=\/wp\/v2\/types\/post"}],"author":[{"embeddable":true,"href":"https:\/\/www.24baires.com\/index.php?rest_route=\/wp\/v2\/users\/11"}],"replies":[{"embeddable":true,"href":"https:\/\/www.24baires.com\/index.php?rest_route=%2Fwp%2Fv2%2Fcomments&post=5594"}],"version-history":[{"count":2,"href":"https:\/\/www.24baires.com\/index.php?rest_route=\/wp\/v2\/posts\/5594\/revisions"}],"predecessor-version":[{"id":5600,"href":"https:\/\/www.24baires.com\/index.php?rest_route=\/wp\/v2\/posts\/5594\/revisions\/5600"}],"wp:attachment":[{"href":"https:\/\/www.24baires.com\/index.php?rest_route=%2Fwp%2Fv2%2Fmedia&parent=5594"}],"wp:term":[{"taxonomy":"category","embeddable":true,"href":"https:\/\/www.24baires.com\/index.php?rest_route=%2Fwp%2Fv2%2Fcategories&post=5594"},{"taxonomy":"post_tag","embeddable":true,"href":"https:\/\/www.24baires.com\/index.php?rest_route=%2Fwp%2Fv2%2Ftags&post=5594"}],"curies":[{"name":"wp","href":"https:\/\/api.w.org\/{rel}","templated":true}]}}