{"id":5587,"date":"2012-11-15T16:10:14","date_gmt":"2012-11-15T19:10:14","guid":{"rendered":"http:\/\/www.24baires.com\/?p=5587"},"modified":"2012-11-15T19:22:35","modified_gmt":"2012-11-15T22:22:35","slug":"arlia-cruzo-a-tn-por-mentir-sobre-el-hospital-alberto-balestrini","status":"publish","type":"post","link":"https:\/\/www.24baires.com\/?p=5587","title":{"rendered":"Arl\u00eda cruz\u00f3 a TN por mentir sobre el Hospital Alberto Balestrini"},"content":{"rendered":"<p>El ministro de Infraestructura de la provincia de Buenos Aires, Alejandro Arl\u00eda, asegur\u00f3 hoy que las obras realizadas en ese centro de salud de La Matanza tienen un costo de 130 millones de pesos y que tendr\u00e1 vital importancia para los habitantes de la provincia, desmintiendo el informe elaborado por el grupo Clar\u00edn, desde donde se afirm\u00f3 que esa obra ya se hab\u00eda inaugurado.<!--more--><br \/>\nArl\u00eda se refiri\u00f3 de esta manera a la obra que se est\u00e1 llevando a cabo en el partido de La Matanza y, sobre la que el canal Todo Noticias del grupo Clar\u00edn, realiz\u00f3 un informe asegurando que la obra hab\u00eda sido inaugurada en 2009 y a\u00fan estaba sin funcionar.<\/p>\n<p>\u00abEsa informaci\u00f3n est\u00e1 totalmente tergiversada porque la Presidenta, en mayo de 2009, cuando ellos dicen que inaugur\u00f3 el hospital, present\u00f3 la obra y dio el nombre del Hospital, que ser\u00e1 Alberto Balestrini, en honor al vicegobernador de la provincia que a\u00fan se est\u00e1 recuperando de un ACV\u00bb, indic\u00f3 Arl\u00eda.<\/p>\n<p>En este sentido, asegur\u00f3 que \u00abadem\u00e1s esta obra es responsabilidad de la provincia de Buenos Aires, es una obra de 130 millones de pesos con financiamiento del BID y est\u00e1 bajo ejecuci\u00f3n y supervisi\u00f3n de la provincia\u00bb.<\/p>\n<p>\u00abEstamos hablando de una obra de 20.000 metros cuadrados que incluir\u00e1 m\u00e1s de 100 camas de internaci\u00f3n, salas de neonatolog\u00eda, guardia pedi\u00e1trica, centros de diagn\u00f3stico, salas de terapia intensiva, salas de enfermer\u00eda, para que tengamos dimensi\u00f3n de la obra\u00bb, destac\u00f3.<\/p>\n<p>Arl\u00eda tambi\u00e9n hizo referencia a las fechas de la obra, \u00abla inauguraci\u00f3n prevista era octubre de este a\u00f1o pero debido a los d\u00edas de lluvia que hemos tenido y porque estamos terminando de recibir equipamiento, decidimos que la inauguraci\u00f3n sea en marzo del a\u00f1o pr\u00f3ximo porque no quisimos hacer una inauguraci\u00f3n parcial y despu\u00e9s tener que derivar pacientes\u00bb.<\/p>\n<p>&nbsp;<\/p>\n<p>&nbsp;<\/p>\n<p>&nbsp;<\/p>\n<p>&nbsp;<\/p>\n","protected":false},"excerpt":{"rendered":"<p>El ministro de Infraestructura de la provincia de Buenos Aires, Alejandro Arl\u00eda, asegur\u00f3 hoy que las obras realizadas en ese centro de salud de La Matanza tienen un costo de 130 millones de pesos y que tendr\u00e1 vital importancia para los habitantes de la provincia, desmintiendo el informe elaborado por el grupo Clar\u00edn, desde donde se afirm\u00f3 que esa obra [&#8230;]<\/p>\n","protected":false},"author":11,"featured_media":0,"comment_status":"open","ping_status":"open","sticky":false,"template":"","format":"standard","meta":{"_jetpack_newsletter_access":"","_jetpack_dont_email_post_to_subs":false,"_jetpack_newsletter_tier_id":0,"_jetpack_memberships_contains_paywalled_content":false,"_jetpack_memberships_contains_paid_content":false,"footnotes":""},"categories":[40],"tags":[],"class_list":["post-5587","post","type-post","status-publish","format-standard","hentry","category-provincia"],"jetpack_featured_media_url":"","jetpack_shortlink":"https:\/\/wp.me\/p2JWE0-1s7","jetpack-related-posts":[{"id":17801,"url":"https:\/\/www.24baires.com\/?p=17801","url_meta":{"origin":5587,"position":0},"title":"El ministro Arl\u00eda inaugur\u00f3 obras en Carmen de Patagones","author":"AF","date":"08\/03\/2013","format":false,"excerpt":"En el marco del aniversario del combate de Patagones, el ministro Alejandro Arl\u00eda; el administrador de Vialidad, Ricardo Curetti; y parte del gabinete de Infraestructura, participaron en la ciudad sure\u00f1a de la celebraci\u00f3n, junto al intendente Jabier Garc\u00e9s, e inauguraron obras. En un acto realizado en el Cerro de la\u2026","rel":"","context":"En \u00abLocales\u00bb","block_context":{"text":"Locales","link":"https:\/\/www.24baires.com\/?cat=38"},"img":{"alt_text":"arl\u00eda en patagones","src":"https:\/\/i0.wp.com\/www.24baires.com\/wp-content\/uploads\/2013\/03\/arl%C3%ADa-en-patagones.png?resize=350%2C200","width":350,"height":200},"classes":[]},{"id":38008,"url":"https:\/\/www.24baires.com\/?p=38008","url_meta":{"origin":5587,"position":1},"title":"Mar del Plata: contin\u00faan las obras de ampliaci\u00f3n del Materno Infantil","author":"Grupo Sierra","date":"06\/01\/2014","format":false,"excerpt":"Por un monto de m\u00e1s de 23 millones de pesos de inversi\u00f3n, el ministerio de Infraestructura bonaerense inform\u00f3 la continuidad de la obra de ampliaci\u00f3n del Centro Obst\u00e9trico, Internaci\u00f3n Maternidad, Pediatr\u00eda y Neonatolog\u00eda del Hospital Tetamanti, de Mar del Plata. En ese marco, el ministro Alejandro Arl\u00eda explic\u00f3 que \u201chemos\u2026","rel":"","context":"En \u00abLocales\u00bb","block_context":{"text":"Locales","link":"https:\/\/www.24baires.com\/?cat=38"},"img":{"alt_text":"","src":"","width":0,"height":0},"classes":[]},{"id":27054,"url":"https:\/\/www.24baires.com\/?p=27054","url_meta":{"origin":5587,"position":2},"title":"La Madrid: inauguran obras y anuncian otras nuevas","author":"AF","date":"28\/06\/2013","format":false,"excerpt":"El ministro de Infraestructura bonaerense Alejandro Arl\u00eda, visit\u00f3 el distrito de General La Madrid que comanda Juan Carlos Pellitta, e inaugur\u00f3 la obra de repavimentaci\u00f3n de la Ruta N\u00b0 86 y una planta de GLP en La Colina. Sobre la Ruta Provincial N\u00b086, el ministro explic\u00f3 \u201cha sido un esfuerzo\u2026","rel":"","context":"En \u00abLocales\u00bb","block_context":{"text":"Locales","link":"https:\/\/www.24baires.com\/?cat=38"},"img":{"alt_text":"","src":"","width":0,"height":0},"classes":[]},{"id":73327,"url":"https:\/\/www.24baires.com\/?p=73327","url_meta":{"origin":5587,"position":3},"title":"Scioli inaugur\u00f3 una \u201cobra de ingenier\u00eda de vanguardia\u201d para la canalizaci\u00f3n del arroyo El Gato","author":"GB","date":"08\/10\/2015","format":false,"excerpt":"LA PLATA-El gobernador bonaerense inaugur\u00f3 hoy la obra de saneamiento del arroyo El Gato y consider\u00f3 que la capital de la provincia de Buenos Aires \"va a ser una gran protagonista en la etapa del gran desarrollo nacional\". Al recorrer la zona junto al intendente de La Plata, Pablo Bruera,\u2026","rel":"","context":"En \u00abPol\u00edtica\u00bb","block_context":{"text":"Pol\u00edtica","link":"https:\/\/www.24baires.com\/?cat=51"},"img":{"alt_text":"bunker scioli","src":"https:\/\/i0.wp.com\/www.24baires.com\/wp-content\/uploads\/2015\/08\/bunker-scioli.jpg?resize=350%2C200","width":350,"height":200},"classes":[]},{"id":56873,"url":"https:\/\/www.24baires.com\/?p=56873","url_meta":{"origin":5587,"position":4},"title":"Arl\u00eda: \u201cCada vez invertimos m\u00e1s en obras hidr\u00e1ulicas\u00bb","author":"GB","date":"10\/11\/2014","format":false,"excerpt":"El ministro de Infraestructura, Alejandro Arl\u00eda, asegur\u00f3 hoy que desde la gesti\u00f3n de Daniel Scioli \"cada vez se invierte m\u00e1s en obras hidr\u00e1ulicas\". Inform\u00f3 que se terminaron tareas de este tipo en 107 municipios y hay obras hidr\u00e1ulicas en ejecuci\u00f3n en otros 38\". \u201cCada vez invertimos un porcentaje mayor a\u2026","rel":"","context":"En \u00abProvincia\u00bb","block_context":{"text":"Provincia","link":"https:\/\/www.24baires.com\/?cat=40"},"img":{"alt_text":"arl\u00eda","src":"https:\/\/i0.wp.com\/www.24baires.com\/wp-content\/uploads\/2014\/06\/arl%C3%ADa.jpg?resize=350%2C200","width":350,"height":200,"srcset":"https:\/\/i0.wp.com\/www.24baires.com\/wp-content\/uploads\/2014\/06\/arl%C3%ADa.jpg?resize=350%2C200 1x, https:\/\/i0.wp.com\/www.24baires.com\/wp-content\/uploads\/2014\/06\/arl%C3%ADa.jpg?resize=525%2C300 1.5x"},"classes":[]},{"id":68176,"url":"https:\/\/www.24baires.com\/?p=68176","url_meta":{"origin":5587,"position":5},"title":"Provincia ampliar\u00e1 el Hospital Fossati de Balcarce","author":"AF","date":"26\/06\/2015","format":false,"excerpt":"El titular de Infraestructura, Alejandro Arl\u00eda, firm\u00f3, acompa\u00f1ado por el intendente de Balcarce, Jos\u00e9 Enrique Echeverr\u00eda, y la presidenta del Profide, Marta Albamonte, los contratos de obra para llevar adelante la ampliaci\u00f3n del Hospital Municipal Subzonal \u201cFelipe A. Fossati\u201d, por casi 30 millones de pesos. \u201cComo siempre dice el gobernador\u2026","rel":"","context":"En \u00abLocales\u00bb","block_context":{"text":"Locales","link":"https:\/\/www.24baires.com\/?cat=38"},"img":{"alt_text":"hospital fossati balcarce","src":"https:\/\/i0.wp.com\/www.24baires.com\/wp-content\/uploads\/2015\/06\/hospital-fossati-balcarce.jpg?resize=350%2C200","width":350,"height":200,"srcset":"https:\/\/i0.wp.com\/www.24baires.com\/wp-content\/uploads\/2015\/06\/hospital-fossati-balcarce.jpg?resize=350%2C200 1x, https:\/\/i0.wp.com\/www.24baires.com\/wp-content\/uploads\/2015\/06\/hospital-fossati-balcarce.jpg?resize=525%2C300 1.5x"},"classes":[]}],"jetpack_sharing_enabled":true,"jetpack_likes_enabled":true,"_links":{"self":[{"href":"https:\/\/www.24baires.com\/index.php?rest_route=\/wp\/v2\/posts\/5587","targetHints":{"allow":["GET"]}}],"collection":[{"href":"https:\/\/www.24baires.com\/index.php?rest_route=\/wp\/v2\/posts"}],"about":[{"href":"https:\/\/www.24baires.com\/index.php?rest_route=\/wp\/v2\/types\/post"}],"author":[{"embeddable":true,"href":"https:\/\/www.24baires.com\/index.php?rest_route=\/wp\/v2\/users\/11"}],"replies":[{"embeddable":true,"href":"https:\/\/www.24baires.com\/index.php?rest_route=%2Fwp%2Fv2%2Fcomments&post=5587"}],"version-history":[{"count":3,"href":"https:\/\/www.24baires.com\/index.php?rest_route=\/wp\/v2\/posts\/5587\/revisions"}],"predecessor-version":[{"id":5590,"href":"https:\/\/www.24baires.com\/index.php?rest_route=\/wp\/v2\/posts\/5587\/revisions\/5590"}],"wp:attachment":[{"href":"https:\/\/www.24baires.com\/index.php?rest_route=%2Fwp%2Fv2%2Fmedia&parent=5587"}],"wp:term":[{"taxonomy":"category","embeddable":true,"href":"https:\/\/www.24baires.com\/index.php?rest_route=%2Fwp%2Fv2%2Fcategories&post=5587"},{"taxonomy":"post_tag","embeddable":true,"href":"https:\/\/www.24baires.com\/index.php?rest_route=%2Fwp%2Fv2%2Ftags&post=5587"}],"curies":[{"name":"wp","href":"https:\/\/api.w.org\/{rel}","templated":true}]}}