{"id":5577,"date":"2012-11-15T16:44:30","date_gmt":"2012-11-15T19:44:30","guid":{"rendered":"http:\/\/www.24baires.com\/?p=5577"},"modified":"2012-11-15T16:44:30","modified_gmt":"2012-11-15T19:44:30","slug":"la-expropiacion-de-la-casa-de-barreda-es-ley","status":"publish","type":"post","link":"https:\/\/www.24baires.com\/?p=5577","title":{"rendered":"La expropiaci\u00f3n de la casa de Barreda es ley"},"content":{"rendered":"<p>La C\u00e1mara alta bonaerense aprob\u00f3 hoy el proyecto que expropia la vivienda del odont\u00f3logo que hace 20 a\u00f1os asesin\u00f3 a su mujer, su suegra y sus dos hijas. Ahora ser\u00e1 convertida en sede de la ONG Mar\u00eda Pueblo, que brinda alojamiento y asistencia a las mujeres v\u00edctimas de violencia dom\u00e9stica.<!--more--><\/p>\n<p>La iniciativa, impulsada por el legislador del Frente para la Victoria, Gabriel Bruera, que fue convertida en ley esta tarde en el Senado provincial, prev\u00e9 que el Gobierno bonaerense asuma la expropiaci\u00f3n del inmueble y que sea el municipio de La Plata el que sostenga econ\u00f3micamente al centro Mar\u00eda Pueblo.<\/p>\n<p>La norma \u201cllega para hacer un aporte concreto a la prevenci\u00f3n de la Violencia de G\u00e9nero, en consonancia con todas las actividades y pol\u00edticas desarrolladas hasta el momento, tanto por las instituciones intermedias, organizaciones civiles; como as\u00ed tambi\u00e9n el Estado nacional, provincial y municipal\u00bb, fundament\u00f3 Bruera.<\/p>\n<p>La vivienda que tiene dos plantas y est\u00e1 ubicada en las calles 48 entre 10 y 11 de La Plata, est\u00e1 abandonada desde que en noviembre de 1992, el odont\u00f3logo Ricardo Barreda mat\u00f3 a escopetazos a su esposa, a su suegra y a sus dos hijas.<\/p>\n<p>Por este hecho fue condenado en 1995 a reclusi\u00f3n perpetua, pero a fines de marzo \u00faltimo, obtuvo la libertad condicional.<\/p>\n<p>El municipio platense le reclama a Barreda el pago de 13.169 pesos en concepto de la tasa de Servicios Urbanos Municipales, la cual no se paga desde 1995 y suma m\u00e1s de 6 mil pesos de intereses.<\/p>\n<p>En tanto, hay una solicitud de pago presentada por la empresa prestataria del servicio de agua y cloaca, ABSA, por un monto total 11.832 pesos, a los que se suman 4.733 de intereses, y otro de la Agencia de Recaudaci\u00f3n de Buenos Aires con un monto similar, seg\u00fan se inform\u00f3.<\/p>\n<p>Barreda y la familia de su ex esposa, manten\u00edan una disputa judicial por la tenencia del inmueble, que tiene una valuaci\u00f3n de mercado superior al medio mill\u00f3n de d\u00f3lares.<\/p>\n<p>&nbsp;<\/p>\n<p>&nbsp;<\/p>\n","protected":false},"excerpt":{"rendered":"<p>La C\u00e1mara alta bonaerense aprob\u00f3 hoy el proyecto que expropia la vivienda del odont\u00f3logo que hace 20 a\u00f1os asesin\u00f3 a su mujer, su suegra y sus dos hijas. Ahora ser\u00e1 convertida en sede de la ONG Mar\u00eda Pueblo, que brinda alojamiento y asistencia a las mujeres v\u00edctimas de violencia dom\u00e9stica.<\/p>\n","protected":false},"author":11,"featured_media":0,"comment_status":"open","ping_status":"open","sticky":false,"template":"","format":"standard","meta":{"_jetpack_newsletter_access":"","_jetpack_dont_email_post_to_subs":false,"_jetpack_newsletter_tier_id":0,"_jetpack_memberships_contains_paywalled_content":false,"_jetpack_memberships_contains_paid_content":false,"footnotes":""},"categories":[40],"tags":[],"class_list":["post-5577","post","type-post","status-publish","format-standard","hentry","category-provincia"],"jetpack_featured_media_url":"","jetpack_shortlink":"https:\/\/wp.me\/p2JWE0-1rX","jetpack-related-posts":[{"id":4657,"url":"https:\/\/www.24baires.com\/?p=4657","url_meta":{"origin":5577,"position":0},"title":"La casa de Barreda podr\u00eda convertirse en un centro de asistencia para v\u00edctimas de violencia de g\u00e9nero","author":"AF","date":"07\/11\/2012","format":false,"excerpt":"El Senado de la provincia de Buenos Aires podr\u00eda aprobar la semana que viene el proyecto de ley que establece la expropiaci\u00f3n de la casa de Ricardo Barreda, el odont\u00f3logo platense que asesin\u00f3 a sus dos hijas, a su esposa y a su suegra en noviembre de 1992, en su\u2026","rel":"","context":"En \u00abSociedad\u00bb","block_context":{"text":"Sociedad","link":"https:\/\/www.24baires.com\/?cat=1"},"img":{"alt_text":"","src":"https:\/\/i0.wp.com\/www.24baires.com\/wp-content\/uploads\/2012\/11\/casa-barreda.png?resize=350%2C200","width":350,"height":200},"classes":[]},{"id":33892,"url":"https:\/\/www.24baires.com\/?p=33892","url_meta":{"origin":5577,"position":1},"title":"Convertir\u00e1n la casa de Barreda en un centro contra la violencia de g\u00e9nero","author":"GB","date":"21\/10\/2013","format":false,"excerpt":"LA PLATA-\u00a0La casa en la que odont\u00f3logo Ricardo Barreda asesin\u00f3 a su esposa, sus hijas y su suegra, en La Plata, ser\u00e1 transformada en un centro de referencia contra la violencia de g\u00e9nero, inform\u00f3 Dar\u00edo Witt, coordinador de la Casa Mar\u00eda Pueblo. Explic\u00f3 que junto a la Municipalidad de La\u2026","rel":"","context":"En \u00abSociedad\u00bb","block_context":{"text":"Sociedad","link":"https:\/\/www.24baires.com\/?cat=1"},"img":{"alt_text":"","src":"","width":0,"height":0},"classes":[]},{"id":118936,"url":"https:\/\/www.24baires.com\/?p=118936","url_meta":{"origin":5577,"position":2},"title":"Alberto y Cristina encabezar\u00e1n el acto por los 100 a\u00f1os de YPF","author":"AF","date":"02\/06\/2022","format":false,"excerpt":"El encuentro ser\u00e1 este viernes a las 17 en el predio de Tecn\u00f3polis. La petrolera celebrar\u00e1 tambi\u00e9n los 10 a\u00f1os de su expropiaci\u00f3n. El presidente Alberto Fern\u00e1ndez y la vicepresidenta Cristina Fern\u00e1ndez de Kirchner encabezar\u00e1n ma\u00f1ana el acto por el centenario de la empresa estatal de energ\u00eda Yacimientos Petrol\u00edferos Fiscales\u2026","rel":"","context":"En \u00abLocales\u00bb","block_context":{"text":"Locales","link":"https:\/\/www.24baires.com\/?cat=38"},"img":{"alt_text":"","src":"https:\/\/i0.wp.com\/www.24baires.com\/wp-content\/uploads\/2019\/10\/alberto-y-cristina.jpg?resize=350%2C200","width":350,"height":200,"srcset":"https:\/\/i0.wp.com\/www.24baires.com\/wp-content\/uploads\/2019\/10\/alberto-y-cristina.jpg?resize=350%2C200 1x, https:\/\/i0.wp.com\/www.24baires.com\/wp-content\/uploads\/2019\/10\/alberto-y-cristina.jpg?resize=525%2C300 1.5x, https:\/\/i0.wp.com\/www.24baires.com\/wp-content\/uploads\/2019\/10\/alberto-y-cristina.jpg?resize=700%2C400 2x"},"classes":[]},{"id":115405,"url":"https:\/\/www.24baires.com\/?p=115405","url_meta":{"origin":5577,"position":3},"title":"Fern\u00e1ndez advirti\u00f3 al juez del caso Vicentin que si no acepta la propuesta de Perotti habr\u00e1 expropiaci\u00f3n","author":"AF","date":"20\/06\/2020","format":false,"excerpt":"El Presidente de la Naci\u00f3n critic\u00f3 duramente el fallo del magistrado santafesino que orden\u00f3 reponer al directorio de la compa\u00f1\u00eda. Tras fallo del juez de Reconquista, Fabi\u00e1n Lorenzini que hab\u00eda ordenado reponer el directorio de la compa\u00f1\u00eda Vicentin, Alberto Fern\u00e1ndez advirti\u00f3 al magistrado que si no acepta la propuesta del\u2026","rel":"","context":"En \u00abPol\u00edtica\u00bb","block_context":{"text":"Pol\u00edtica","link":"https:\/\/www.24baires.com\/?cat=51"},"img":{"alt_text":"","src":"https:\/\/i0.wp.com\/www.24baires.com\/wp-content\/uploads\/2020\/06\/vicent%C3%ADn.jpg?resize=350%2C200","width":350,"height":200,"srcset":"https:\/\/i0.wp.com\/www.24baires.com\/wp-content\/uploads\/2020\/06\/vicent%C3%ADn.jpg?resize=350%2C200 1x, https:\/\/i0.wp.com\/www.24baires.com\/wp-content\/uploads\/2020\/06\/vicent%C3%ADn.jpg?resize=525%2C300 1.5x"},"classes":[]},{"id":105836,"url":"https:\/\/www.24baires.com\/?p=105836","url_meta":{"origin":5577,"position":4},"title":"Trabajadores despedidos de SIAM marchan al Ministerio de Trabajo","author":"GB","date":"10\/12\/2018","format":false,"excerpt":"Los operarios echados de la metal\u00fargica ubicada en Avellaneda protestar\u00e1n a las 11.30 en las puertas del organismo en el marco de una nueva audiencia con la empresa. Ma\u00f1ana vence el plazo de la conciliaci\u00f3n obligatoria y la firma se niega a reincorporar a sus empleados. El conflicto desatado en\u2026","rel":"","context":"En \u00abSociedad\u00bb","block_context":{"text":"Sociedad","link":"https:\/\/www.24baires.com\/?cat=1"},"img":{"alt_text":"","src":"https:\/\/i0.wp.com\/www.24baires.com\/wp-content\/uploads\/2018\/12\/siam.jpg?resize=350%2C200","width":350,"height":200,"srcset":"https:\/\/i0.wp.com\/www.24baires.com\/wp-content\/uploads\/2018\/12\/siam.jpg?resize=350%2C200 1x, https:\/\/i0.wp.com\/www.24baires.com\/wp-content\/uploads\/2018\/12\/siam.jpg?resize=525%2C300 1.5x"},"classes":[]},{"id":92796,"url":"https:\/\/www.24baires.com\/?p=92796","url_meta":{"origin":5577,"position":5},"title":"Desalojaron una f\u00e1brica recuperada por los trabajadores en Merlo","author":"GB","date":"03\/03\/2017","format":false,"excerpt":"La cooperativa Acoplados del Oeste, ex Petinari, fue desalojada esta ma\u00f1ana con un operativo policial que incluy\u00f3 m\u00e1s de 500 efectivos de distintas fuerzas de seguridad. Fue tras el veto de la ley provincial que expropiaba la f\u00e1brica. El operativo, que se produjo esta ma\u00f1ana sin aviso previo, y que\u2026","rel":"","context":"En \u00abLocales\u00bb","block_context":{"text":"Locales","link":"https:\/\/www.24baires.com\/?cat=38"},"img":{"alt_text":"","src":"https:\/\/i0.wp.com\/www.24baires.com\/wp-content\/uploads\/2017\/03\/cierre-cooperativa-merlo.jpg?resize=350%2C200","width":350,"height":200,"srcset":"https:\/\/i0.wp.com\/www.24baires.com\/wp-content\/uploads\/2017\/03\/cierre-cooperativa-merlo.jpg?resize=350%2C200 1x, https:\/\/i0.wp.com\/www.24baires.com\/wp-content\/uploads\/2017\/03\/cierre-cooperativa-merlo.jpg?resize=525%2C300 1.5x"},"classes":[]}],"jetpack_sharing_enabled":true,"jetpack_likes_enabled":true,"_links":{"self":[{"href":"https:\/\/www.24baires.com\/index.php?rest_route=\/wp\/v2\/posts\/5577","targetHints":{"allow":["GET"]}}],"collection":[{"href":"https:\/\/www.24baires.com\/index.php?rest_route=\/wp\/v2\/posts"}],"about":[{"href":"https:\/\/www.24baires.com\/index.php?rest_route=\/wp\/v2\/types\/post"}],"author":[{"embeddable":true,"href":"https:\/\/www.24baires.com\/index.php?rest_route=\/wp\/v2\/users\/11"}],"replies":[{"embeddable":true,"href":"https:\/\/www.24baires.com\/index.php?rest_route=%2Fwp%2Fv2%2Fcomments&post=5577"}],"version-history":[{"count":1,"href":"https:\/\/www.24baires.com\/index.php?rest_route=\/wp\/v2\/posts\/5577\/revisions"}],"predecessor-version":[{"id":5578,"href":"https:\/\/www.24baires.com\/index.php?rest_route=\/wp\/v2\/posts\/5577\/revisions\/5578"}],"wp:attachment":[{"href":"https:\/\/www.24baires.com\/index.php?rest_route=%2Fwp%2Fv2%2Fmedia&parent=5577"}],"wp:term":[{"taxonomy":"category","embeddable":true,"href":"https:\/\/www.24baires.com\/index.php?rest_route=%2Fwp%2Fv2%2Fcategories&post=5577"},{"taxonomy":"post_tag","embeddable":true,"href":"https:\/\/www.24baires.com\/index.php?rest_route=%2Fwp%2Fv2%2Ftags&post=5577"}],"curies":[{"name":"wp","href":"https:\/\/api.w.org\/{rel}","templated":true}]}}