{"id":5568,"date":"2012-11-15T14:40:25","date_gmt":"2012-11-15T17:40:25","guid":{"rendered":"http:\/\/www.24baires.com\/?p=5568"},"modified":"2012-11-15T15:07:06","modified_gmt":"2012-11-15T18:07:06","slug":"proponen-crear-un-registro-de-sectas-y-grupos-pseudo-religiosos","status":"publish","type":"post","link":"https:\/\/www.24baires.com\/?p=5568","title":{"rendered":"Proponen crear un registro de sectas y grupos pseudo-religiosos"},"content":{"rendered":"<p>El proyecto pertenece al diputado provincial de la Coalici\u00f3n C\u00edvica, Oscar Negrelli, quien afirm\u00f3 que esta n\u00f3mina \u00able permitir\u00e1 al Estado prevenir casos fraudulentos o de manipulaci\u00f3n psicol\u00f3gica, que pueden llevar a las personas a situaciones de servidumbre o esclavitud en algunos casos\u00bb. <!--more--><\/p>\n<p>El diputado provincial de la Coalici\u00f3n C\u00edvica-ARI, Oscar Negrelli, present\u00f3 un proyecto por el cual se crea un registro de nuevos movimientos religiosos, grupos pseudo-religiosos y\/o sectas en territorio bonaerense.<\/p>\n<p>\u201cEsto permitir\u00e1 al Estado prevenir casos fraudulentos o de manipulaci\u00f3n psicol\u00f3gica, que como sabemos, pueden llevar a las personas a situaciones de servidumbre o esclavitud en algunos casos\u201d, afirm\u00f3 el legislador.<\/p>\n<p>El proyecto presentado por la CC permitir\u00eda \u201clograr un conocimiento objetivo de los nuevos grupos religiosos o sectas dentro del \u00e1mbito de la Provincia, indispensable para informar a la poblaci\u00f3n sobre trayectoria o posibles hechos fraudulentos, la existencia de explotaci\u00f3n, la falta de \u00e9tica o escasa transparencia\u201d.<\/p>\n<p>El diputado Negrelli apunt\u00f3 que \u201cson conocidos casos de grupos religiosos minoritarios o sectas con presencia de t\u00e9cnicas psicofisiol\u00f3gicas de manipulaci\u00f3n que propician la servidumbre, la sumisi\u00f3n, la esclavitud, la discriminaci\u00f3n, entre otras\u201d.<\/p>\n<p>\u201cEste proyecto crea la herramienta para que el Estado prevenga o intervenga estas situaciones, cubriendo el vac\u00edo existente hasta hoy\u201d, enfatiz\u00f3, para luego indicar que \u201ccreer en libertad es un derecho, incuestionable, pero tambi\u00e9n es un derecho conocer qu\u00e9 sucede cuando los nuevos movimientos religiosos inducen sometimiento a trav\u00e9s de supuestas creencias\u201d.<\/p>\n<p>\u201cSi bien este tipo de propuestas suelen presentarse como positivas, pueden ser utilizadas como un disfraz de objetivos frecuentemente nocivos para el resto de la sociedad y para el propio individuo\u201d, finaliz\u00f3 el ex candidato a intendente de La Plata.<\/p>\n","protected":false},"excerpt":{"rendered":"<p>El proyecto pertenece al diputado provincial de la Coalici\u00f3n C\u00edvica, Oscar Negrelli, quien afirm\u00f3 que esta n\u00f3mina \u00able permitir\u00e1 al Estado prevenir casos fraudulentos o de manipulaci\u00f3n psicol\u00f3gica, que pueden llevar a las personas a situaciones de servidumbre o esclavitud en algunos casos\u00bb.<\/p>\n","protected":false},"author":4,"featured_media":0,"comment_status":"open","ping_status":"open","sticky":false,"template":"","format":"standard","meta":{"_jetpack_newsletter_access":"","_jetpack_dont_email_post_to_subs":false,"_jetpack_newsletter_tier_id":0,"_jetpack_memberships_contains_paywalled_content":false,"_jetpack_memberships_contains_paid_content":false,"footnotes":""},"categories":[1],"tags":[],"class_list":["post-5568","post","type-post","status-publish","format-standard","hentry","category-sociedad"],"jetpack_featured_media_url":"","jetpack_shortlink":"https:\/\/wp.me\/p2JWE0-1rO","jetpack-related-posts":[{"id":31664,"url":"https:\/\/www.24baires.com\/?p=31664","url_meta":{"origin":5568,"position":0},"title":"Avances en el proyecto para subsidiar a v\u00edctimas de la inundaci\u00f3n en La Plata","author":"AF","date":"11\/09\/2013","format":false,"excerpt":"El diputado de la Coalici\u00f3n C\u00edvica-ARI, Oscar Negrelli, explic\u00f3 que se trata de \"una ayuda \u00fanica y extraordinaria de 20 mil pesos para aliviar los gastos de reparaci\u00f3n en las propiedades da\u00f1adas\". Por otra parte, advirti\u00f3 que \"estamos ante una gesti\u00f3n municipal que intent\u00f3 salvar la ropa desde un lugar\u2026","rel":"","context":"En \u00abLocales\u00bb","block_context":{"text":"Locales","link":"https:\/\/www.24baires.com\/?cat=38"},"img":{"alt_text":"inund","src":"https:\/\/i0.wp.com\/www.24baires.com\/wp-content\/uploads\/2013\/04\/inund.jpg?resize=350%2C200","width":350,"height":200,"srcset":"https:\/\/i0.wp.com\/www.24baires.com\/wp-content\/uploads\/2013\/04\/inund.jpg?resize=350%2C200 1x, https:\/\/i0.wp.com\/www.24baires.com\/wp-content\/uploads\/2013\/04\/inund.jpg?resize=525%2C300 1.5x"},"classes":[]},{"id":17212,"url":"https:\/\/www.24baires.com\/?p=17212","url_meta":{"origin":5568,"position":1},"title":"Para Negrelli el discurso de Scioli \u201cfue vac\u00eco\u201d","author":"AF","date":"02\/03\/2013","format":false,"excerpt":"Minutos despu\u00e9s de concluida la apertura del 141\u00ba per\u00edodo legislativo, el diputado de la Coalici\u00f3n C\u00edvica-Ari, Oscar Negrelli dialog\u00f3 con 24baires.com y asegur\u00f3 que el contenido del discurso pronunciado por el gobernador bonaerense Daniel Scioli fue \u201cvac\u00edo\u201d y agreg\u00f3 que \u201cnosotros ven\u00edamos con la pretensi\u00f3n de que nos explique como\u2026","rel":"","context":"En \u00abPol\u00edtica\u00bb","block_context":{"text":"Pol\u00edtica","link":"https:\/\/www.24baires.com\/?cat=51"},"img":{"alt_text":"negrelli-oscar-dip","src":"https:\/\/i0.wp.com\/www.24baires.com\/wp-content\/uploads\/2012\/10\/negrelli-oscar-dip.jpg?resize=350%2C200","width":350,"height":200,"srcset":"https:\/\/i0.wp.com\/www.24baires.com\/wp-content\/uploads\/2012\/10\/negrelli-oscar-dip.jpg?resize=350%2C200 1x, https:\/\/i0.wp.com\/www.24baires.com\/wp-content\/uploads\/2012\/10\/negrelli-oscar-dip.jpg?resize=525%2C300 1.5x"},"classes":[]},{"id":1551,"url":"https:\/\/www.24baires.com\/?p=1551","url_meta":{"origin":5568,"position":2},"title":"\u201cPara el sciolismo, los derechos humanos terminan donde empiezan los negocios\u201d","author":"Grupo Sierra","date":"09\/10\/2012","format":false,"excerpt":"Lo afirm\u00f3 el autor del pedido de informes sobre la licitaci\u00f3n de una planta potabilizadora para la regi\u00f3n capital, a favor de una empresa israel\u00ed denunciada internacionalmente por delitos de lesa humanidad. \u201cCuando aparecen los negocios espurios del cual puede sacar ventaja, se acaba todo principio o valor. Scioli es\u2026","rel":"","context":"En \u00abProvincia\u00bb","block_context":{"text":"Provincia","link":"https:\/\/www.24baires.com\/?cat=40"},"img":{"alt_text":"","src":"https:\/\/i0.wp.com\/www.24baires.com\/wp-content\/uploads\/2012\/10\/negrelli-oscar-dip-300x208.jpg?resize=350%2C200","width":350,"height":200},"classes":[]},{"id":8975,"url":"https:\/\/www.24baires.com\/?p=8975","url_meta":{"origin":5568,"position":3},"title":"La oposici\u00f3n sale a cuestionar el acto de Scioli en el Estadio \u00danico","author":"Grupo Sierra","date":"13\/12\/2012","format":false,"excerpt":"El diputado provincial Oscar Negrelli (CC-ARI) critic\u00f3 al Gobernador Daniel Scioli por \u201cgastar en un megaevento cuando la provincia tiene problemas financieros\u201d y asegura que el mandatario provincial \u201ctiene un alto perfil medi\u00e1tico\u201d y el titular del bloque, Walter Martello advierte que elevar\u00e1 un pedido de informes sobre los gastos\u2026","rel":"","context":"En \u00abPol\u00edtica\u00bb","block_context":{"text":"Pol\u00edtica","link":"https:\/\/www.24baires.com\/?cat=51"},"img":{"alt_text":"","src":"","width":0,"height":0},"classes":[]},{"id":6158,"url":"https:\/\/www.24baires.com\/?p=6158","url_meta":{"origin":5568,"position":4},"title":"\u201cBruera se comporta como un delegado municipal no como un Intendente\u201d","author":"Grupo Sierra","date":"20\/11\/2012","format":false,"excerpt":"En el marco de un nuevo aniversario de la ciudad de La Plata, el diputado bonaerense de la Coalici\u00f3n C\u00edvica (CC), Oscar Negrelli se refiri\u00f3 a la gesti\u00f3n que actualmente lleva adelante el intendente Pablo Bruera. \"La Plata tiene una ausencia de proyecto pol\u00edtico muy importante, y vemos que van\u2026","rel":"","context":"En \u00abPol\u00edtica\u00bb","block_context":{"text":"Pol\u00edtica","link":"https:\/\/www.24baires.com\/?cat=51"},"img":{"alt_text":"","src":"https:\/\/i0.wp.com\/www.24baires.com\/wp-content\/uploads\/2012\/10\/negrelli-oscar-dip-300x208.jpg?resize=350%2C200","width":350,"height":200},"classes":[]},{"id":51302,"url":"https:\/\/www.24baires.com\/?p=51302","url_meta":{"origin":5568,"position":5},"title":"Martello reconoci\u00f3 un encuentro con el massismo pero neg\u00f3 su pase","author":"Grupo Sierra","date":"06\/08\/2014","format":false,"excerpt":"El exlegislador de la Coalici\u00f3n C\u00edvica se\u00f1al\u00f3 que se reuni\u00f3 con Massa hace algunas semanas, pero aclar\u00f3 que \"queda pendiente una respuesta. No tomo decisiones solo\". La versi\u00f3n de un posible pase de Walter Martello al massismo retumb\u00f3 en la pol\u00edtica provincial. R\u00e1pidamente su par Oscar Negrelli cuestion\u00f3 la posibilidad.\u2026","rel":"","context":"En \u00abPol\u00edtica\u00bb","block_context":{"text":"Pol\u00edtica","link":"https:\/\/www.24baires.com\/?cat=51"},"img":{"alt_text":"Walter-Martello","src":"https:\/\/i0.wp.com\/www.24baires.com\/wp-content\/uploads\/2014\/08\/Walter-Martello.jpg?resize=350%2C200","width":350,"height":200,"srcset":"https:\/\/i0.wp.com\/www.24baires.com\/wp-content\/uploads\/2014\/08\/Walter-Martello.jpg?resize=350%2C200 1x, https:\/\/i0.wp.com\/www.24baires.com\/wp-content\/uploads\/2014\/08\/Walter-Martello.jpg?resize=525%2C300 1.5x"},"classes":[]}],"jetpack_sharing_enabled":true,"jetpack_likes_enabled":true,"_links":{"self":[{"href":"https:\/\/www.24baires.com\/index.php?rest_route=\/wp\/v2\/posts\/5568","targetHints":{"allow":["GET"]}}],"collection":[{"href":"https:\/\/www.24baires.com\/index.php?rest_route=\/wp\/v2\/posts"}],"about":[{"href":"https:\/\/www.24baires.com\/index.php?rest_route=\/wp\/v2\/types\/post"}],"author":[{"embeddable":true,"href":"https:\/\/www.24baires.com\/index.php?rest_route=\/wp\/v2\/users\/4"}],"replies":[{"embeddable":true,"href":"https:\/\/www.24baires.com\/index.php?rest_route=%2Fwp%2Fv2%2Fcomments&post=5568"}],"version-history":[{"count":2,"href":"https:\/\/www.24baires.com\/index.php?rest_route=\/wp\/v2\/posts\/5568\/revisions"}],"predecessor-version":[{"id":5570,"href":"https:\/\/www.24baires.com\/index.php?rest_route=\/wp\/v2\/posts\/5568\/revisions\/5570"}],"wp:attachment":[{"href":"https:\/\/www.24baires.com\/index.php?rest_route=%2Fwp%2Fv2%2Fmedia&parent=5568"}],"wp:term":[{"taxonomy":"category","embeddable":true,"href":"https:\/\/www.24baires.com\/index.php?rest_route=%2Fwp%2Fv2%2Fcategories&post=5568"},{"taxonomy":"post_tag","embeddable":true,"href":"https:\/\/www.24baires.com\/index.php?rest_route=%2Fwp%2Fv2%2Ftags&post=5568"}],"curies":[{"name":"wp","href":"https:\/\/api.w.org\/{rel}","templated":true}]}}