{"id":5558,"date":"2012-11-15T13:25:47","date_gmt":"2012-11-15T16:25:47","guid":{"rendered":"http:\/\/www.24baires.com\/?p=5558"},"modified":"2012-11-16T09:38:26","modified_gmt":"2012-11-16T12:38:26","slug":"de-lucia-el-gobierno-de-scioli-da-respuestas-y-los-gremios-arman-un-fin-de-semana-largo","status":"publish","type":"post","link":"https:\/\/www.24baires.com\/?p=5558","title":{"rendered":"De Luc\u00eda: \u00abEl gobierno de Scioli da respuestas y los gremios arman un fin de semana largo\u00bb"},"content":{"rendered":"<p>La titular de Educaci\u00f3n dijo que \u201cel gobierno de Scioli da respuestas\u201d y que la respuesta de los gremios \u201ces un fin de semana largo\u201d.<!--more--><br \/>\nLa directora general de Cultura y Educaci\u00f3n de la provincia, Nora de Luc\u00eda, calific\u00f3 de \u201cabsurdo y vergonzoso\u201d el paro docente convocado para el jueves y viernes de la semana que viene.<\/p>\n<p>\u201cEs vergonzoso hacia los chicos, vergonzoso hacia la educaci\u00f3n, vergonzoso hacia la sociedad que la semana que viene tambi\u00e9n tengamos dos d\u00edas de paro estando en una mesa de di\u00e1logo y habiendo dado al tema de las asignaciones familiares; habiendo dado respuesta al pago de retroactivo que en la pr\u00f3xima liquidaci\u00f3n estar\u00edan; habiendo dado respuesta puntuales a algunas cuestiones de infraestructura. Es decir, el gobierno de Daniel Scioli da respuestas y la respuesta que encuentra de algunas organizaciones gremiales es un fin de semana largo\u201d, expres\u00f3.<\/p>\n<p>Seg\u00fan la funcionaria \u201cestas medidas denotan el divorcio entre algunos dirigentes gremiales y lo que pasa en las aulas porque los docentes est\u00e1n comprometidos, el maestro que est\u00e1 frente al aula est\u00e1 preocupado\u201d. Subray\u00f3 que con estos paros los que pierden son, fundamentalmente, 4 millones 700 mil chicos, pero tambi\u00e9n pierden los padres y toda la sociedad.<\/p>\n<p>Nora de Luc\u00eda les pidi\u00f3 a los dirigentes gremiales que \u201crepiensen\u201d la medida de fuerza porque \u201cno es el camino\u201d.<\/p>\n<p>Enfatiz\u00f3 finalmente que \u201cel gobierno de Daniel Scioli est\u00e1 dando respuestas y est\u00e1 mostrando los canales de di\u00e1logo. Los \u00fanicos que cierran los canales de di\u00e1logo son algunas dirigentes gremiales. No es el camino\u201d.<\/p>\n","protected":false},"excerpt":{"rendered":"<p>La titular de Educaci\u00f3n dijo que \u201cel gobierno de Scioli da respuestas\u201d y que la respuesta de los gremios \u201ces un fin de semana largo\u201d.<\/p>\n","protected":false},"author":4,"featured_media":0,"comment_status":"open","ping_status":"open","sticky":false,"template":"","format":"standard","meta":{"_jetpack_newsletter_access":"","_jetpack_dont_email_post_to_subs":false,"_jetpack_newsletter_tier_id":0,"_jetpack_memberships_contains_paywalled_content":false,"_jetpack_memberships_contains_paid_content":false,"footnotes":""},"categories":[1],"tags":[],"class_list":["post-5558","post","type-post","status-publish","format-standard","hentry","category-sociedad"],"jetpack_featured_media_url":"","jetpack_shortlink":"https:\/\/wp.me\/p2JWE0-1rE","jetpack-related-posts":[{"id":5693,"url":"https:\/\/www.24baires.com\/?p=5693","url_meta":{"origin":5558,"position":0},"title":"Docentes y gobierno provincial se siguen tirando con munici\u00f3n gruesa","author":"Grupo Sierra","date":"16\/11\/2012","format":false,"excerpt":"Desde Suteba reiteraron que unos mil maestros a\u00fan no cobraron salarios adeudados desde abril y criticaron la gesti\u00f3n provincial. De Luc\u00eda insisti\u00f3 en que el paro es \"vergonzoso\". \u201cAl ministro le faltan argumentos para defender la gesti\u00f3n y por eso recurre a chicanas para desviar la atenci\u00f3n de lo que\u2026","rel":"","context":"En \u00abProvincia\u00bb","block_context":{"text":"Provincia","link":"https:\/\/www.24baires.com\/?cat=40"},"img":{"alt_text":"","src":"","width":0,"height":0},"classes":[]},{"id":6362,"url":"https:\/\/www.24baires.com\/?p=6362","url_meta":{"origin":5558,"position":1},"title":"Gremios docentes destacan una &#8216;alta adhesi\u00f3n&#8217;. De Luc\u00eda, habla de &#8216;paro tur\u00edstico&#8217;.","author":"AF","date":"22\/11\/2012","format":false,"excerpt":"Desde los gremios afirman que la medida es \u201cimportante\u201d. La titular de Educaci\u00f3n, Nora De Luc\u00eda, se quej\u00f3: \u201cLe complican la vida a 4,7 millones de chicos, no estamos dispuestos a estas extorsiones\u201d. De Luc\u00eda sali\u00f3 as\u00ed en el marco de un enfrentamiento que sube de tono con los docentes\u2026","rel":"","context":"En \u00abSociedad\u00bb","block_context":{"text":"Sociedad","link":"https:\/\/www.24baires.com\/?cat=1"},"img":{"alt_text":"","src":"","width":0,"height":0},"classes":[]},{"id":24251,"url":"https:\/\/www.24baires.com\/?p=24251","url_meta":{"origin":5558,"position":2},"title":"Scioli \u201cle ha dado la espalda a la escuela p\u00fablica\u201d asegur\u00f3 Baradel","author":"Grupo Sierra","date":"24\/05\/2013","format":false,"excerpt":"El titular de Suteba consider\u00f3 \"vergonzoso\" que el gobierno de Daniel Scioli \"descuente d\u00edas de huelga\" cuando \"se tuvo que parar para que presentaran una oferta salarial\". \"El Gobierno no toma seriamente este conflicto\u201d, sostuvo el l\u00edder gremial. El secretario general del Sindicato \u00danico de Trabajadores de la Educaci\u00f3n bonaerense\u2026","rel":"","context":"En \u00abProvincia\u00bb","block_context":{"text":"Provincia","link":"https:\/\/www.24baires.com\/?cat=40"},"img":{"alt_text":"baradel reuni\u00f3n","src":"https:\/\/i0.wp.com\/www.24baires.com\/wp-content\/uploads\/2012\/11\/baradel-reuni%C3%B3n.jpg?resize=350%2C200","width":350,"height":200,"srcset":"https:\/\/i0.wp.com\/www.24baires.com\/wp-content\/uploads\/2012\/11\/baradel-reuni%C3%B3n.jpg?resize=350%2C200 1x, https:\/\/i0.wp.com\/www.24baires.com\/wp-content\/uploads\/2012\/11\/baradel-reuni%C3%B3n.jpg?resize=525%2C300 1.5x"},"classes":[]},{"id":19577,"url":"https:\/\/www.24baires.com\/?p=19577","url_meta":{"origin":5558,"position":3},"title":"\u00abA Scioli le encantar\u00eda darle m\u00e1s aumento a los docentes\u00bb, asegur\u00f3 De Luc\u00eda","author":"AF","date":"28\/03\/2013","format":false,"excerpt":"Lo sostuvo la ministra de Educaci\u00f3n bonaerense, Nora de Luc\u00eda, al defender la postura del gobierno provincial. \u201cSomos un gobierno de di\u00e1logo y el gobernador est\u00e1 s\u00faper comprometido con la inversi\u00f3n\u201d en el \u00e1rea, manifest\u00f3. La ministra de Educaci\u00f3n de la provincia de Buenos Aires, Nora de Luc\u00eda, afirm\u00f3 hoy\u2026","rel":"","context":"En \u00abSociedad\u00bb","block_context":{"text":"Sociedad","link":"https:\/\/www.24baires.com\/?cat=1"},"img":{"alt_text":"de luc\u00eda","src":"https:\/\/i0.wp.com\/www.24baires.com\/wp-content\/uploads\/2012\/11\/de-luc%C3%ADa-300x200.jpg?resize=350%2C200","width":350,"height":200},"classes":[]},{"id":14364,"url":"https:\/\/www.24baires.com\/?p=14364","url_meta":{"origin":5558,"position":4},"title":"De Luc\u00eda: \u00abEstamos trabajando para darle respuestas al sector\u00bb","author":"AF","date":"02\/02\/2013","format":false,"excerpt":"As\u00ed lo se\u00f1al\u00f3 la directora de Cultura y Educaci\u00f3n bonaerense, Nora de Luc\u00eda, qui\u00e9n adem\u00e1s se\u00f1al\u00f3 que el pr\u00f3ximo encuentro con los gremios ser\u00e1 el d\u00eda 8 de Febrero. Durante la reuni\u00f3n de gabinete que encabez\u00f3 el gobernador Daniel Scioli en la dependencia del Banco Provincia en Capital Federal, se\u2026","rel":"","context":"En \u00abSociedad\u00bb","block_context":{"text":"Sociedad","link":"https:\/\/www.24baires.com\/?cat=1"},"img":{"alt_text":"scioli de luc\u00eda","src":"https:\/\/i0.wp.com\/www.24baires.com\/wp-content\/uploads\/2012\/11\/scioli-de-luc%C3%ADa-300x252.jpg?resize=350%2C200","width":350,"height":200},"classes":[]},{"id":17509,"url":"https:\/\/www.24baires.com\/?p=17509","url_meta":{"origin":5558,"position":5},"title":"Scioli dijo que har\u00e1n \u00ablo posible\u00bb para alcanzar el 22% de aumento para Docentes","author":"AF","date":"05\/03\/2013","format":false,"excerpt":"El gobernador Daniel Scioli afirm\u00f3 este martes que su gobierno har\u00e1 \"lo posible para poder alcanzar el 22 por ciento\" fijado en el plano nacional para la paritaria docente y precis\u00f3 que la nueva propuesta a los representantes gremiales se concretar\u00e1 \"en la pr\u00f3xima reuni\u00f3n\". En ese sentido, el gobernador\u2026","rel":"","context":"En \u00abSociedad\u00bb","block_context":{"text":"Sociedad","link":"https:\/\/www.24baires.com\/?cat=1"},"img":{"alt_text":"","src":"","width":0,"height":0},"classes":[]}],"jetpack_sharing_enabled":true,"jetpack_likes_enabled":true,"_links":{"self":[{"href":"https:\/\/www.24baires.com\/index.php?rest_route=\/wp\/v2\/posts\/5558","targetHints":{"allow":["GET"]}}],"collection":[{"href":"https:\/\/www.24baires.com\/index.php?rest_route=\/wp\/v2\/posts"}],"about":[{"href":"https:\/\/www.24baires.com\/index.php?rest_route=\/wp\/v2\/types\/post"}],"author":[{"embeddable":true,"href":"https:\/\/www.24baires.com\/index.php?rest_route=\/wp\/v2\/users\/4"}],"replies":[{"embeddable":true,"href":"https:\/\/www.24baires.com\/index.php?rest_route=%2Fwp%2Fv2%2Fcomments&post=5558"}],"version-history":[{"count":4,"href":"https:\/\/www.24baires.com\/index.php?rest_route=\/wp\/v2\/posts\/5558\/revisions"}],"predecessor-version":[{"id":5657,"href":"https:\/\/www.24baires.com\/index.php?rest_route=\/wp\/v2\/posts\/5558\/revisions\/5657"}],"wp:attachment":[{"href":"https:\/\/www.24baires.com\/index.php?rest_route=%2Fwp%2Fv2%2Fmedia&parent=5558"}],"wp:term":[{"taxonomy":"category","embeddable":true,"href":"https:\/\/www.24baires.com\/index.php?rest_route=%2Fwp%2Fv2%2Fcategories&post=5558"},{"taxonomy":"post_tag","embeddable":true,"href":"https:\/\/www.24baires.com\/index.php?rest_route=%2Fwp%2Fv2%2Ftags&post=5558"}],"curies":[{"name":"wp","href":"https:\/\/api.w.org\/{rel}","templated":true}]}}