{"id":55566,"date":"2014-10-17T12:00:04","date_gmt":"2014-10-17T15:00:04","guid":{"rendered":"http:\/\/www.24baires.com\/?p=55566"},"modified":"2014-10-17T11:38:29","modified_gmt":"2014-10-17T14:38:29","slug":"boletazo-e-irresponsabilidades-en-mar-del-plata","status":"publish","type":"post","link":"https:\/\/www.24baires.com\/?p=55566","title":{"rendered":"Boletazo e irresponsabilidades en Mar del Plata"},"content":{"rendered":"<p><img data-recalc-dims=\"1\" loading=\"lazy\" decoding=\"async\" class=\"aligncenter wp-image-14079\" src=\"https:\/\/i0.wp.com\/www.24baires.com\/wp-content\/uploads\/2013\/01\/colectivo-mdp.jpg?resize=560%2C363\" alt=\"colectivo mdp\" width=\"560\" height=\"363\" srcset=\"https:\/\/i0.wp.com\/www.24baires.com\/wp-content\/uploads\/2013\/01\/colectivo-mdp.jpg?w=430&amp;ssl=1 430w, https:\/\/i0.wp.com\/www.24baires.com\/wp-content\/uploads\/2013\/01\/colectivo-mdp.jpg?resize=300%2C194&amp;ssl=1 300w\" sizes=\"auto, (max-width: 560px) 100vw, 560px\" \/>En el Partido de General Pueyrredon hemos batido un nuevo record que, es cierto, no nos enorgullece: por segunda vez en el a\u00f1o se aumentar\u00e1 el costo del boleto de colectivo. <!--more--><\/p>\n<p>Acostumbrados ya a vivir con un boletazo anual, que nunca se acepta pero debe padecerse porque somos rehenes de los acuerdos del Intendente y los concejales que los votan y los empresarios, hoy nos tocan otra vez el bolsillo y los m\u00e1s perjudicados ser\u00e1n, como siempre, los sectores m\u00e1s desprotegidos. Porque esa ha sido permanentemente la estrategia, que a los empresarios y pol\u00edticos que sostienen y argumentan a favor del permanente pedido de aumento le es funcional: jugar con la necesidad de la gente. Todos tenemos que ir a trabajar, a estudiar, a cumplir con nuestras obligaciones. Por ende, todos necesitamos usar el servicio p\u00fablico del transporte. Podemos patalear, negarnos al principio, reclamar, ir a la Sesi\u00f3n del HCD donde ya llegan con los votos positivos contados e indignarnos in situ, pero el boleto aumenta.<br \/>\nHay quienes logran que esto suceda y quienes se oponen a ello, aunque al no ser gobierno ni tener mayor\u00eda, no logran rechazar los aumentos. Es importante separar los tantos, porque no todos son iguales, no todos responden a los mismos intereses y, evidentemente, no todos votan lo mismo. De hecho, si no hubiera sido con las convenientes abstenciones del bloque de la UCR en las comisiones donde el aumento obtuvo despacho, se hubiera como ocurri\u00f3 en la comisi\u00f3n de Transporte, que fue la primera en darle tratamiento a la nota presentada por los transportistas. Cuando un bloque o un concejal individualmente quiere que algo no salga, vota negativo, no se abstiene, ya que votar por el archivo es la \u00fanica manera de que no avance un expediente. Votar gris, deja demasiadas inc\u00f3gnitas, sobre todo cuando se tiene un discurso claramente no positivo pero se elije votar as\u00ed.<br \/>\nAhora, con un servicio de transporte p\u00fablico pauperizado, con frecuencias que no se cumplen, con veh\u00edculos sucios, donde las rampas para discapacitados aun no se colocaron en su totalidad pero s\u00ed se cobran los subsidios por ellas, en Mar del Plata viajaremos por $4,44. El boleto no se combina, los recorridos que desarrollan las empresas quedan hacen que miles de vecinos deban tomar dos colectivos para llegar a destino.<br \/>\nPero como si esta facilitaci\u00f3n para que avance el aumento de comisi\u00f3n a comisi\u00f3n no fuera suficiente, en la sesi\u00f3n el bloque pultistas, el bloque de Arroyo, el Frente Renovador y parte de la UCR decidieron facultar al intendente para que no s\u00f3lo aumente el boleto de $3,97 a $4,44, sino que tenga esta potestad hasta marzo del a\u00f1o que viene. El Frente para la Victoria vot\u00f3 esta prerrogativa de forma negativa, como hab\u00edan adelantado el voto en comisiones y en el recinto, as\u00ed tambi\u00e9n votaron tres concejales de la UCR.<br \/>\nEs una pena que los concejales que el pueblo vota para que los represente en la municipalidad elijan lavarse las manos en un tema tan sensible para la ciudadan\u00eda, porque nadie se confunde, los que no quer\u00edan que el monto del pasaje aumente, as\u00ed lo hicieron saber y obraron en consecuencia. S\u00f3lo 8 concejales de 24 asumieron sus responsabilidades, el resto (el bloque de Arroyo, AM, Frente Renovador y resto de la UCR) se sac\u00f3 de encima una votaci\u00f3n poco simp\u00e1tica, porque habr\u00edan votado a favor del incremento, pero al darle a Pulti la capacidad de aumentar, act\u00faan con una tibieza que se apoya m\u00e1s en la falta de compromiso que en no querer aparecer en p\u00fablico votando a favor del pedido empresarial. Ahora es el intendente quien utilizar\u00e1, quiz\u00e1, alg\u00fan paro del transporte para salir como prenda de unidad firmando lo que desde un principio se sab\u00eda que avalaba.<\/p>\n<p>&nbsp;<\/p>\n<p>&nbsp;<\/p>\n<p>&nbsp;<\/p>\n<p>&nbsp;<\/p>\n<p>&nbsp;<\/p>\n<p>&nbsp;<\/p>\n<p>&nbsp;<\/p>\n<p>&nbsp;<\/p>\n<p>&nbsp;<\/p>\n","protected":false},"excerpt":{"rendered":"<p>En el Partido de General Pueyrredon hemos batido un nuevo record que, es cierto, no nos enorgullece: por segunda vez en el a\u00f1o se aumentar\u00e1 el costo del boleto de colectivo.<\/p>\n","protected":false},"author":8,"featured_media":0,"comment_status":"open","ping_status":"open","sticky":false,"template":"","format":"standard","meta":{"_jetpack_newsletter_access":"","_jetpack_dont_email_post_to_subs":false,"_jetpack_newsletter_tier_id":0,"_jetpack_memberships_contains_paywalled_content":false,"_jetpack_memberships_contains_paid_content":false,"footnotes":""},"categories":[64],"tags":[],"class_list":["post-55566","post","type-post","status-publish","format-standard","hentry","category-opinion"],"jetpack_featured_media_url":"","jetpack_shortlink":"https:\/\/wp.me\/p2JWE0-ese","jetpack-related-posts":[{"id":111017,"url":"https:\/\/www.24baires.com\/?p=111017","url_meta":{"origin":55566,"position":0},"title":"Volvieron a aumentar las prepagas","author":"AF","date":"01\/07\/2019","format":false,"excerpt":"Las entidades acumular\u00e1n a lo largo del segundo semestre una suba del 17,5%. El segundo ajuste se aplicar\u00e1 desde el 1\u00b0 de agosto y ser\u00e1 de 6%, mientras que el otro, por el mismo porcentaje, correr\u00e1 desde el 1\u00b0 de septiembre. Los planes que ofrecen las empresas de medicina prepaga\u2026","rel":"","context":"En \u00abSociedad\u00bb","block_context":{"text":"Sociedad","link":"https:\/\/www.24baires.com\/?cat=1"},"img":{"alt_text":"","src":"https:\/\/i0.wp.com\/www.24baires.com\/wp-content\/uploads\/2017\/10\/prepaga.jpg?resize=350%2C200","width":350,"height":200,"srcset":"https:\/\/i0.wp.com\/www.24baires.com\/wp-content\/uploads\/2017\/10\/prepaga.jpg?resize=350%2C200 1x, https:\/\/i0.wp.com\/www.24baires.com\/wp-content\/uploads\/2017\/10\/prepaga.jpg?resize=525%2C300 1.5x"},"classes":[]},{"id":104463,"url":"https:\/\/www.24baires.com\/?p=104463","url_meta":{"origin":55566,"position":1},"title":"Ituzaing\u00f3 declar\u00f3 la emergencia econ\u00f3mica, social, educativa y alimentaria","author":"GB","date":"14\/09\/2018","format":false,"excerpt":"La medida autoriza al Ejecutivo local a reasignar partidas para \"atender la compleja situaci\u00f3n social\". Descalzo dijo que en 60 d\u00edas aument\u00f3 un 100 por ciento la demanda de alimentos. El Concejo Deliberante de Ituzaing\u00f3 aprob\u00f3 ayer un proyecto enviado por el Ejecutivo local que declara la emergencia econ\u00f3mica, social,\u2026","rel":"","context":"En \u00abMunicipios\u00bb","block_context":{"text":"Municipios","link":"https:\/\/www.24baires.com\/?cat=44"},"img":{"alt_text":"","src":"https:\/\/i0.wp.com\/www.24baires.com\/wp-content\/uploads\/2018\/09\/ituzaingo.jpg?resize=350%2C200","width":350,"height":200,"srcset":"https:\/\/i0.wp.com\/www.24baires.com\/wp-content\/uploads\/2018\/09\/ituzaingo.jpg?resize=350%2C200 1x, https:\/\/i0.wp.com\/www.24baires.com\/wp-content\/uploads\/2018\/09\/ituzaingo.jpg?resize=525%2C300 1.5x"},"classes":[]},{"id":44433,"url":"https:\/\/www.24baires.com\/?p=44433","url_meta":{"origin":55566,"position":2},"title":"Capitanich pidi\u00f3 a empresarios que no aumenten los precios","author":"AF","date":"22\/04\/2014","format":false,"excerpt":"El jefe de Gabinete, Jorge Capitanich, advirti\u00f3 hoy a los empresarios que la \"mejor contribuci\u00f3n\" que pueden hacer a la econom\u00eda argentina es \"no aumentar los precios\". El jefe de Gabinete, Jorge Capitanich, dijo hoy que \"se desarroll\u00f3 dentro de lo previsible\" la audiencia ante la Corte Suprema de Estados\u2026","rel":"","context":"En \u00abPol\u00edtica\u00bb","block_context":{"text":"Pol\u00edtica","link":"https:\/\/www.24baires.com\/?cat=51"},"img":{"alt_text":"Capitanich","src":"https:\/\/i0.wp.com\/www.24baires.com\/wp-content\/uploads\/2014\/01\/Capitanich.jpg?resize=350%2C200","width":350,"height":200,"srcset":"https:\/\/i0.wp.com\/www.24baires.com\/wp-content\/uploads\/2014\/01\/Capitanich.jpg?resize=350%2C200 1x, https:\/\/i0.wp.com\/www.24baires.com\/wp-content\/uploads\/2014\/01\/Capitanich.jpg?resize=525%2C300 1.5x"},"classes":[]},{"id":102739,"url":"https:\/\/www.24baires.com\/?p=102739","url_meta":{"origin":55566,"position":3},"title":"Pablo Moyano advirti\u00f3 que si no otorgan el 27% de aumento parar\u00e1n dos d\u00edas m\u00e1s","author":"GB","date":"14\/06\/2018","format":false,"excerpt":"Estar\u00e1n programados para el 26 y el 27 de junio, adem\u00e1s el dirigente camionero confirm\u00f3 que adhieren al paro de la CGT del 25 y pidi\u00f3 a los empresarios que no se dejen apretar por Triaca. Un paro de camioneros se realiza hoy desde las 00.00 horas en reclamo de\u2026","rel":"","context":"En \u00abPol\u00edtica\u00bb","block_context":{"text":"Pol\u00edtica","link":"https:\/\/www.24baires.com\/?cat=51"},"img":{"alt_text":"","src":"https:\/\/i0.wp.com\/www.24baires.com\/wp-content\/uploads\/2013\/07\/moyano-pablo.jpg?resize=350%2C200","width":350,"height":200,"srcset":"https:\/\/i0.wp.com\/www.24baires.com\/wp-content\/uploads\/2013\/07\/moyano-pablo.jpg?resize=350%2C200 1x, https:\/\/i0.wp.com\/www.24baires.com\/wp-content\/uploads\/2013\/07\/moyano-pablo.jpg?resize=525%2C300 1.5x"},"classes":[]},{"id":118023,"url":"https:\/\/www.24baires.com\/?p=118023","url_meta":{"origin":55566,"position":4},"title":"Se re\u00fane el Consejo del Salario para fijar un nuevo aumento del m\u00ednimo","author":"GB","date":"21\/09\/2021","format":false,"excerpt":"Participar\u00e1n los representantes empresarios de las diversas c\u00e1maras de actividades, la CGT y ambas CTA. En el encuentro se determinar\u00e1n tambi\u00e9n los montos de la prestaci\u00f3n por desempleo El Gobierno nacional convoc\u00f3 para hoy, a partir de las 14, al Consejo Nacional del Empleo, la Productividad y el Salario m\u00ednimo,\u2026","rel":"","context":"En \u00abEconom\u00eda\u00bb","block_context":{"text":"Econom\u00eda","link":"https:\/\/www.24baires.com\/?cat=45"},"img":{"alt_text":"","src":"https:\/\/i0.wp.com\/www.24baires.com\/wp-content\/uploads\/2019\/02\/pesos.jpg?resize=350%2C200","width":350,"height":200,"srcset":"https:\/\/i0.wp.com\/www.24baires.com\/wp-content\/uploads\/2019\/02\/pesos.jpg?resize=350%2C200 1x, https:\/\/i0.wp.com\/www.24baires.com\/wp-content\/uploads\/2019\/02\/pesos.jpg?resize=525%2C300 1.5x"},"classes":[]},{"id":102220,"url":"https:\/\/www.24baires.com\/?p=102220","url_meta":{"origin":55566,"position":5},"title":"Mar del Plata: empresarios de transporte piden que el boleto aumente a 14,19 pesos","author":"GB","date":"18\/05\/2018","format":false,"excerpt":"El pedido ingres\u00f3 este jueves por la ma\u00f1ana al Concejo Deliberante. Entre otras cosas, es por el aumento del valor de los insumos. Ya hab\u00edan pedido que subiera a $13,20 La C\u00e1mara Marplatense de Transporte Automotor de Pasajeros (Cametap) present\u00f3 un nuevo pedido de aumento del boleto de colectivo para\u2026","rel":"","context":"En \u00abMunicipios\u00bb","block_context":{"text":"Municipios","link":"https:\/\/www.24baires.com\/?cat=44"},"img":{"alt_text":"","src":"https:\/\/i0.wp.com\/www.24baires.com\/wp-content\/uploads\/2013\/01\/colectivo-mdp-300x194.jpg?resize=350%2C200","width":350,"height":200},"classes":[]}],"jetpack_sharing_enabled":true,"jetpack_likes_enabled":true,"_links":{"self":[{"href":"https:\/\/www.24baires.com\/index.php?rest_route=\/wp\/v2\/posts\/55566","targetHints":{"allow":["GET"]}}],"collection":[{"href":"https:\/\/www.24baires.com\/index.php?rest_route=\/wp\/v2\/posts"}],"about":[{"href":"https:\/\/www.24baires.com\/index.php?rest_route=\/wp\/v2\/types\/post"}],"author":[{"embeddable":true,"href":"https:\/\/www.24baires.com\/index.php?rest_route=\/wp\/v2\/users\/8"}],"replies":[{"embeddable":true,"href":"https:\/\/www.24baires.com\/index.php?rest_route=%2Fwp%2Fv2%2Fcomments&post=55566"}],"version-history":[{"count":1,"href":"https:\/\/www.24baires.com\/index.php?rest_route=\/wp\/v2\/posts\/55566\/revisions"}],"predecessor-version":[{"id":55567,"href":"https:\/\/www.24baires.com\/index.php?rest_route=\/wp\/v2\/posts\/55566\/revisions\/55567"}],"wp:attachment":[{"href":"https:\/\/www.24baires.com\/index.php?rest_route=%2Fwp%2Fv2%2Fmedia&parent=55566"}],"wp:term":[{"taxonomy":"category","embeddable":true,"href":"https:\/\/www.24baires.com\/index.php?rest_route=%2Fwp%2Fv2%2Fcategories&post=55566"},{"taxonomy":"post_tag","embeddable":true,"href":"https:\/\/www.24baires.com\/index.php?rest_route=%2Fwp%2Fv2%2Ftags&post=55566"}],"curies":[{"name":"wp","href":"https:\/\/api.w.org\/{rel}","templated":true}]}}