{"id":5550,"date":"2012-11-15T14:23:14","date_gmt":"2012-11-15T17:23:14","guid":{"rendered":"http:\/\/www.24baires.com\/?p=5550"},"modified":"2012-11-15T14:23:14","modified_gmt":"2012-11-15T17:23:14","slug":"cristina-inauguro-viviendas-en-general-rodriguez","status":"publish","type":"post","link":"https:\/\/www.24baires.com\/?p=5550","title":{"rendered":"Cristina inaugur\u00f3 viviendas en General Rodr\u00edguez"},"content":{"rendered":"<div class=\"alignleft\"><object width=\"280\" height=\"210\" classid=\"clsid:d27cdb6e-ae6d-11cf-96b8-444553540000\" codebase=\"http:\/\/download.macromedia.com\/pub\/shockwave\/cabs\/flash\/swflash.cab#version=6,0,40,0\"><param name=\"allowFullScreen\" value=\"true\" \/><param name=\"allowscriptaccess\" value=\"always\" \/><param name=\"src\" value=\"http:\/\/www.youtube.com\/v\/8YGsTGivPvE?version=3&amp;hl=es_ES;rel=0;showinfo=0;controls=0\" \/><param name=\"allowfullscreen\" value=\"true\" \/><\/object><\/div>\n<p>La presidenta argentina, Cristina Fern\u00e1ndez de Kirchner, encabez\u00f3 un acto en el barrio Bicentenario en el partido bonaerense de <strong>General Rodr\u00edguez,<\/strong> donde inaugur\u00f3 unidades habitacionales que se construyeron en el marco del Plan Federal de Viviendas. Luego, a trav\u00e9s de una videoconferencia, dio por inauguradas las instalaciones del Centro de Especialidades M\u00e9dicas Ambulatorias (CEMA) de la ciudad de <strong>Mar del Plata<\/strong>.<!--more--><\/p>\n<p>Cristina Fern\u00e1ndez de Kirchner destac\u00f3 la necesidad de \u00abdefender\u00bb y \u00abcuidar\u00bb al Estado, al que defini\u00f3 como \u00abpromotor de pol\u00edticas p\u00fablicas contrac\u00edclicas en un mundo que se derrumba\u00bb.\u00a0En este sentido, la jefa de Estado advirti\u00f3 que, \u00abcada vez que el Estado se cay\u00f3\u00bb o que hicieron creer que \u00abera in\u00fatil\u00bb, \u00abdespu\u00e9s vinieron por el pueblo\u00bb.<\/p>\n<p>As\u00ed lo afirm\u00f3 este jueves al encabezar un acto en el barrio Bicentenario en el partido bonaerense de General Rodr\u00edguez, donde inaugur\u00f3 unidades habitacionales que se construyeron en el marco del \u00abPlan Federal de Viviendas\u00bb.<\/p>\n<p>\u00abEsta democracia inclusiva, que concibe al Estado como promotor de pol\u00edticas p\u00fablicas contrac\u00edclicas en un mundo que se derrumba debe ser cuidado por todos, porque no es de un partido o de un gobierno, sino de los 40 millones de argentinos\u00bb, asever\u00f3 la mandataria en su discurso.<\/p>\n<p>En ese marco, la Presidenta a\u00f1adi\u00f3 que \u00abcada vez que convencieron a los argentinos de que el Estado era un estorbo, algo in\u00fatil, que imped\u00eda la libertad del mercado, primero destruyeron al Estado y luego fueron por todos ustedes, por el trabajo, la salud y la educaci\u00f3n de todos ustedes\u00bb.<\/p>\n<p>\u00abPor eso la defensa del Estado es una defensa de los grandes intereses nacionales y tambi\u00e9n de soberan\u00eda popular y soberan\u00eda nacional, porque pueblo y naci\u00f3n son una sola y misma cosa\u00bb, se\u00f1al\u00f3 la mandataria.<\/p>\n<p>Antes de su discurso, la mandataria mantuvo videoconferencias con Mar del Plata, donde se inaugur\u00f3 el Centro de Especialidades M\u00e9dicas Ambulatorias; con Gualeguaych\u00fa, para la reinauguraci\u00f3n del edificio de una escuela normal; y con la ciudad de Buenos Aires, donde se abri\u00f3 un centro de medicina nuclear en el Hospital de Cl\u00ednicas.<\/p>\n<p>\u00abAc\u00e1 venimos a asumir los compromisos, a poner la cara y hacernos cargo de las cosas que nos tenemos que hacer cargo, como corresponde a todos los dirigentes\u00bb, sostuvo la jefa de Estado en su discurso, donde destac\u00f3 la cantidad de viviendas construidas en General Rodr\u00edguez ante la industrializaci\u00f3n que vivi\u00f3 la zona.<\/p>\n<p>En ese marco, asegur\u00f3 que \u00abpr\u00f3ximamente vamos a estar superando el mill\u00f3n de soluciones habitacionales\u00bb y elogi\u00f3 la labor del recientemente fallecido secretario de Vivienda, Luis Bontempo, quien \u00abtrabaj\u00f3 hasta el \u00faltimo d\u00eda que su salud le permiti\u00f3\u00bb.<\/p>\n<p>Durante el acto, del que participaron dos de las hijas del funcionario fallecido en octubre, Cristina dijo que ese trabajo \u00abno lo hace un s\u00f3lo hombre, sino un equipo y fundamentalmente un proyecto de pa\u00eds que concibe el desarrollo de la sociedad, la generaci\u00f3n de puestos de trabajo y la infraestructura para hacer frente a las crecientes demandas sociales\u00bb.<\/p>\n<p>En otro tramo, la Presidenta destac\u00f3 que el proceso de reindustrializaci\u00f3n encarado en el pa\u00eds \u00abcon pasi\u00f3n, fervor y amor, pero tambi\u00e9n con inteligencia y convicci\u00f3n de que generar valor agregado e industrializar significa millones de puestos de trabajo, que sirven para sostener a la Argentina con su poderoso mercado interno en un mundo que se derrumba\u00bb.<\/p>\n<p>Por \u00faltimo, sostuvo que ten\u00eda una \u00abinmensa deuda\u00bb con los ciudadanos de Rodr\u00edguez y le agradeci\u00f3 por el apoyo en \u00abmomentos dif\u00edciles, donde parec\u00edamos muy poquitos pero que despu\u00e9s supimos que \u00e9ramos muchos cuando nos reencontramos\u00bb.<\/p>\n<p>Participaron del acto el gobernador bonaerense Daniel Scioli; el ministro de Defensa, Arturo Puricelli; de Agricultura, Norberto Yauhar; y el jefe comunal, Juan Anghieleri, entre otros funcionarios.<\/p>\n<p>Tambi\u00e9n asisti\u00f3 el arzobispo de Mercedes Luj\u00e1n, Agust\u00edn Radrizzani, quien le regal\u00f3 una imagen de Jes\u00fas Misericordioso, que la Presidenta agradeci\u00f3 en su discurso, tras recordar que la primera licitaci\u00f3n que firm\u00f3 Kirchner, al asumir la presidencia, fue la restauraci\u00f3n de la bas\u00edlica de Luj\u00e1n.<\/p>\n","protected":false},"excerpt":{"rendered":"<p>La presidenta argentina, Cristina Fern\u00e1ndez de Kirchner, encabez\u00f3 un acto en el barrio Bicentenario en el partido bonaerense de General Rodr\u00edguez, donde inaugur\u00f3 unidades habitacionales que se construyeron en el marco del Plan Federal de Viviendas. Luego, a trav\u00e9s de una videoconferencia, dio por inauguradas las instalaciones del Centro de Especialidades M\u00e9dicas Ambulatorias (CEMA) de la ciudad de Mar del [&#8230;]<\/p>\n","protected":false},"author":4,"featured_media":0,"comment_status":"open","ping_status":"open","sticky":false,"template":"","format":"standard","meta":{"_jetpack_newsletter_access":"","_jetpack_dont_email_post_to_subs":false,"_jetpack_newsletter_tier_id":0,"_jetpack_memberships_contains_paywalled_content":false,"_jetpack_memberships_contains_paid_content":false,"footnotes":""},"categories":[1],"tags":[],"class_list":["post-5550","post","type-post","status-publish","format-standard","hentry","category-sociedad"],"jetpack_featured_media_url":"","jetpack_shortlink":"https:\/\/wp.me\/p2JWE0-1rw","jetpack-related-posts":[{"id":61769,"url":"https:\/\/www.24baires.com\/?p=61769","url_meta":{"origin":5550,"position":0},"title":"Cristina: \u00abNing\u00fan pueblo puede construir nada sin alegr\u00eda\u00bb","author":"GB","date":"14\/02\/2015","format":false,"excerpt":"La presidenta Cristina Kirchner inaugur\u00f3 este s\u00e1bado el anfiteatro del bosque en El Calafate, en el marco del festival del Lago, y se\u00f1al\u00f3 que \"ning\u00fan pueblo puede construir nada sin alegr\u00eda\". El secretario de Obras P\u00fablicas de El Calafate, Carlos Alegr\u00eda, explic\u00f3 a la agencia T\u00e9lam que \"todas las obras\u2026","rel":"","context":"En \u00abPol\u00edtica\u00bb","block_context":{"text":"Pol\u00edtica","link":"https:\/\/www.24baires.com\/?cat=51"},"img":{"alt_text":"14-02-2015_calafate_-_la_presidenta_cristina","src":"https:\/\/i0.wp.com\/www.24baires.com\/wp-content\/uploads\/2015\/02\/14-02-2015_calafate_-_la_presidenta_cristina.jpg?resize=350%2C200","width":350,"height":200,"srcset":"https:\/\/i0.wp.com\/www.24baires.com\/wp-content\/uploads\/2015\/02\/14-02-2015_calafate_-_la_presidenta_cristina.jpg?resize=350%2C200 1x, https:\/\/i0.wp.com\/www.24baires.com\/wp-content\/uploads\/2015\/02\/14-02-2015_calafate_-_la_presidenta_cristina.jpg?resize=525%2C300 1.5x"},"classes":[]},{"id":32824,"url":"https:\/\/www.24baires.com\/?p=32824","url_meta":{"origin":5550,"position":1},"title":"Cristina: \u00abNecesitamos empresarios con fuerza y optimismo\u00bb","author":"GB","date":"01\/10\/2013","format":false,"excerpt":"GENERAL RODR\u00cdGUEZ-La Presidenta record\u00f3 adem\u00e1s que desde 2003 \"hemos dado un salto cualitativo con pol\u00edticas activas de inversi\u00f3n del Estado y confianza del capital privado que ha confiado en la Argentina\". Fue al inaugurar una f\u00e1brica de tractores en General Rodr\u00edguez. La presidenta Cristina Fern\u00e1ndez de Kirchner asegur\u00f3 hoy que\u2026","rel":"","context":"En \u00abPol\u00edtica\u00bb","block_context":{"text":"Pol\u00edtica","link":"https:\/\/www.24baires.com\/?cat=51"},"img":{"alt_text":"cristina gral.","src":"https:\/\/i0.wp.com\/www.24baires.com\/wp-content\/uploads\/2013\/10\/cristina-gral..jpg?resize=350%2C200","width":350,"height":200,"srcset":"https:\/\/i0.wp.com\/www.24baires.com\/wp-content\/uploads\/2013\/10\/cristina-gral..jpg?resize=350%2C200 1x, https:\/\/i0.wp.com\/www.24baires.com\/wp-content\/uploads\/2013\/10\/cristina-gral..jpg?resize=525%2C300 1.5x"},"classes":[]},{"id":54662,"url":"https:\/\/www.24baires.com\/?p=54662","url_meta":{"origin":5550,"position":2},"title":"Cristina entregar\u00e1 viviendas en Ezeiza","author":"GB","date":"02\/10\/2014","format":false,"excerpt":"La Presidente de la Naci\u00f3n encabezar\u00e1 esta tarde la entrega de viviendas e inaugurar\u00e1 el Congreso Provincial de Infraestructura Local, que estar\u00e1 bajo la coordinaci\u00f3n del Municipio de Berazategui. Esta tarde, cerca de las 15.30, la presidenta de la Naci\u00f3n, Cristina Fern\u00e1ndez de Kirchner, encabezar\u00e1 el acto de entrega de\u2026","rel":"","context":"En \u00abPol\u00edtica\u00bb","block_context":{"text":"Pol\u00edtica","link":"https:\/\/www.24baires.com\/?cat=51"},"img":{"alt_text":"cristina3","src":"https:\/\/i0.wp.com\/www.24baires.com\/wp-content\/uploads\/2014\/08\/cristina3.jpg?resize=350%2C200","width":350,"height":200,"srcset":"https:\/\/i0.wp.com\/www.24baires.com\/wp-content\/uploads\/2014\/08\/cristina3.jpg?resize=350%2C200 1x, https:\/\/i0.wp.com\/www.24baires.com\/wp-content\/uploads\/2014\/08\/cristina3.jpg?resize=525%2C300 1.5x"},"classes":[]},{"id":118794,"url":"https:\/\/www.24baires.com\/?p=118794","url_meta":{"origin":5550,"position":3},"title":"Kicillof inaugur\u00f3 el primer jard\u00edn maternal de gesti\u00f3n p\u00fablica de Salto","author":"GB","date":"28\/04\/2022","format":false,"excerpt":"El gobernador destac\u00f3 que \u201cla obra para la puesta en marcha de este jard\u00edn maternal se inici\u00f3 durante el gobierno de Cristina Fern\u00e1ndez de Kirchner y, como tantas otras que estaban a punto de terminarse, no se concluyeron\u201d. El gobernador de la provincia de Buenos Aires, Axel Kicillof, encabez\u00f3 esta\u2026","rel":"","context":"En \u00abMunicipios\u00bb","block_context":{"text":"Municipios","link":"https:\/\/www.24baires.com\/?cat=44"},"img":{"alt_text":"","src":"https:\/\/i0.wp.com\/www.24baires.com\/wp-content\/uploads\/2022\/04\/20220427163626__MG_8082-1-1024x681-1.jpg?resize=350%2C200","width":350,"height":200,"srcset":"https:\/\/i0.wp.com\/www.24baires.com\/wp-content\/uploads\/2022\/04\/20220427163626__MG_8082-1-1024x681-1.jpg?resize=350%2C200 1x, https:\/\/i0.wp.com\/www.24baires.com\/wp-content\/uploads\/2022\/04\/20220427163626__MG_8082-1-1024x681-1.jpg?resize=525%2C300 1.5x, https:\/\/i0.wp.com\/www.24baires.com\/wp-content\/uploads\/2022\/04\/20220427163626__MG_8082-1-1024x681-1.jpg?resize=700%2C400 2x"},"classes":[]},{"id":47468,"url":"https:\/\/www.24baires.com\/?p=47468","url_meta":{"origin":5550,"position":4},"title":"A trav\u00e9s de videoconferencia, Cristina inaugur\u00f3 la sede de T\u00e9lam","author":"Grupo Sierra","date":"05\/06\/2014","format":false,"excerpt":"La Presidenta particip\u00f3 del acto de apertura del nuevo edificio de la agencia, que re\u00fane en un mismo sitio a todas las \u00e1reas period\u00edsticas, antes dispersas en tres lugares diferentes. La mandataria, en el marco de un acto que encabeza en Casa de Gobierno, inaugur\u00f3 el nuevo edificio de T\u00e9lam\u2026","rel":"","context":"En \u00abMedios\u00bb","block_context":{"text":"Medios","link":"https:\/\/www.24baires.com\/?cat=54"},"img":{"alt_text":"cristina ","src":"https:\/\/i0.wp.com\/www.24baires.com\/wp-content\/uploads\/2012\/12\/cristina-marita-veron.jpg?resize=350%2C200","width":350,"height":200,"srcset":"https:\/\/i0.wp.com\/www.24baires.com\/wp-content\/uploads\/2012\/12\/cristina-marita-veron.jpg?resize=350%2C200 1x, https:\/\/i0.wp.com\/www.24baires.com\/wp-content\/uploads\/2012\/12\/cristina-marita-veron.jpg?resize=525%2C300 1.5x"},"classes":[]},{"id":61798,"url":"https:\/\/www.24baires.com\/?p=61798","url_meta":{"origin":5550,"position":5},"title":"\u00abSomos m\u00e1s importantes que los reflectores, las c\u00e1maras y lo que pueda decir un diario\u00bb","author":"Grupo Sierra","date":"15\/02\/2015","format":false,"excerpt":"Lo asegur\u00f3 la Presidenta al encabezar la ceremonia central del 138 aniversario del Lago Argentino en El Calafate, donde inaugur\u00f3 un hospital y entreg\u00f3 viviendas. Cristina formul\u00f3 estas declaraciones por cadena nacional en el marco del acto central por el 138 aniversario del Lago Argentino, en un discurso en el\u2026","rel":"","context":"En \u00abPol\u00edtica\u00bb","block_context":{"text":"Pol\u00edtica","link":"https:\/\/www.24baires.com\/?cat=51"},"img":{"alt_text":"cristina","src":"https:\/\/i0.wp.com\/www.24baires.com\/wp-content\/uploads\/2015\/02\/cristina1.jpg?resize=350%2C200","width":350,"height":200,"srcset":"https:\/\/i0.wp.com\/www.24baires.com\/wp-content\/uploads\/2015\/02\/cristina1.jpg?resize=350%2C200 1x, https:\/\/i0.wp.com\/www.24baires.com\/wp-content\/uploads\/2015\/02\/cristina1.jpg?resize=525%2C300 1.5x"},"classes":[]}],"jetpack_sharing_enabled":true,"jetpack_likes_enabled":true,"_links":{"self":[{"href":"https:\/\/www.24baires.com\/index.php?rest_route=\/wp\/v2\/posts\/5550","targetHints":{"allow":["GET"]}}],"collection":[{"href":"https:\/\/www.24baires.com\/index.php?rest_route=\/wp\/v2\/posts"}],"about":[{"href":"https:\/\/www.24baires.com\/index.php?rest_route=\/wp\/v2\/types\/post"}],"author":[{"embeddable":true,"href":"https:\/\/www.24baires.com\/index.php?rest_route=\/wp\/v2\/users\/4"}],"replies":[{"embeddable":true,"href":"https:\/\/www.24baires.com\/index.php?rest_route=%2Fwp%2Fv2%2Fcomments&post=5550"}],"version-history":[{"count":3,"href":"https:\/\/www.24baires.com\/index.php?rest_route=\/wp\/v2\/posts\/5550\/revisions"}],"predecessor-version":[{"id":5554,"href":"https:\/\/www.24baires.com\/index.php?rest_route=\/wp\/v2\/posts\/5550\/revisions\/5554"}],"wp:attachment":[{"href":"https:\/\/www.24baires.com\/index.php?rest_route=%2Fwp%2Fv2%2Fmedia&parent=5550"}],"wp:term":[{"taxonomy":"category","embeddable":true,"href":"https:\/\/www.24baires.com\/index.php?rest_route=%2Fwp%2Fv2%2Fcategories&post=5550"},{"taxonomy":"post_tag","embeddable":true,"href":"https:\/\/www.24baires.com\/index.php?rest_route=%2Fwp%2Fv2%2Ftags&post=5550"}],"curies":[{"name":"wp","href":"https:\/\/api.w.org\/{rel}","templated":true}]}}