{"id":5545,"date":"2012-11-15T13:03:47","date_gmt":"2012-11-15T16:03:47","guid":{"rendered":"http:\/\/www.24baires.com\/?p=5545"},"modified":"2012-11-15T14:05:51","modified_gmt":"2012-11-15T17:05:51","slug":"medida-para-imitar-en-bolivar-prohibieron-los-cabarets","status":"publish","type":"post","link":"https:\/\/www.24baires.com\/?p=5545","title":{"rendered":"Medida para imitar: en Bol\u00edvar prohibieron los cabarets"},"content":{"rendered":"<p>El intendente municipal de Bol\u00edvar, Eduardo Bucca, prohibi\u00f3 este jueves los cabarets en todo el partido de Bol\u00edvar. Lo hizo mediante un Decreto en el que hace expl\u00edcita la prohibici\u00f3n de la instalaci\u00f3n de nuevas casas de ese estilo as\u00ed como la directiva de cerrar aquellos que ya est\u00e9n en funcionamiento.<!--more--><\/p>\n<p>Para comunicar la decisi\u00f3n mantuvo una reuni\u00f3n en el Palacio municipal de la que participaron funcionarios policiales, integrantes de la Mesa contra la violencia local, referentes de la Fiscal\u00eda, ediles e integrantes del Departamento Ejecutivo. Los alcances y dem\u00e1s detalles de la medida se dar\u00e1n a conocer en las pr\u00f3ximas horas.<\/p>\n","protected":false},"excerpt":{"rendered":"<p>El intendente municipal de Bol\u00edvar, Eduardo Bucca, prohibi\u00f3 este jueves los cabarets en todo el partido de Bol\u00edvar. Lo hizo mediante un Decreto en el que hace expl\u00edcita la prohibici\u00f3n de la instalaci\u00f3n de nuevas casas de ese estilo as\u00ed como la directiva de cerrar aquellos que ya est\u00e9n en funcionamiento.<\/p>\n","protected":false},"author":4,"featured_media":0,"comment_status":"open","ping_status":"open","sticky":false,"template":"","format":"standard","meta":{"_jetpack_newsletter_access":"","_jetpack_dont_email_post_to_subs":false,"_jetpack_newsletter_tier_id":0,"_jetpack_memberships_contains_paywalled_content":false,"_jetpack_memberships_contains_paid_content":false,"footnotes":""},"categories":[38],"tags":[],"class_list":["post-5545","post","type-post","status-publish","format-standard","hentry","category-locales"],"jetpack_featured_media_url":"","jetpack_shortlink":"https:\/\/wp.me\/p2JWE0-1rr","jetpack-related-posts":[{"id":70926,"url":"https:\/\/www.24baires.com\/?p=70926","url_meta":{"origin":5545,"position":0},"title":"En Bah\u00eda Blanca, promulgan una ordenanza que proh\u00edbe los cabarets","author":"AF","date":"21\/08\/2015","format":false,"excerpt":"El intendente Gustavo Bevilacqua promulg\u00f3 la ordenanza, aprobada por unanimidad en el Concejo Deliberante cuatro meses atr\u00e1s, que proh\u00edbe el funcionamiento de cabarets y locales donde sus propietarios obtengan un lucro por la explotaci\u00f3n sexual. Los propietarios de esos espacios tendr\u00e1n 30 d\u00edas para presentar el cambio de rubro y\u2026","rel":"","context":"En \u00abLocales\u00bb","block_context":{"text":"Locales","link":"https:\/\/www.24baires.com\/?cat=38"},"img":{"alt_text":"cabaret","src":"https:\/\/i0.wp.com\/www.24baires.com\/wp-content\/uploads\/2015\/03\/cabaret.jpg?resize=350%2C200","width":350,"height":200,"srcset":"https:\/\/i0.wp.com\/www.24baires.com\/wp-content\/uploads\/2015\/03\/cabaret.jpg?resize=350%2C200 1x, https:\/\/i0.wp.com\/www.24baires.com\/wp-content\/uploads\/2015\/03\/cabaret.jpg?resize=525%2C300 1.5x"},"classes":[]},{"id":118011,"url":"https:\/\/www.24baires.com\/?p=118011","url_meta":{"origin":5545,"position":1},"title":"Municipios oficialistas del interior extendieron la nocturnidad","author":"GB","date":"19\/09\/2021","format":false,"excerpt":"En la \u00faltima semana, algunos distritos decretaron la libre circulaci\u00f3n o extendieron la nocturnidad. Los casos de Bol\u00edvar, Pehuaj\u00f3 y Trenque Lauquen. Intendentes del Frente de Todos comenzaron flexibilizar las restricciones por la pandemia y extendieron la nocturnidad, ante la baja de los contagios de coronavirus y los reclamos de\u2026","rel":"","context":"En \u00abProvincia\u00bb","block_context":{"text":"Provincia","link":"https:\/\/www.24baires.com\/?cat=40"},"img":{"alt_text":"","src":"https:\/\/i0.wp.com\/www.24baires.com\/wp-content\/uploads\/2021\/09\/nocturnidad-pjpg-300x200.jpg?resize=350%2C200","width":350,"height":200},"classes":[]},{"id":40386,"url":"https:\/\/www.24baires.com\/?p=40386","url_meta":{"origin":5545,"position":2},"title":"Bossio present\u00f3 en Bol\u00edvar, el desarrollo urban\u00edstico de 181 viviendas","author":"GB","date":"13\/02\/2014","format":false,"excerpt":"BOLIVAR-El titular de la Anses, Diego Bossio, present\u00f3 en la localidad bonaerense de Bol\u00edvar, junto al intendente local, Eduardo Bucca, un desarrollo urban\u00edstico de 181 viviendas que emplazar\u00e1 el Programa Procrear en la regi\u00f3n. Los funcionarios visitaron el predio donde se construir\u00e1 el proyecto que tendr\u00e1 una inversi\u00f3n de obra\u2026","rel":"","context":"En \u00abEconom\u00eda\u00bb","block_context":{"text":"Econom\u00eda","link":"https:\/\/www.24baires.com\/?cat=45"},"img":{"alt_text":"Bossio en Bolivar","src":"https:\/\/i0.wp.com\/www.24baires.com\/wp-content\/uploads\/2014\/02\/Bossio-en-Bolivar.jpg?resize=350%2C200","width":350,"height":200,"srcset":"https:\/\/i0.wp.com\/www.24baires.com\/wp-content\/uploads\/2014\/02\/Bossio-en-Bolivar.jpg?resize=350%2C200 1x, https:\/\/i0.wp.com\/www.24baires.com\/wp-content\/uploads\/2014\/02\/Bossio-en-Bolivar.jpg?resize=525%2C300 1.5x"},"classes":[]},{"id":12664,"url":"https:\/\/www.24baires.com\/?p=12664","url_meta":{"origin":5545,"position":3},"title":"Impulsan una Ley bonaerense para prohibir los prost\u00edbulos","author":"AF","date":"18\/01\/2013","format":false,"excerpt":"El proyecto fue presentado el jueves pasado en la Legislatura de la provincia. Dispone adem\u00e1s la clausura de los locales preexistentes al momento en que entre en vigencia y endurece las penas previstas para quienes los regenteen. El caso Marita Ver\u00f3n aceler\u00f3 la sanci\u00f3n de leyes contra los prost\u00edbulos en\u2026","rel":"","context":"En \u00abSociedad\u00bb","block_context":{"text":"Sociedad","link":"https:\/\/www.24baires.com\/?cat=1"},"img":{"alt_text":"","src":"","width":0,"height":0},"classes":[]},{"id":122686,"url":"https:\/\/www.24baires.com\/?p=122686","url_meta":{"origin":5545,"position":4},"title":"Provincia y el municipio de Bol\u00edvar desplegaron un operativo de emergencia tras el fuerte temporal","author":"GB","date":"05\/11\/2025","format":false,"excerpt":"La tormenta golpe\u00f3 con dureza y dej\u00f3 la ciudad en condiciones cr\u00edticas. Desde temprano, el gobierno bonaerense y el municipio articulan la asistencia para atender los da\u00f1os y acompa\u00f1ar a las familias. La localidad de Bol\u00edvar se vi\u00f3 afectada por un temporal que dej\u00f3 a la ciudad en graves condiciones.\u2026","rel":"","context":"En \u00abProvincia\u00bb","block_context":{"text":"Provincia","link":"https:\/\/www.24baires.com\/?cat=40"},"img":{"alt_text":"","src":"https:\/\/i0.wp.com\/www.24baires.com\/wp-content\/uploads\/2025\/11\/bolivar-ayuda.webp?resize=350%2C200","width":350,"height":200,"srcset":"https:\/\/i0.wp.com\/www.24baires.com\/wp-content\/uploads\/2025\/11\/bolivar-ayuda.webp?resize=350%2C200 1x, https:\/\/i0.wp.com\/www.24baires.com\/wp-content\/uploads\/2025\/11\/bolivar-ayuda.webp?resize=525%2C300 1.5x, https:\/\/i0.wp.com\/www.24baires.com\/wp-content\/uploads\/2025\/11\/bolivar-ayuda.webp?resize=700%2C400 2x"},"classes":[]},{"id":102926,"url":"https:\/\/www.24baires.com\/?p=102926","url_meta":{"origin":5545,"position":5},"title":"El gobierno bonaerense adelantar\u00e1 el pago del medio aguinaldo para los trabajadores estatales","author":"GB","date":"22\/06\/2018","format":false,"excerpt":"Desde el Poder Ejecutivo de la provincia de Buenos Aires realizan las tareas administrativas para garantizar el desembolso en los primeros d\u00edas de julio. La medida va en sinton\u00eda con varios intendentes que lo anticiparon en el marco de la compleja situaci\u00f3n econ\u00f3mica. Seg\u00fan pudo saber INFOCIELO, desde el gobierno\u2026","rel":"","context":"En \u00abProvincia\u00bb","block_context":{"text":"Provincia","link":"https:\/\/www.24baires.com\/?cat=40"},"img":{"alt_text":"","src":"","width":0,"height":0},"classes":[]}],"jetpack_sharing_enabled":true,"jetpack_likes_enabled":true,"_links":{"self":[{"href":"https:\/\/www.24baires.com\/index.php?rest_route=\/wp\/v2\/posts\/5545","targetHints":{"allow":["GET"]}}],"collection":[{"href":"https:\/\/www.24baires.com\/index.php?rest_route=\/wp\/v2\/posts"}],"about":[{"href":"https:\/\/www.24baires.com\/index.php?rest_route=\/wp\/v2\/types\/post"}],"author":[{"embeddable":true,"href":"https:\/\/www.24baires.com\/index.php?rest_route=\/wp\/v2\/users\/4"}],"replies":[{"embeddable":true,"href":"https:\/\/www.24baires.com\/index.php?rest_route=%2Fwp%2Fv2%2Fcomments&post=5545"}],"version-history":[{"count":2,"href":"https:\/\/www.24baires.com\/index.php?rest_route=\/wp\/v2\/posts\/5545\/revisions"}],"predecessor-version":[{"id":5547,"href":"https:\/\/www.24baires.com\/index.php?rest_route=\/wp\/v2\/posts\/5545\/revisions\/5547"}],"wp:attachment":[{"href":"https:\/\/www.24baires.com\/index.php?rest_route=%2Fwp%2Fv2%2Fmedia&parent=5545"}],"wp:term":[{"taxonomy":"category","embeddable":true,"href":"https:\/\/www.24baires.com\/index.php?rest_route=%2Fwp%2Fv2%2Fcategories&post=5545"},{"taxonomy":"post_tag","embeddable":true,"href":"https:\/\/www.24baires.com\/index.php?rest_route=%2Fwp%2Fv2%2Ftags&post=5545"}],"curies":[{"name":"wp","href":"https:\/\/api.w.org\/{rel}","templated":true}]}}