{"id":5539,"date":"2012-11-15T13:41:37","date_gmt":"2012-11-15T16:41:37","guid":{"rendered":"http:\/\/www.24baires.com\/?p=5539"},"modified":"2012-11-15T14:29:24","modified_gmt":"2012-11-15T17:29:24","slug":"lorenzetti-diserto-en-la-unlm-sobre-la-reforma-del-codigo-civil-y-comercial","status":"publish","type":"post","link":"https:\/\/www.24baires.com\/?p=5539","title":{"rendered":"Lorenzetti disert\u00f3 en la UNLM sobre la reforma del C\u00f3digo Civil y Comercial"},"content":{"rendered":"<p><img data-recalc-dims=\"1\" loading=\"lazy\" decoding=\"async\" class=\"alignleft size-medium wp-image-5540\" title=\"lorenzetti\" src=\"https:\/\/i0.wp.com\/www.24baires.com\/wp-content\/uploads\/2012\/11\/lorenzetti.jpg?resize=300%2C182\" alt=\"\" width=\"300\" height=\"182\" srcset=\"https:\/\/i0.wp.com\/www.24baires.com\/wp-content\/uploads\/2012\/11\/lorenzetti.jpg?resize=300%2C182&amp;ssl=1 300w, https:\/\/i0.wp.com\/www.24baires.com\/wp-content\/uploads\/2012\/11\/lorenzetti.jpg?w=560&amp;ssl=1 560w\" sizes=\"auto, (max-width: 300px) 100vw, 300px\" \/><strong>LA MATANZA &#8211;<\/strong> Fue este mi\u00e9rcoles, ante un auditorio de estudiantes y profesores de esa casa de estudios. El presidente de la Corte brind\u00f3 una conferencia sobre el proyecto de modificaci\u00f3n, actualizaci\u00f3n y unificaci\u00f3n de esos cuerpos normativos.<!--more--><br \/>\nEl presidente de la Corte Suprema de Justicia de la Naci\u00f3n, Ricardo Lorenzetti, disert\u00f3 este mi\u00e9rcoles, en la Universidad Nacional de La Matanza, sobre la reforma, actualizaci\u00f3n y unificaci\u00f3n de los c\u00f3digos Civil y Comercial.<br \/>\nLa conferencia se realiz\u00f3 en el Patio de las Am\u00e9ricas de esta Casa, ubicada en Florencio Varela 1.903, San Justo, y fue organizada conjuntamente por el Departamento de Derecho y Ciencia Pol\u00edtica, la Direcci\u00f3n de Graduados dependiente de la Secretaria de Extensi\u00f3n Universitaria, la Asociaci\u00f3n de Graduados de la Universidad de La Matanza y el Centro de Estudiantes.<\/p>\n","protected":false},"excerpt":{"rendered":"<p>LA MATANZA &#8211; Fue este mi\u00e9rcoles, ante un auditorio de estudiantes y profesores de esa casa de estudios. El presidente de la Corte brind\u00f3 una conferencia sobre el proyecto de modificaci\u00f3n, actualizaci\u00f3n y unificaci\u00f3n de esos cuerpos normativos.<\/p>\n","protected":false},"author":4,"featured_media":0,"comment_status":"open","ping_status":"open","sticky":false,"template":"","format":"standard","meta":{"_jetpack_newsletter_access":"","_jetpack_dont_email_post_to_subs":false,"_jetpack_newsletter_tier_id":0,"_jetpack_memberships_contains_paywalled_content":false,"_jetpack_memberships_contains_paid_content":false,"footnotes":""},"categories":[1],"tags":[],"class_list":["post-5539","post","type-post","status-publish","format-standard","hentry","category-sociedad"],"jetpack_featured_media_url":"","jetpack_shortlink":"https:\/\/wp.me\/p2JWE0-1rl","jetpack-related-posts":[{"id":2375,"url":"https:\/\/www.24baires.com\/?p=2375","url_meta":{"origin":5539,"position":0},"title":"Cierran en La Matanza las audiencias p\u00fablicas por la reforma del C\u00f3digo Civil y del Comercial","author":"AF","date":"16\/10\/2012","format":false,"excerpt":"El Intendente Municipal, Fernando Espinoza, junto al Presidente de la Honorable C\u00e1mara de Diputados, Juli\u00e1n Dom\u00ednguez, invitan al cierre de las audiencias p\u00fablicas por la Reforma de los C\u00f3digos Civil y Comercial, que se realizar\u00e1 el mi\u00e9rcoles 17 de octubre, a las 10.30 hs, en la Universidad Nacional de La\u2026","rel":"","context":"En \u00abSociedad\u00bb","block_context":{"text":"Sociedad","link":"https:\/\/www.24baires.com\/?cat=1"},"img":{"alt_text":"","src":"","width":0,"height":0},"classes":[]},{"id":1460,"url":"https:\/\/www.24baires.com\/?p=1460","url_meta":{"origin":5539,"position":1},"title":"Se debatir\u00e1 en Bah\u00eda Blanca la reforma del C\u00f3digo Civil y del Comercial","author":"AF","date":"08\/10\/2012","format":false,"excerpt":"Se trata de la octava audiencia p\u00fablica que llevar\u00e1 adelante la Comisi\u00f3n Bicameral para la Reforma, Actualizaci\u00f3n y Unificaci\u00f3n de los C\u00f3digos Civil y Comercial de la Naci\u00f3n. La convocatoria es para el jueves pr\u00f3ximo en el Teatro Municipal de Bah\u00eda Blanca. La agenda de audiencias p\u00fablicas que se realizan\u2026","rel":"","context":"En \u00abSociedad\u00bb","block_context":{"text":"Sociedad","link":"https:\/\/www.24baires.com\/?cat=1"},"img":{"alt_text":"","src":"","width":0,"height":0},"classes":[]},{"id":2461,"url":"https:\/\/www.24baires.com\/?p=2461","url_meta":{"origin":5539,"position":2},"title":"Se celebr\u00f3 en La Matanza la \u00faltima audiencia p\u00fablica para la unificaci\u00f3n de los C\u00f3digos","author":"AF","date":"17\/10\/2012","format":false,"excerpt":"El Presidente de la C\u00e1mara de Diputados de la Naci\u00f3n, Dr. Juli\u00e1n Dom\u00ednguez, y la Comisi\u00f3n Bicameral del Congreso Nacional que lleva a cabo las Audiencias P\u00fablicas en todo el pa\u00eds para reformar, actualizar y unificar el c\u00f3digo Civil y Comercial, se hicieron presentes en la Universidad Nacional de La\u2026","rel":"","context":"En \u00abSociedad\u00bb","block_context":{"text":"Sociedad","link":"https:\/\/www.24baires.com\/?cat=1"},"img":{"alt_text":"","src":"","width":0,"height":0},"classes":[]},{"id":4224,"url":"https:\/\/www.24baires.com\/?p=4224","url_meta":{"origin":5539,"position":3},"title":"El debate de la reforma de los c\u00f3digos pas\u00f3 por Mar de Aj\u00f3","author":"Grupo Sierra","date":"02\/11\/2012","format":false,"excerpt":"Se celebr\u00f3 en esa localidad de la costa atl\u00e1ntica una nueva audiencia p\u00fablica, con la presencia entre otros del titular de la C\u00e1mara de Diputados, Juli\u00e1n Dom\u00ednguez, quien sostuvo que \u201ccomo dirigentes de la generaci\u00f3n del bicentenario somos los \u00fanicos responsables de la construcci\u00f3n de los nuevos derechos\u201d. El presidente\u2026","rel":"","context":"En \u00abPol\u00edtica\u00bb","block_context":{"text":"Pol\u00edtica","link":"https:\/\/www.24baires.com\/?cat=51"},"img":{"alt_text":"","src":"https:\/\/i0.wp.com\/www.24baires.com\/wp-content\/uploads\/2012\/11\/landau_dominguez_camano.jpg?resize=350%2C200","width":350,"height":200},"classes":[]},{"id":35180,"url":"https:\/\/www.24baires.com\/?p=35180","url_meta":{"origin":5539,"position":4},"title":"Comenz\u00f3 en el Senado el debate sobre la reforma al C\u00f3digo Civil","author":"GB","date":"14\/11\/2013","format":false,"excerpt":"La Comisi\u00f3n Bicameral Especial para la Reforma, Actualizaci\u00f3n y Unificaci\u00f3n de los C\u00f3digos Civil y Comercial arranc\u00f3 con la discusi\u00f3n de los anteproyectos de ley que el pr\u00f3ximo lunes presentar\u00e1n tanto la oposici\u00f3n como el oficialismo. Ese d\u00eda, adem\u00e1s, fueron convocados los integrantes de la Comisi\u00f3n de Juristas, entre los\u2026","rel":"","context":"En \u00abPol\u00edtica\u00bb","block_context":{"text":"Pol\u00edtica","link":"https:\/\/www.24baires.com\/?cat=51"},"img":{"alt_text":"senado","src":"https:\/\/i0.wp.com\/www.24baires.com\/wp-content\/uploads\/2013\/11\/senado1.jpg?resize=350%2C200","width":350,"height":200,"srcset":"https:\/\/i0.wp.com\/www.24baires.com\/wp-content\/uploads\/2013\/11\/senado1.jpg?resize=350%2C200 1x, https:\/\/i0.wp.com\/www.24baires.com\/wp-content\/uploads\/2013\/11\/senado1.jpg?resize=525%2C300 1.5x"},"classes":[]},{"id":35351,"url":"https:\/\/www.24baires.com\/?p=35351","url_meta":{"origin":5539,"position":5},"title":"\u00abLa reforma al C\u00f3digo Civil mejorar\u00e1 la relaci\u00f3n del Estado con la sociedad argentina\u00bb","author":"AF","date":"18\/11\/2013","format":false,"excerpt":"As\u00ed lo asegur\u00f3 el senador nacional por el Frente para la Victoria, An\u00edbal Fern\u00e1ndez, quien resalt\u00f3 que \"se aceptaron cerca de 170 modificaciones, 150 consensuadas y 20 aceptadas\". Asimismo se refiri\u00f3 a los medios concentrados que apuntan contra la reforma y subray\u00f3 que \"no vamos para atr\u00e1s, vamos para adelante,\u2026","rel":"","context":"En \u00abPol\u00edtica\u00bb","block_context":{"text":"Pol\u00edtica","link":"https:\/\/www.24baires.com\/?cat=51"},"img":{"alt_text":"fern\u00e1ndez an\u00edbal","src":"https:\/\/i0.wp.com\/www.24baires.com\/wp-content\/uploads\/2012\/12\/fern%C3%A1ndez-an%C3%ADbal.jpg?resize=350%2C200","width":350,"height":200,"srcset":"https:\/\/i0.wp.com\/www.24baires.com\/wp-content\/uploads\/2012\/12\/fern%C3%A1ndez-an%C3%ADbal.jpg?resize=350%2C200 1x, https:\/\/i0.wp.com\/www.24baires.com\/wp-content\/uploads\/2012\/12\/fern%C3%A1ndez-an%C3%ADbal.jpg?resize=525%2C300 1.5x"},"classes":[]}],"jetpack_sharing_enabled":true,"jetpack_likes_enabled":true,"_links":{"self":[{"href":"https:\/\/www.24baires.com\/index.php?rest_route=\/wp\/v2\/posts\/5539","targetHints":{"allow":["GET"]}}],"collection":[{"href":"https:\/\/www.24baires.com\/index.php?rest_route=\/wp\/v2\/posts"}],"about":[{"href":"https:\/\/www.24baires.com\/index.php?rest_route=\/wp\/v2\/types\/post"}],"author":[{"embeddable":true,"href":"https:\/\/www.24baires.com\/index.php?rest_route=\/wp\/v2\/users\/4"}],"replies":[{"embeddable":true,"href":"https:\/\/www.24baires.com\/index.php?rest_route=%2Fwp%2Fv2%2Fcomments&post=5539"}],"version-history":[{"count":3,"href":"https:\/\/www.24baires.com\/index.php?rest_route=\/wp\/v2\/posts\/5539\/revisions"}],"predecessor-version":[{"id":5542,"href":"https:\/\/www.24baires.com\/index.php?rest_route=\/wp\/v2\/posts\/5539\/revisions\/5542"}],"wp:attachment":[{"href":"https:\/\/www.24baires.com\/index.php?rest_route=%2Fwp%2Fv2%2Fmedia&parent=5539"}],"wp:term":[{"taxonomy":"category","embeddable":true,"href":"https:\/\/www.24baires.com\/index.php?rest_route=%2Fwp%2Fv2%2Fcategories&post=5539"},{"taxonomy":"post_tag","embeddable":true,"href":"https:\/\/www.24baires.com\/index.php?rest_route=%2Fwp%2Fv2%2Ftags&post=5539"}],"curies":[{"name":"wp","href":"https:\/\/api.w.org\/{rel}","templated":true}]}}