{"id":55375,"date":"2014-10-14T15:30:19","date_gmt":"2014-10-14T18:30:19","guid":{"rendered":"http:\/\/www.24baires.com\/?p=55375"},"modified":"2014-10-14T14:33:02","modified_gmt":"2014-10-14T17:33:02","slug":"to-disney-or-not-to-disney","status":"publish","type":"post","link":"https:\/\/www.24baires.com\/?p=55375","title":{"rendered":"To Disney or not to Disney"},"content":{"rendered":"<p><img data-recalc-dims=\"1\" loading=\"lazy\" decoding=\"async\" class=\"aligncenter wp-image-55376\" src=\"https:\/\/i0.wp.com\/www.24baires.com\/wp-content\/uploads\/2014\/10\/disney.jpg?resize=560%2C270\" alt=\"disney\" width=\"560\" height=\"270\" srcset=\"https:\/\/i0.wp.com\/www.24baires.com\/wp-content\/uploads\/2014\/10\/disney.jpg?w=324&amp;ssl=1 324w, https:\/\/i0.wp.com\/www.24baires.com\/wp-content\/uploads\/2014\/10\/disney.jpg?resize=300%2C144&amp;ssl=1 300w\" sizes=\"auto, (max-width: 560px) 100vw, 560px\" \/>All\u00e1 por nuestra infancia, en el colegio se organizaban \u201ctardes de cine\u201d, generalmente despu\u00e9s de alg\u00fan acto escolar o previo a un feriado. En el sal\u00f3n de actos pon\u00edan una enorme pantalla y se proyectaban dibujos animados. Por lo general, eran cortos de Disney que en aquellos tiempos no se pasaban por una televisi\u00f3n m\u00e1s propensa al t\u00edpico programa infantil con un conductor o conductora y en el que los dibujitos eran los de Hanna-Barbera.<!--more--><\/p>\n<p>Los barrios de Buenos Aires se desperezaban de su propia esencia para moverse lentamente a este hoy de edificios con seguridad privada e identificadores de huellas dactilares.<\/p>\n<p>Toda la obra de Disney tiene la caracter\u00edstica de superar cualquier an\u00e1lisis objetivo. Si bien eran de una calidad muy superior a la de Los Picapiedras, el Oso Yogui o Los Supers\u00f3nicos, ven\u00edan ya con una atm\u00f3sfera de algo m\u00e1gico y sorprendente: la fantas\u00eda misma plasmada en el celuloide. Por supuesto \u00bfqui\u00e9n iba a contradecir este preconcepto a los diez a\u00f1os de edad? Aunque los dibujitos repitieran la l\u00f3gica de las ardillitas molestando a Donald, aunque no fuera congruente que un pato tenga el mismo tama\u00f1o que un rat\u00f3n junto a un perro que caminaba en dos patas y otro, que lo hac\u00eda en cuatro. Disfrut\u00e1bamos los dibujitos de Disney como si fueran la quintaesencia del dibujo animado.<\/p>\n<p>Esa admiraci\u00f3n se transmit\u00eda mas tarde a otro concepto, denominado \u201cDisneylandia\u201d, un lugar seguramente tan m\u00e1gico como aquellos dibujitos y cuyo anhelo era mayor cuanto mas lejano estaba. Disneylandia \u2013o Disneyworld- eran la encarnaci\u00f3n de todas aquellas cosas que ve\u00edamos en los dibujitos. Por aquellos tiempos, las pel\u00edculas de Disney, muy espor\u00e1dicas y con argumentos simplones, eran con actores, ya que las de dibujos animados pertenec\u00edan a un pasado cuyos costos las hab\u00eda permitido.<\/p>\n<p>En filmaciones, ve\u00edamos personas disfrazadas de Mickey, Donald, Pluto o Tribil\u00edn que, a diferencia de la movilidad que los personajes mostraban en los dibujitos, s\u00f3lo pod\u00edan saludar est\u00fapidamente con las manos y fingir besos a los ni\u00f1os con esas m\u00e1scaras de sonrisa congelada.<\/p>\n<p>Disney ten\u00eda un cine en Buenos Aires llamado \u201cLos Angeles\u201d, y all\u00ed, cada tanto, estos personajes \u201cvisitaban\u201d y saludaban a los ni\u00f1os que \u00edbamos a ver las pel\u00edculas, muchas veces reposiciones de viejos estrenos.<\/p>\n<p>Sin embargo, Disneylandia era un sue\u00f1o para todos los ni\u00f1os que \u00edbamos a la primaria en alguna escuela p\u00fablica de este bendito pa\u00eds. Los yanquis, que ahora luchan contra el Islam, no advirtieron entonces que los ni\u00f1os quer\u00edamos peregrinar a esa Meca ubicada en La Florida.<\/p>\n<p>Un anhelo de la clase media que la reafirmaba como tal.<\/p>\n<p>Algunos padres pudientes, que hab\u00edan crecido en otras realidades m\u00e1s propias de Tarzanito en la radio, llevaban a sus ni\u00f1os a Disneylandia. El regreso era una fiesta en casa, con an\u00e9cdotas, exhibici\u00f3n del merchandising, show de diapositivas y bizcochuelo.<\/p>\n<p>Los a\u00f1os pasan y muchos de esos sue\u00f1os van cambiando convenientemente. De eso se trata crecer. La Meca de Disneylandia termin\u00f3 siendo un recuerdo con algo de bochorno. Uno comprendi\u00f3 a Walt Disney, a los mu\u00f1ecos, al capitalismo y al imperialismo. No hizo falta ir a Disneylandia. Otras expresiones de lo mismo se fueron instalando mas cerca y muchas veces comprobamos cu\u00e1nto nos puede lastimar un peluche.<\/p>\n<p>\u00bfTodos lo comprendimos? Lamentablemente, no.<\/p>\n<p>Oculto entre las multitudes, entre todos esos amigos de la infancia, un enorme amor por el Rat\u00f3n Mickey continu\u00f3 ardiendo en forma oculta en algunos. Aparentemente olvidado, deshechado al debatir sobre lances amorosos, estudios, iniciaciones laborales, agachadas, rencores a los padres, alquileres y negocios, el amor por el rat\u00f3n permaneci\u00f3.<\/p>\n<p>En la historia argentina reciente, el amor por el rat\u00f3n suele estar acompa\u00f1ado por la admiraci\u00f3n a otro pa\u00eds, a otra forma de organizarnos como sociedad, a ser otros, a denominar \u201cMeca\u201d a otra cosa muy relacionada a Disneylandia.<\/p>\n<p>\u00bfY cu\u00e1ndo evidenciarlo, cu\u00e1ndo darle finalmente la rienda suelta, en qu\u00e9 momento ese amor se vio protegido de la burlona visi\u00f3n p\u00fablica, del cuestionamiento?<\/p>\n<p>As\u00ed es, cuando se es, finalmente, padre.<\/p>\n<p>El beb\u00e9 acaba de nacer y ya pap\u00e1 le compr\u00f3 la mamadera de Mickey, el babero del burro de Winnie Poo, la s\u00e1bana de Donald, y cosas as\u00ed.<\/p>\n<p>Cuando el nene puede apenas ver la tele, ya tiene DVDs de todas las pel\u00edculas recientes de Disney, que ven una y otra vez y en lugar de pasar por alto aquello del argumento simpl\u00f3n, ahora no: el pap\u00e1 lagrimea con el final de La Bella y la Bestia.<\/p>\n<p>Uno entra a esa casa y ve mu\u00f1ecos de Disney por todos lados. El pap\u00e1 explica del nene: \u201cNo sab\u00e9s lo que le gusta Disney\u201d, como si fuera inocente, como si lo del nene fuera una iluminaci\u00f3n como la del Cristo perdido en el Templo.<\/p>\n<p>Por supuesto, ni bien el beb\u00e9 puede hablar, ya tiene un sue\u00f1o: \u201cIr a Disney\u201d.<\/p>\n<p>Y el pap\u00e1, o la mam\u00e1, en vez de que eso sea un llamado de atenci\u00f3n acerca de c\u00f3mo est\u00e1n criando a su hijo, toman esta manifestaci\u00f3n como un compromiso, algo que tienen que hacer. El objetivo familiar resulta el del beb\u00e9.<\/p>\n<p>Y un d\u00eda, finalmente ocurre. Pap\u00e1, mam\u00e1 y el nene parten rumbo a Disneylandia. No importa que hayan sacado el viaje en mayo y el nene tenga que faltar quince d\u00edas a la escuela. Eso es a\u00fan mejor: si el viaje fuera en enero, los compa\u00f1eros del nene no se enterar\u00edan. Cada d\u00eda de clase con ese banco vac\u00edo es como repetir mil millones de veces \u201cMientras ustedes pierden el tiempo intentando el conocimiento, ese objetivo vacuo, yo estoy en Disney realiz\u00e1ndome como ser humano\u201d. Hoy en d\u00eda, las redes sociales acent\u00faan el viaje le dan plazos inciertos. En vez de las s\u00f3rdidas diapositivas de hace treinta a\u00f1os, soportaremos selfies con comentarios bobos en Facebook y Twitter. Uno desde ac\u00e1 se pregunta qu\u00e9 emoci\u00f3n, qu\u00e9 sentimiento de revelaci\u00f3n se puede experimentar frente a ese jabal\u00ed verrugoso hecho de cartapesta. C\u00f3mo un cerebro puede suponer que un pa\u00eds mejor consiste en un cantero decorado con los mu\u00f1ecos de Aladdin. Seis meses despu\u00e9s, pap\u00e1, mam\u00e1 y el nene siguen posteando fotos del viaje, entradas colorinches y playas de estacionamiento enormes.<\/p>\n<p>Encontrarse a alguno de ellos representa soportar an\u00e9cdotas ins\u00edpidas y mirar el \u00e1lbum de fotos de \u201cMagic Kindon\u201d, porque de nada vali\u00f3 pasarse una semana en un lugar para aprender c\u00f3mo se escribe.<\/p>\n<p>Fotos de fotos, im\u00e1genes que intentan que el otro sienta, no la felicidad que el protagonista sinti\u00f3 en ese momento, sino que el otro se est\u00e1 perdiendo LA felicidad encarnada en un pulpo que entrega hamburguesas.<\/p>\n<p>Nunca se habla de Disney persona, un tipo cuyo mejor personaje result\u00f3 ser \u00e9l mismo, y supo ocultarse convenientemente. Negreador de dibujantes, negador de derechos intelectuales, mal pagador. Siempre al borde de alg\u00fan problema.<\/p>\n<p>Y todo porque pap\u00e1 no elabor\u00f3 esa vivencia infantil de las tardes escolares, no vio, no pens\u00f3, no experiment\u00f3, no sinti\u00f3.<\/p>\n<p>No creci\u00f3.<\/p>\n<p>Su infancia, tan congelada como nos dec\u00edan que estaba Disney.<\/p>\n<p>Hay quienes dicen que Peter Pan es capaz de conservar eternamente su ni\u00f1ez en Nunca Jam\u00e1s porque, como aquellos a los que ve el protagonista de \u201cSexto sentido\u201d, est\u00e1 muerto.<\/p>\n<p>Los ni\u00f1os muertos, son siempre ni\u00f1os.<\/p>\n<p>Siempre actuar\u00e1n como ni\u00f1os.<\/p>\n<p>Y pasen por la boleter\u00eda, por favor.<\/p>\n<p>&nbsp;<\/p>\n<p>&nbsp;<\/p>\n<p>&nbsp;<\/p>\n<p>&nbsp;<\/p>\n<p>&nbsp;<\/p>\n<p>&nbsp;<\/p>\n<p>&nbsp;<\/p>\n","protected":false},"excerpt":{"rendered":"<p>All\u00e1 por nuestra infancia, en el colegio se organizaban \u201ctardes de cine\u201d, generalmente despu\u00e9s de alg\u00fan acto escolar o previo a un feriado. En el sal\u00f3n de actos pon\u00edan una enorme pantalla y se proyectaban dibujos animados. Por lo general, eran cortos de Disney que en aquellos tiempos no se pasaban por una televisi\u00f3n m\u00e1s propensa al t\u00edpico programa infantil [&#8230;]<\/p>\n","protected":false},"author":8,"featured_media":0,"comment_status":"open","ping_status":"open","sticky":false,"template":"","format":"standard","meta":{"_jetpack_newsletter_access":"","_jetpack_dont_email_post_to_subs":false,"_jetpack_newsletter_tier_id":0,"_jetpack_memberships_contains_paywalled_content":false,"_jetpack_memberships_contains_paid_content":false,"footnotes":""},"categories":[64],"tags":[],"class_list":["post-55375","post","type-post","status-publish","format-standard","hentry","category-opinion"],"jetpack_featured_media_url":"","jetpack_shortlink":"https:\/\/wp.me\/p2JWE0-ep9","jetpack-related-posts":[{"id":22899,"url":"https:\/\/www.24baires.com\/?p=22899","url_meta":{"origin":55375,"position":0},"title":"EA y Disney anunciaron un acuerdo para desarrollar juegos de Star Wars","author":"AF","date":"07\/05\/2013","format":false,"excerpt":"Electronic Arts (EA) y The Walt Disney Company anunciaron un acuerdo para desarrollar videojuegos de Star Wars. Seg\u00fan sostienen en un comunicado, la empresa desarrolladora de juegos publicar\u00e1 nuevos t\u00edtulos para todas las edades basados en la saga creada por George Lucas. Anteriormente, LucasArts era la encargada de realizar los\u2026","rel":"","context":"En \u00abTecnolog\u00eda\u00bb","block_context":{"text":"Tecnolog\u00eda","link":"https:\/\/www.24baires.com\/?cat=46"},"img":{"alt_text":"star wars disney","src":"https:\/\/i0.wp.com\/www.24baires.com\/wp-content\/uploads\/2013\/05\/star-wars-diseny.png?resize=350%2C200","width":350,"height":200,"srcset":"https:\/\/i0.wp.com\/www.24baires.com\/wp-content\/uploads\/2013\/05\/star-wars-diseny.png?resize=350%2C200 1x, https:\/\/i0.wp.com\/www.24baires.com\/wp-content\/uploads\/2013\/05\/star-wars-diseny.png?resize=525%2C300 1.5x"},"classes":[]},{"id":14770,"url":"https:\/\/www.24baires.com\/?p=14770","url_meta":{"origin":55375,"position":1},"title":"\u00abPETE&#8217;S EXPRESS\u00bb: Marley se burl\u00f3 del video hot de Flor Pe\u00f1a","author":"AF","date":"05\/02\/2013","format":false,"excerpt":"Supieron ser amigos, \u00bfya no lo ser\u00e1n? \u00bfO habr\u00e1 sido solo una bromita bien intencionada? Ellos sabr\u00e1n, lo cierto es que Marley se burl\u00f3 de Florencia Pe\u00f1a v\u00eda Twitter por su video hot casero que recorri\u00f3 el mundo a trav\u00e9s de internet. La misma Florencia hab\u00eda hecho una especie de\u2026","rel":"","context":"En \u00abEspectaculos\u00bb","block_context":{"text":"Espectaculos","link":"https:\/\/www.24baires.com\/?cat=41"},"img":{"alt_text":"marley a flor","src":"https:\/\/i0.wp.com\/www.24baires.com\/wp-content\/uploads\/2013\/02\/marley-a-flor.jpg?resize=350%2C200","width":350,"height":200,"srcset":"https:\/\/i0.wp.com\/www.24baires.com\/wp-content\/uploads\/2013\/02\/marley-a-flor.jpg?resize=350%2C200 1x, https:\/\/i0.wp.com\/www.24baires.com\/wp-content\/uploads\/2013\/02\/marley-a-flor.jpg?resize=525%2C300 1.5x"},"classes":[]},{"id":97624,"url":"https:\/\/www.24baires.com\/?p=97624","url_meta":{"origin":55375,"position":2},"title":"Macri reinaugur\u00f3 la Rep\u00fablica de los Ni\u00f1os de La Plata","author":"AF","date":"22\/09\/2017","format":false,"excerpt":"El presidente Mauricio Macri inaugur\u00f3 hoy obras de remodelaci\u00f3n en la Rep\u00fablica de los Ni\u00f1os, en La Plata, y destac\u00f3 hoy la importancia de \u201ccomprometerse y ser protagonistas del cambio, en vez de buscar culpables\u201d. Junto a la gobernadora Mar\u00eda Eugenia Vidal y al intendente Julio Garro, el m\u00e1ximo mandatario\u2026","rel":"","context":"En \u00abPol\u00edtica\u00bb","block_context":{"text":"Pol\u00edtica","link":"https:\/\/www.24baires.com\/?cat=51"},"img":{"alt_text":"","src":"https:\/\/i0.wp.com\/www.24baires.com\/wp-content\/uploads\/2017\/09\/macri-republica-ni%C3%B1os.jpg?resize=350%2C200","width":350,"height":200,"srcset":"https:\/\/i0.wp.com\/www.24baires.com\/wp-content\/uploads\/2017\/09\/macri-republica-ni%C3%B1os.jpg?resize=350%2C200 1x, https:\/\/i0.wp.com\/www.24baires.com\/wp-content\/uploads\/2017\/09\/macri-republica-ni%C3%B1os.jpg?resize=525%2C300 1.5x"},"classes":[]},{"id":34996,"url":"https:\/\/www.24baires.com\/?p=34996","url_meta":{"origin":55375,"position":3},"title":"Netflix firm\u00f3 acuerdo con Marvel para crear series originales","author":"AF","date":"11\/11\/2013","format":false,"excerpt":"La empresa comunic\u00f3 que realizar\u00e1n cuatro tiras protagonizadas por los personajes Daredevil, Jessica Jones, Iron Fist y Luke Cage. Netflix contin\u00faa ampliando su portfolio de series originales. La empresa anunci\u00f3 un acuerdo con Marvel para realizar en el 2015 cuatro tiras con personajes de la compa\u00f1\u00eda que ser\u00e1n transmitidas a\u2026","rel":"","context":"En \u00abTecnolog\u00eda\u00bb","block_context":{"text":"Tecnolog\u00eda","link":"https:\/\/www.24baires.com\/?cat=46"},"img":{"alt_text":"netflix","src":"https:\/\/i0.wp.com\/www.24baires.com\/wp-content\/uploads\/2013\/11\/netflix.jpg?resize=350%2C200","width":350,"height":200,"srcset":"https:\/\/i0.wp.com\/www.24baires.com\/wp-content\/uploads\/2013\/11\/netflix.jpg?resize=350%2C200 1x, https:\/\/i0.wp.com\/www.24baires.com\/wp-content\/uploads\/2013\/11\/netflix.jpg?resize=525%2C300 1.5x"},"classes":[]},{"id":29577,"url":"https:\/\/www.24baires.com\/?p=29577","url_meta":{"origin":55375,"position":4},"title":"Scioli: \u00abArgentina encontr\u00f3 un camino de justicia social\u00bb","author":"Grupo Sierra","date":"05\/08\/2013","format":false,"excerpt":"As\u00ed lo afirm\u00f3 el gobernador de la provincia de Buenos Aires, Daniel Scioli, quien recorri\u00f3 junto al primer precandidato a diputado nacional del Frente Para la Victoria, Mart\u00edn Insaurralde, San Mart\u00edn, San Miguel y Malvinas Argentinas. Tambi\u00e9n resalt\u00f3 la participaci\u00f3n de los j\u00f3venes en la pol\u00edtica. El gobernador bonaerense, Daniel\u2026","rel":"","context":"En \u00abPol\u00edtica\u00bb","block_context":{"text":"Pol\u00edtica","link":"https:\/\/www.24baires.com\/?cat=51"},"img":{"alt_text":"","src":"","width":0,"height":0},"classes":[]},{"id":102649,"url":"https:\/\/www.24baires.com\/?p=102649","url_meta":{"origin":55375,"position":5},"title":"Ministro de Trabajo dice que \u201cno enfrenta situaciones de despidos masivos\u201d en la Provincia","author":"GB","date":"11\/06\/2018","format":false,"excerpt":"A pesar de los incontables de casos de cesant\u00edas preocupantes y cierres de empresas, el Ministro de Trabajo bonaerense habla de casos aislados con \u201ccuatro o cinco\u201d p\u00e9rdidas de puestos laborales. Bronca en sectores gremiales \u201cEst\u00e1 viendo otra pel\u00edcula\u201d o \u201cvive en Disney\u201d son dos expresiones \u2013de otras tantas similares-\u2026","rel":"","context":"En \u00abProvincia\u00bb","block_context":{"text":"Provincia","link":"https:\/\/www.24baires.com\/?cat=40"},"img":{"alt_text":"","src":"https:\/\/i0.wp.com\/www.24baires.com\/wp-content\/uploads\/2018\/06\/marcelo-villegas.jpg?resize=350%2C200","width":350,"height":200,"srcset":"https:\/\/i0.wp.com\/www.24baires.com\/wp-content\/uploads\/2018\/06\/marcelo-villegas.jpg?resize=350%2C200 1x, https:\/\/i0.wp.com\/www.24baires.com\/wp-content\/uploads\/2018\/06\/marcelo-villegas.jpg?resize=525%2C300 1.5x"},"classes":[]}],"jetpack_sharing_enabled":true,"jetpack_likes_enabled":true,"_links":{"self":[{"href":"https:\/\/www.24baires.com\/index.php?rest_route=\/wp\/v2\/posts\/55375","targetHints":{"allow":["GET"]}}],"collection":[{"href":"https:\/\/www.24baires.com\/index.php?rest_route=\/wp\/v2\/posts"}],"about":[{"href":"https:\/\/www.24baires.com\/index.php?rest_route=\/wp\/v2\/types\/post"}],"author":[{"embeddable":true,"href":"https:\/\/www.24baires.com\/index.php?rest_route=\/wp\/v2\/users\/8"}],"replies":[{"embeddable":true,"href":"https:\/\/www.24baires.com\/index.php?rest_route=%2Fwp%2Fv2%2Fcomments&post=55375"}],"version-history":[{"count":1,"href":"https:\/\/www.24baires.com\/index.php?rest_route=\/wp\/v2\/posts\/55375\/revisions"}],"predecessor-version":[{"id":55377,"href":"https:\/\/www.24baires.com\/index.php?rest_route=\/wp\/v2\/posts\/55375\/revisions\/55377"}],"wp:attachment":[{"href":"https:\/\/www.24baires.com\/index.php?rest_route=%2Fwp%2Fv2%2Fmedia&parent=55375"}],"wp:term":[{"taxonomy":"category","embeddable":true,"href":"https:\/\/www.24baires.com\/index.php?rest_route=%2Fwp%2Fv2%2Fcategories&post=55375"},{"taxonomy":"post_tag","embeddable":true,"href":"https:\/\/www.24baires.com\/index.php?rest_route=%2Fwp%2Fv2%2Ftags&post=55375"}],"curies":[{"name":"wp","href":"https:\/\/api.w.org\/{rel}","templated":true}]}}