{"id":5536,"date":"2012-11-15T13:32:30","date_gmt":"2012-11-15T16:32:30","guid":{"rendered":"http:\/\/www.24baires.com\/?p=5536"},"modified":"2012-11-16T09:38:16","modified_gmt":"2012-11-16T12:38:16","slug":"suteba-ratifico-el-paro-para-el-jueves-22-y-el-viernes-23","status":"publish","type":"post","link":"https:\/\/www.24baires.com\/?p=5536","title":{"rendered":"Suteba ratific\u00f3 el paro para el jueves 22 y el viernes 23"},"content":{"rendered":"<p><img data-recalc-dims=\"1\" loading=\"lazy\" decoding=\"async\" class=\"aligncenter size-full wp-image-5537\" title=\"baradel reuni\u00f3n\" src=\"https:\/\/i0.wp.com\/www.24baires.com\/wp-content\/uploads\/2012\/11\/baradel-reuni%C3%B3n.jpg?resize=560%2C335\" alt=\"\" width=\"560\" height=\"335\" srcset=\"https:\/\/i0.wp.com\/www.24baires.com\/wp-content\/uploads\/2012\/11\/baradel-reuni%C3%B3n.jpg?w=560&amp;ssl=1 560w, https:\/\/i0.wp.com\/www.24baires.com\/wp-content\/uploads\/2012\/11\/baradel-reuni%C3%B3n.jpg?resize=300%2C179&amp;ssl=1 300w\" sizes=\"auto, (max-width: 560px) 100vw, 560px\" \/><\/p>\n<p>El titular del Suteba, Roberto Baradel, ratific\u00f3 el paro de 48 horas de docentes bonaerenses anunciado para la semana pr\u00f3xima en reclamo de la reapertura de paritarias y pago de salarios adeudados.<!--more--><br \/>\nEl dirigente gremial provincial reiter\u00f3 que la medida de fuerza se llevar\u00e1 a cabo el jueves y el viernes pr\u00f3ximo \u00abdebido a la falta de respuesta de las autoridades bonaerenses a los planteos que venimos realizando\u00bb.<br \/>\nBaradel dijo en conferencia de prensa que \u00abla provincia no est\u00e1 garantizando el cobro del sueldo de muchos docentes a los que se les deben varios meses\u00bb.<br \/>\nEn este sentido, detall\u00f3 que \u00aba\u00fan hay miles de docentes y auxiliares de la educaci\u00f3n a los que no les han pagado el salario que le adeudan incluso desde el mes de abril y tampoco hay respuestas concretas de cu\u00e1ndo van a pagar\u00bb.<br \/>\n\u00abTampoco se ha convocado a la comisi\u00f3n t\u00e9cnica salarial, ayer nos enteramos que no hay normativas para las asignaciones familiares cuando el gobierno lo hab\u00eda anunciado la semana pasada\u00bb.<br \/>\nAsimismo, el gremialista sostuvo que \u00abno hay respuestas por parte de la Direcci\u00f3n General de Infraestructura en cuanto al presupuesto y el cronograma de obras\u00bb.<br \/>\nSilvia Almazan, secretaria de Cultura del gremio, especific\u00f3 que \u00abla semana pasada hicimos un relevamiento de la situaci\u00f3n en la que se encuentran las escuelas de la provincia del que surge que hay 6 distritos en una situaci\u00f3n de emergencia por la complejidad y la gravedad de las problem\u00e1ticas edilicias.<br \/>\n\u00abHay 20 distritos en una situaci\u00f3n muy grave y en el resto de los distritos se presentan complejidades diferentes; tambi\u00e9n hay 1.000 edificios escolares que tienen problem\u00e1tica sin resoluci\u00f3n, de esas un 60 por ciento son situaciones que tienen que ver con refacciones y un 40 con solicitud de ampliaciones y construcciones de escuela\u00bb, agreg\u00f3.<br \/>\nAnte esta situaci\u00f3n, \u00abno est\u00e1 garantizado el sexto a\u00f1o en varios distritos, si no se construyen las aulas. Tampoco las salas de 4 y 5 a\u00f1os que son parte de la obligatoriedad que marca la Ley de Educaci\u00f3n de la Provincia\u00bb, sostuvo.<br \/>\nAlmazan remarc\u00f3 que \u00ablo que m\u00e1s nos sorprende respecto de la inacci\u00f3n de la Direcci\u00f3n General de Escuelas es que hay 393 legajos que a\u00fan est\u00e1n sin respuesta. Esta situaci\u00f3n se agrava en la medida en que no se realicen tareas de mantenimiento, ni de refacciones ya que hemos pasado dos tormentas fuertes\u00bb.<br \/>\nBaradel anticip\u00f3 que pedir\u00e1n \u00abuna audiencia al gobernador (Daniel Scioli) para que reciba al Frente Gremial Docente porque lamentablemente si finalizamos el ciclo lectivo en estas condiciones seguramente el inicio del ciclo pr\u00f3ximo va ser conflictivo\u00bb.<br \/>\nEl dirigente remarc\u00f3 que \u00abno se descarta la adhesi\u00f3n de docentes privados\u00bb a la medida de fuerza que realizar\u00e1n junto a la Federaci\u00f3n de Educadores Bonaerenses (FEB).<\/p>\n","protected":false},"excerpt":{"rendered":"<p>El titular del Suteba, Roberto Baradel, ratific\u00f3 el paro de 48 horas de docentes bonaerenses anunciado para la semana pr\u00f3xima en reclamo de la reapertura de paritarias y pago de salarios adeudados.<\/p>\n","protected":false},"author":4,"featured_media":0,"comment_status":"open","ping_status":"open","sticky":false,"template":"","format":"standard","meta":{"_jetpack_newsletter_access":"","_jetpack_dont_email_post_to_subs":false,"_jetpack_newsletter_tier_id":0,"_jetpack_memberships_contains_paywalled_content":false,"_jetpack_memberships_contains_paid_content":false,"footnotes":""},"categories":[1],"tags":[],"class_list":["post-5536","post","type-post","status-publish","format-standard","hentry","category-sociedad"],"jetpack_featured_media_url":"","jetpack_shortlink":"https:\/\/wp.me\/p2JWE0-1ri","jetpack-related-posts":[{"id":21039,"url":"https:\/\/www.24baires.com\/?p=21039","url_meta":{"origin":5536,"position":0},"title":"Docentes se re\u00fanen esta tarde con De Luc\u00eda por irregularidades en las liquidaciones","author":"AF","date":"15\/04\/2013","format":false,"excerpt":"Los docentes bonaerenses volver\u00e1n a reunirse este lunes a las 17 con funcionarios del gobierno provincial, en el marco del renovado reclamo por la reapertura de la paritaria salarial, pero tambi\u00e9n ante las irregularidades en la liquidaci\u00f3n de salarios, producto de un error por parte de la Direcci\u00f3n de Cultura\u2026","rel":"","context":"En \u00abSociedad\u00bb","block_context":{"text":"Sociedad","link":"https:\/\/www.24baires.com\/?cat=1"},"img":{"alt_text":"de luc\u00eda y docentes","src":"https:\/\/i0.wp.com\/www.24baires.com\/wp-content\/uploads\/2012\/11\/de-luc%C3%ADa-y-docentes-300x196.jpg?resize=350%2C200","width":350,"height":200},"classes":[]},{"id":93132,"url":"https:\/\/www.24baires.com\/?p=93132","url_meta":{"origin":5536,"position":1},"title":"Baradel asegura que si el Gobierno convoca a paritaria nacional, \u00abel conflicto se destraba\u00bb","author":"AF","date":"17\/03\/2017","format":false,"excerpt":"El secretario general de Suteba rechaz\u00f3 adem\u00e1s una ruptura en el frente gremial de maestros bonaerenses al asegurar que \"la respuesta fue la masiva movilizaci\u00f3n\" del jueves en La Plata frente a la gobernaci\u00f3n. El secretario general del Sindicato Unificado de Trabajadores de la Educaci\u00f3n de Buenos Aires (Suteba), Roberto\u2026","rel":"","context":"En \u00abSociedad\u00bb","block_context":{"text":"Sociedad","link":"https:\/\/www.24baires.com\/?cat=1"},"img":{"alt_text":"","src":"https:\/\/i0.wp.com\/www.24baires.com\/wp-content\/uploads\/2013\/05\/baradel-denuncia-inspectores.jpg?resize=350%2C200","width":350,"height":200,"srcset":"https:\/\/i0.wp.com\/www.24baires.com\/wp-content\/uploads\/2013\/05\/baradel-denuncia-inspectores.jpg?resize=350%2C200 1x, https:\/\/i0.wp.com\/www.24baires.com\/wp-content\/uploads\/2013\/05\/baradel-denuncia-inspectores.jpg?resize=525%2C300 1.5x"},"classes":[]},{"id":5693,"url":"https:\/\/www.24baires.com\/?p=5693","url_meta":{"origin":5536,"position":2},"title":"Docentes y gobierno provincial se siguen tirando con munici\u00f3n gruesa","author":"Grupo Sierra","date":"16\/11\/2012","format":false,"excerpt":"Desde Suteba reiteraron que unos mil maestros a\u00fan no cobraron salarios adeudados desde abril y criticaron la gesti\u00f3n provincial. De Luc\u00eda insisti\u00f3 en que el paro es \"vergonzoso\". \u201cAl ministro le faltan argumentos para defender la gesti\u00f3n y por eso recurre a chicanas para desviar la atenci\u00f3n de lo que\u2026","rel":"","context":"En \u00abProvincia\u00bb","block_context":{"text":"Provincia","link":"https:\/\/www.24baires.com\/?cat=40"},"img":{"alt_text":"","src":"","width":0,"height":0},"classes":[]},{"id":32796,"url":"https:\/\/www.24baires.com\/?p=32796","url_meta":{"origin":5536,"position":3},"title":"Docentes de toda la Provincia se movilizan reclamando salarios adeudados","author":"AF","date":"01\/10\/2013","format":false,"excerpt":"Los maestros bonaerenses enrolados en el Frente Gremial Docente Bonaerenses (FGDB), realizar\u00e1n ma\u00f1ana martes, a partir de las 11, una movilizaci\u00f3n a los Concejos Escolares de todos distritos de la provincia de Buenos Aires en reclamo de los salarios adeudados. Tambi\u00e9n marcharan a las distintas jefaturas distritales. \u201cTodav\u00eda hay docentes\u2026","rel":"","context":"En \u00abSociedad\u00bb","block_context":{"text":"Sociedad","link":"https:\/\/www.24baires.com\/?cat=1"},"img":{"alt_text":"baradel petrocini","src":"https:\/\/i0.wp.com\/www.24baires.com\/wp-content\/uploads\/2013\/01\/baradel-petrocini.png?resize=350%2C200","width":350,"height":200},"classes":[]},{"id":14824,"url":"https:\/\/www.24baires.com\/?p=14824","url_meta":{"origin":5536,"position":4},"title":"Baradel asegur\u00f3 que no habr\u00e1 acuerdo si Provincia ofrece un aumento del 18%","author":"AF","date":"06\/02\/2013","format":false,"excerpt":"A dos d\u00edas de la reuni\u00f3n de comisiones t\u00e9cnicas entre los gremios docentes y las autoridades de la Provincia, el Frente Gremial espera una \u201cdecisi\u00f3n pol\u00edtica\u201d para que no peligre el inicio del ciclo lectivo. El titular de SUTEBA, quien asegur\u00f3 que \u201cel comienzo de las clases depender\u00e1 de la\u2026","rel":"","context":"En \u00abSociedad\u00bb","block_context":{"text":"Sociedad","link":"https:\/\/www.24baires.com\/?cat=1"},"img":{"alt_text":"","src":"","width":0,"height":0},"classes":[]},{"id":100499,"url":"https:\/\/www.24baires.com\/?p=100499","url_meta":{"origin":5536,"position":5},"title":"Los docentes se adelantan y exigen un aumento del 20% con cl\u00e1usula gatillo","author":"GB","date":"13\/02\/2018","format":false,"excerpt":"Desde SUTEBA avisaron que no aceptar\u00e1n un aumento del 15% en cuotas como desea la gobernadora y exigen que la cl\u00e1usula que se suma al porcentual tenga un aumento autom\u00e1tico en base a la inflaci\u00f3n. Aclar\u00f3 que las autoridades bonaerenses \"lo que est\u00e1n haciendo en realidad es bajar los salarios\u2026","rel":"","context":"En \u00abProvincia\u00bb","block_context":{"text":"Provincia","link":"https:\/\/www.24baires.com\/?cat=40"},"img":{"alt_text":"","src":"https:\/\/i0.wp.com\/www.24baires.com\/wp-content\/uploads\/2017\/07\/baradel.jpg?resize=350%2C200","width":350,"height":200,"srcset":"https:\/\/i0.wp.com\/www.24baires.com\/wp-content\/uploads\/2017\/07\/baradel.jpg?resize=350%2C200 1x, https:\/\/i0.wp.com\/www.24baires.com\/wp-content\/uploads\/2017\/07\/baradel.jpg?resize=525%2C300 1.5x"},"classes":[]}],"jetpack_sharing_enabled":true,"jetpack_likes_enabled":true,"_links":{"self":[{"href":"https:\/\/www.24baires.com\/index.php?rest_route=\/wp\/v2\/posts\/5536","targetHints":{"allow":["GET"]}}],"collection":[{"href":"https:\/\/www.24baires.com\/index.php?rest_route=\/wp\/v2\/posts"}],"about":[{"href":"https:\/\/www.24baires.com\/index.php?rest_route=\/wp\/v2\/types\/post"}],"author":[{"embeddable":true,"href":"https:\/\/www.24baires.com\/index.php?rest_route=\/wp\/v2\/users\/4"}],"replies":[{"embeddable":true,"href":"https:\/\/www.24baires.com\/index.php?rest_route=%2Fwp%2Fv2%2Fcomments&post=5536"}],"version-history":[{"count":3,"href":"https:\/\/www.24baires.com\/index.php?rest_route=\/wp\/v2\/posts\/5536\/revisions"}],"predecessor-version":[{"id":5548,"href":"https:\/\/www.24baires.com\/index.php?rest_route=\/wp\/v2\/posts\/5536\/revisions\/5548"}],"wp:attachment":[{"href":"https:\/\/www.24baires.com\/index.php?rest_route=%2Fwp%2Fv2%2Fmedia&parent=5536"}],"wp:term":[{"taxonomy":"category","embeddable":true,"href":"https:\/\/www.24baires.com\/index.php?rest_route=%2Fwp%2Fv2%2Fcategories&post=5536"},{"taxonomy":"post_tag","embeddable":true,"href":"https:\/\/www.24baires.com\/index.php?rest_route=%2Fwp%2Fv2%2Ftags&post=5536"}],"curies":[{"name":"wp","href":"https:\/\/api.w.org\/{rel}","templated":true}]}}