{"id":55249,"date":"2014-10-12T13:00:16","date_gmt":"2014-10-12T16:00:16","guid":{"rendered":"http:\/\/www.24baires.com\/?p=55249"},"modified":"2014-10-12T13:59:10","modified_gmt":"2014-10-12T16:59:10","slug":"lanata-enojado-clarin-y-la-obediencia-debida","status":"publish","type":"post","link":"https:\/\/www.24baires.com\/?p=55249","title":{"rendered":"Lanata enojado, Clar\u00edn y la obediencia debida"},"content":{"rendered":"<p><img data-recalc-dims=\"1\" loading=\"lazy\" decoding=\"async\" class=\"aligncenter size-full wp-image-28096\" src=\"https:\/\/i0.wp.com\/www.24baires.com\/wp-content\/uploads\/2013\/07\/lanata.jpg?resize=560%2C343\" alt=\"lanata\" width=\"560\" height=\"343\" srcset=\"https:\/\/i0.wp.com\/www.24baires.com\/wp-content\/uploads\/2013\/07\/lanata.jpg?w=560&amp;ssl=1 560w, https:\/\/i0.wp.com\/www.24baires.com\/wp-content\/uploads\/2013\/07\/lanata.jpg?resize=300%2C183&amp;ssl=1 300w\" sizes=\"auto, (max-width: 560px) 100vw, 560px\" \/>Se enoj\u00f3 Lanata. Suena el alerta en el Monopolio, sus empleados acuden raudos a los tel\u00e9fonos para contactar al periodista indignado y disculparse. Es que saben del esfuerzo que est\u00e1 haciendo Jorge desde hace a\u00f1os en su programa en Radio Mitre, aquella que \u00e9l mismo dijo que hab\u00eda sido adquirida de forma ilegal pero donde ahora escupe bilis todas las ma\u00f1anas. Tambi\u00e9n saben del show que monta los domingos a la noche en Canal 13, ese espacio del aire televisivo que el mismo Jorge hab\u00eda dicho alguna vez que Clar\u00edn hab\u00eda obtenido del menemismo. Los empleados del Monopolio saben de esto, saben c\u00f3mo debe sentirse Lanata de frustrado cuando da lo mejor (o lo peor) de s\u00ed para generar temor, odio y confusi\u00f3n en los ciudadanos que lo ven y escuchan. Y los pol\u00edticos opositores desaprovechan ese caldo de cultivo parasitario porque tienen la incapacidad de capitalizarlo pol\u00edticamente.<!--more--><\/p>\n<p>Entonces Lanata estalla un d\u00eda, como el Vesubio, y dice que \u201cLa oposici\u00f3n no junta un balde de bosta\u201d. Le grita al micr\u00f3fono de Mitre que \u201cMacri, Scioli, Massa, Altamira, Binner, Carri\u00f3 no sirven para una mierda, est\u00e1n de espectadores y ni siquiera tienen buenos tickets, porque ni siquiera tienen la primera fila, est\u00e1n en la loma del orto aplaudiendo c\u00f3mo los dem\u00e1s hacen algo\u201d, afirma Jorge, iracundo.<br \/>\nLuego, Hermes Binner, l\u00edder extra\u00f1o de un aun m\u00e1s extra\u00f1o socialismo, lo llama para disculparse y le dice que \u201cSe entiende\u201d, el enojo del periodista y que \u201ces l\u00f3gico\u201d que opine as\u00ed, brind\u00e1ndole a Lanata una amorosa contenci\u00f3n, sobre todo cuando acaban de decirle que no sirve \u201cpara una mierda\u201d. Conmovedor.<br \/>\nTambi\u00e9n nos toca el alma Ernesto Sanz, precandidato a presidente por el radicalismo o por UNEN, o por donde se vaya a poder. Aun cuando ni siquiera fue considerado por el periodista para ocupar su peque\u00f1o espacio en esos escasos 200 gramos de bosta, aun as\u00ed, llama para disculparse. \u201cEst\u00e1 bien\u201d que Lanata se enoje y piense as\u00ed, seg\u00fan Sanz, que deb\u00eda anhelar un lugarcito en el balde feo, malo e in\u00fatil. As\u00ed le dijo: est\u00e1 bien, le dio la raz\u00f3n.<br \/>\nNo s\u00e9 cu\u00e1ntos empleados del mes puede haber en una empresa, pero en Clar\u00edn deber\u00e1n ser muy selectivos si quieren quedarse con s\u00f3lo uno de ellos. Aunque el no nombrado Sanz avanz\u00f3 un casillero m\u00e1s en ese juego de Oca idiota en el que compite con el ex gobernador de Santa Fe: \u201cMuchas de esas cosas se van a derogar el primer d\u00eda que hay un nuevo gobierno\u201d, afirm\u00f3. Por \u201ccosas\u201d se refiere a las leyes votadas en democracia por las dos C\u00e1maras del Poder Legislativo que representan al pueblo que vot\u00f3 a diputados y senadores para que ocupen las bancas. Ah\u00ed se jug\u00f3 un pleno, porque en Clar\u00edn no necesitan leer entre l\u00edneas para saber de qu\u00e9 habla Ernestito, porque se refiere a la Ley de Medios, entre otros logros del Kirchnerismo.<br \/>\nPero, despu\u00e9s, el \u00fanico \u00bfsocialista? del mundo que votar\u00eda por Capriles, le dijo a Jorge: \u201cF\u00edjese que ah\u00ed hay una serie de leyes que se han aprobado, la verdad es que nosotros hemos votado negativamente y lo tenemos all\u00ed en cartelera para derogarlas, \u00bfno?\u201d, y no s\u00f3lo se estaba disculpando con un periodista que levanta la bandera de la oposici\u00f3n al Kirchnerismo, no s\u00f3lo estaba intentando una justificaci\u00f3n pueril, sino que le estaba diciendo al monopolio que \u00e9l tambi\u00e9n forma parte del s\u00e9quito mezquino de pol\u00edticos que cuando Clar\u00edn dice que hay que saltar, ellos preguntan qu\u00e9 tan alto. Le empat\u00f3 la jugarreta a Sanz. Falta que se escuden en la Obediencia debida. Por suerte, hace m\u00e1s de diez a\u00f1os N\u00e9stor Kirchner anul\u00f3 esa ley.<\/p>\n","protected":false},"excerpt":{"rendered":"<p>Se enoj\u00f3 Lanata. Suena el alerta en el Monopolio, sus empleados acuden raudos a los tel\u00e9fonos para contactar al periodista indignado y disculparse. Es que saben del esfuerzo que est\u00e1 haciendo Jorge desde hace a\u00f1os en su programa en Radio Mitre, aquella que \u00e9l mismo dijo que hab\u00eda sido adquirida de forma ilegal pero donde ahora escupe bilis todas las [&#8230;]<\/p>\n","protected":false},"author":4,"featured_media":0,"comment_status":"open","ping_status":"open","sticky":false,"template":"","format":"standard","meta":{"_jetpack_newsletter_access":"","_jetpack_dont_email_post_to_subs":false,"_jetpack_newsletter_tier_id":0,"_jetpack_memberships_contains_paywalled_content":false,"_jetpack_memberships_contains_paid_content":false,"footnotes":""},"categories":[64],"tags":[],"class_list":["post-55249","post","type-post","status-publish","format-standard","hentry","category-opinion"],"jetpack_featured_media_url":"","jetpack_shortlink":"https:\/\/wp.me\/p2JWE0-en7","jetpack-related-posts":[{"id":61723,"url":"https:\/\/www.24baires.com\/?p=61723","url_meta":{"origin":55249,"position":0},"title":"Cuestionan las filtraciones de un sector del Poder Judicial al Grupo Clar\u00edn","author":"GB","date":"13\/02\/2015","format":false,"excerpt":"En medio de las filtraciones que magistrados enfrentados con el gobierno nacional brindan al Grupo Clar\u00edn, el periodista Jorge Lanata insisti\u00f3 que en poco tiempo m\u00e1s el juez Claudio Bonad\u00edo citar\u00e1 a declarar a M\u00e1ximo Kirchner en el marco de la causa Hotesur. Esta tarde, minutos despu\u00e9s que se conociera\u2026","rel":"","context":"En \u00abPol\u00edtica\u00bb","block_context":{"text":"Pol\u00edtica","link":"https:\/\/www.24baires.com\/?cat=51"},"img":{"alt_text":"","src":"","width":0,"height":0},"classes":[]},{"id":30475,"url":"https:\/\/www.24baires.com\/?p=30475","url_meta":{"origin":55249,"position":1},"title":"N\u00e9lson Castro y Lanata, voceros del pedido de caos","author":"AF","date":"20\/08\/2013","format":false,"excerpt":"Ha sido un fin de semana largo cargado de pol\u00edtica. Y no por el simple hecho de estar en campa\u00f1a, sino porque hubo una nueva escalada ret\u00f3rica entre el Gobierno y el monopolio medi\u00e1tico del Grupo Clar\u00edn, con algunos de sus principales voceros a la cabeza, en este caso fue\u2026","rel":"","context":"En \u00abOpini\u00f3n\u00bb","block_context":{"text":"Opini\u00f3n","link":"https:\/\/www.24baires.com\/?cat=64"},"img":{"alt_text":"n\u00e9lson castro jorge lanata","src":"https:\/\/i0.wp.com\/www.24baires.com\/wp-content\/uploads\/2013\/08\/n%C3%A9lson-castro-jorge-lanata.jpg?resize=350%2C200","width":350,"height":200,"srcset":"https:\/\/i0.wp.com\/www.24baires.com\/wp-content\/uploads\/2013\/08\/n%C3%A9lson-castro-jorge-lanata.jpg?resize=350%2C200 1x, https:\/\/i0.wp.com\/www.24baires.com\/wp-content\/uploads\/2013\/08\/n%C3%A9lson-castro-jorge-lanata.jpg?resize=525%2C300 1.5x"},"classes":[]},{"id":50380,"url":"https:\/\/www.24baires.com\/?p=50380","url_meta":{"origin":55249,"position":2},"title":"Victor Hugo le respondi\u00f3 a Lanata y lo cit\u00f3 a su programa","author":"Grupo Sierra","date":"22\/07\/2014","format":false,"excerpt":"El relator uruguayo se enfrent\u00f3 a las acusaciones del periodista, quien revel\u00f3 un supuesto documento de cu\u00e1nto habr\u00eda cobrado por conducir el ciclo deportivo durante el Mundial. Jorge Lanata afirm\u00f3 en su programa que su colega, el uruguayo V\u00edctor Hugo Morales, hab\u00eda cobrado 1,2 millones de d\u00f3lares por conducir el\u2026","rel":"","context":"En \u00abMedios\u00bb","block_context":{"text":"Medios","link":"https:\/\/www.24baires.com\/?cat=54"},"img":{"alt_text":"v\u00edctor hugo","src":"https:\/\/i0.wp.com\/www.24baires.com\/wp-content\/uploads\/2014\/07\/v%C3%ADctor-hugo.jpg?resize=350%2C200","width":350,"height":200,"srcset":"https:\/\/i0.wp.com\/www.24baires.com\/wp-content\/uploads\/2014\/07\/v%C3%ADctor-hugo.jpg?resize=350%2C200 1x, https:\/\/i0.wp.com\/www.24baires.com\/wp-content\/uploads\/2014\/07\/v%C3%ADctor-hugo.jpg?resize=525%2C300 1.5x"},"classes":[]},{"id":92191,"url":"https:\/\/www.24baires.com\/?p=92191","url_meta":{"origin":55249,"position":3},"title":"Lanata defendi\u00f3 a G\u00f3mez Centuri\u00f3n","author":"GB","date":"06\/02\/2017","format":false,"excerpt":"El periodista cuestion\u00f3 a los organismos de Derechos Humanos y compar\u00f3 el caso con Venezuela. Jorge Lanata escribi\u00f3 para Clar\u00edn una columna sobre los dichos del director general de la Aduana, Juan Jos\u00e9 G\u00f3mez Centuri\u00f3n, quien hab\u00eda negado la existencia de una plan sistem\u00e1tico para hacer desaparecer personas durante la\u2026","rel":"","context":"En \u00abSociedad\u00bb","block_context":{"text":"Sociedad","link":"https:\/\/www.24baires.com\/?cat=1"},"img":{"alt_text":"","src":"https:\/\/i0.wp.com\/www.24baires.com\/wp-content\/uploads\/2013\/07\/lanata.jpg?resize=350%2C200","width":350,"height":200,"srcset":"https:\/\/i0.wp.com\/www.24baires.com\/wp-content\/uploads\/2013\/07\/lanata.jpg?resize=350%2C200 1x, https:\/\/i0.wp.com\/www.24baires.com\/wp-content\/uploads\/2013\/07\/lanata.jpg?resize=525%2C300 1.5x"},"classes":[]},{"id":82230,"url":"https:\/\/www.24baires.com\/?p=82230","url_meta":{"origin":55249,"position":4},"title":"Seg\u00fan Lanata, el Gobierno apret\u00f3 a La Naci\u00f3n por el caso Panam\u00e1","author":"GB","date":"03\/05\/2016","format":false,"excerpt":"El periodista asegur\u00f3 que el macrismo intent\u00f3 \"evitar el impacto\" de la filtraci\u00f3n de los documentos con un llamado para que la noticia no estuviera en tapa. Jorge Lanata asegur\u00f3 que el Gobierno llam\u00f3 al diario La Naci\u00f3n para \"apretar\" y evitar que la filtraci\u00f3n de los Panam\u00e1 Papers apareciera\u2026","rel":"","context":"En \u00abPol\u00edtica\u00bb","block_context":{"text":"Pol\u00edtica","link":"https:\/\/www.24baires.com\/?cat=51"},"img":{"alt_text":"lanata","src":"https:\/\/i0.wp.com\/www.24baires.com\/wp-content\/uploads\/2013\/07\/lanata.jpg?resize=350%2C200","width":350,"height":200,"srcset":"https:\/\/i0.wp.com\/www.24baires.com\/wp-content\/uploads\/2013\/07\/lanata.jpg?resize=350%2C200 1x, https:\/\/i0.wp.com\/www.24baires.com\/wp-content\/uploads\/2013\/07\/lanata.jpg?resize=525%2C300 1.5x"},"classes":[]},{"id":86629,"url":"https:\/\/www.24baires.com\/?p=86629","url_meta":{"origin":55249,"position":5},"title":"Cristina presentar\u00e1 una demanda civil contra Wi\u00f1azki y Lanata por difamaci\u00f3n","author":"GB","date":"23\/08\/2016","format":false,"excerpt":"Gregorio Dalb\u00f3n, abogado de la ex mandataria, anunci\u00f3 que hoy formular\u00e1 una denuncia civil por falsedad ideol\u00f3gica contra los periodistas del Grupo Clar\u00edn Nicol\u00e1s Wi\u00f1azki y Jorge Lanata. Acusaron a CFK de haber ocultado giros al exterior por casi 500 millones de d\u00f3lares. La ex presidenta Cristina Fern\u00e1ndez de Kirchner\u2026","rel":"","context":"En \u00abPol\u00edtica\u00bb","block_context":{"text":"Pol\u00edtica","link":"https:\/\/www.24baires.com\/?cat=51"},"img":{"alt_text":"Cristina..","src":"https:\/\/i0.wp.com\/www.24baires.com\/wp-content\/uploads\/2016\/08\/Cristina...jpg?resize=350%2C200","width":350,"height":200,"srcset":"https:\/\/i0.wp.com\/www.24baires.com\/wp-content\/uploads\/2016\/08\/Cristina...jpg?resize=350%2C200 1x, https:\/\/i0.wp.com\/www.24baires.com\/wp-content\/uploads\/2016\/08\/Cristina...jpg?resize=525%2C300 1.5x"},"classes":[]}],"jetpack_sharing_enabled":true,"jetpack_likes_enabled":true,"_links":{"self":[{"href":"https:\/\/www.24baires.com\/index.php?rest_route=\/wp\/v2\/posts\/55249","targetHints":{"allow":["GET"]}}],"collection":[{"href":"https:\/\/www.24baires.com\/index.php?rest_route=\/wp\/v2\/posts"}],"about":[{"href":"https:\/\/www.24baires.com\/index.php?rest_route=\/wp\/v2\/types\/post"}],"author":[{"embeddable":true,"href":"https:\/\/www.24baires.com\/index.php?rest_route=\/wp\/v2\/users\/4"}],"replies":[{"embeddable":true,"href":"https:\/\/www.24baires.com\/index.php?rest_route=%2Fwp%2Fv2%2Fcomments&post=55249"}],"version-history":[{"count":2,"href":"https:\/\/www.24baires.com\/index.php?rest_route=\/wp\/v2\/posts\/55249\/revisions"}],"predecessor-version":[{"id":55258,"href":"https:\/\/www.24baires.com\/index.php?rest_route=\/wp\/v2\/posts\/55249\/revisions\/55258"}],"wp:attachment":[{"href":"https:\/\/www.24baires.com\/index.php?rest_route=%2Fwp%2Fv2%2Fmedia&parent=55249"}],"wp:term":[{"taxonomy":"category","embeddable":true,"href":"https:\/\/www.24baires.com\/index.php?rest_route=%2Fwp%2Fv2%2Fcategories&post=55249"},{"taxonomy":"post_tag","embeddable":true,"href":"https:\/\/www.24baires.com\/index.php?rest_route=%2Fwp%2Fv2%2Ftags&post=55249"}],"curies":[{"name":"wp","href":"https:\/\/api.w.org\/{rel}","templated":true}]}}