{"id":5524,"date":"2012-11-15T12:51:36","date_gmt":"2012-11-15T15:51:36","guid":{"rendered":"http:\/\/www.24baires.com\/?p=5524"},"modified":"2012-11-15T12:51:36","modified_gmt":"2012-11-15T15:51:36","slug":"se-esta-planteando-a-cara-descubierta-la-situacion-de-los-grupos-de-medios","status":"publish","type":"post","link":"https:\/\/www.24baires.com\/?p=5524","title":{"rendered":"\u00abSe est\u00e1 planteando a cara descubierta la situaci\u00f3n de los grupos de medios\u00bb"},"content":{"rendered":"<p><img data-recalc-dims=\"1\" loading=\"lazy\" decoding=\"async\" class=\"aligncenter size-full wp-image-5525\" title=\"saintout\" src=\"https:\/\/i0.wp.com\/www.24baires.com\/wp-content\/uploads\/2012\/11\/saintout.jpg?resize=560%2C335\" alt=\"\" width=\"560\" height=\"335\" srcset=\"https:\/\/i0.wp.com\/www.24baires.com\/wp-content\/uploads\/2012\/11\/saintout.jpg?w=560&amp;ssl=1 560w, https:\/\/i0.wp.com\/www.24baires.com\/wp-content\/uploads\/2012\/11\/saintout.jpg?resize=300%2C179&amp;ssl=1 300w\" sizes=\"auto, (max-width: 560px) 100vw, 560px\" \/><\/p>\n<p>Florencia Saintout, decana de la <strong>Facultad de Periodismo y Comunicaci\u00f3n Social de la Universidad Nacional de la Plata<\/strong>, asegur\u00f3 hoy que la ley de Medios \u00abse hizo para enfrentar la concentraci\u00f3n medi\u00e1tica que expresa la derecha en la regi\u00f3n\u00bb.<!--more--><br \/>\nSaintout destac\u00f3 adem\u00e1s que \u00abla ley se hizo para una comunicaci\u00f3n plural y democr\u00e1tica y no con nombre y apellido como quiere instalar el grupo Clar\u00edn\u00bb.<br \/>\nLa decana tambi\u00e9n calific\u00f3 como \u00absumamente importante\u00bb la conferencia de prensa que realiz\u00f3 ayer el presidente de la AFSCA Mart\u00edn Sabatella, donde inform\u00f3 la situaci\u00f3n de los grupos de medios que exceden lo establecido por la ley de Medios, porque \u00abes necesario dar informaci\u00f3n correcta frente a los pol\u00edticas de desinformaci\u00f3n y gesti\u00f3n de temores y mentiras a la ciudadan\u00eda promovidas por ciertos grupos\u00bb.<br \/>\nAsimismo, destac\u00f3 de la exposici\u00f3n de Sabbatella que \u00abno estamos discutiendo la ley, si me gusta o no, sino que estamos ante la plena implementaci\u00f3n de la normativa y un grupo que no quiere adecuarse\u00bb.<br \/>\n\u00abSe est\u00e1 planteando a cara descubierta la situaci\u00f3n de los grupos de medios\u00bb, remarc\u00f3.<br \/>\nRespecto a c\u00f3mo va a actuar el grupo Clar\u00edn ante la aplicaci\u00f3n de la ley, Saintout estim\u00f3 que \u00ablo m\u00e1s probable es que intenten avanzar con alguna coartada legal y operaciones oscuras como est\u00e1n acostumbrados a hacer\u00bb, pero se\u00f1al\u00f3 que \u00abno hay que tener ning\u00fan temor porque se est\u00e1 enfrentado esas campa\u00f1as desde el Poder Ejecutivo y todos los espacios que votaron y defendieron la ley\u00bb.<br \/>\nPor \u00faltimo cont\u00f3 que, en el marco de las actividades que la AFSCA viene realizando en distintas regiones del pa\u00eds para comunicar el proceso de adecuaci\u00f3n a la ley de Medios, el pr\u00f3ximo lunes 19 la universidad trabajar\u00e1 en radios abiertas junto al organismo y la municipalidad de La Plata.<br \/>\n\u00abTodas las carreras de comunicaci\u00f3n de las universidades tienen sus planes de actividades para sentar posturas y llegar a sectores donde les sigue llegando un s\u00f3lo lado de la informaci\u00f3n\u00bb, destac\u00f3.<\/p>\n<p>&nbsp;<\/p>\n<p>&nbsp;<\/p>\n<p>&nbsp;<\/p>\n","protected":false},"excerpt":{"rendered":"<p>Florencia Saintout, decana de la Facultad de Periodismo y Comunicaci\u00f3n Social de la Universidad Nacional de la Plata, asegur\u00f3 hoy que la ley de Medios \u00abse hizo para enfrentar la concentraci\u00f3n medi\u00e1tica que expresa la derecha en la regi\u00f3n\u00bb.<\/p>\n","protected":false},"author":11,"featured_media":0,"comment_status":"open","ping_status":"open","sticky":false,"template":"","format":"standard","meta":{"_jetpack_newsletter_access":"","_jetpack_dont_email_post_to_subs":false,"_jetpack_newsletter_tier_id":0,"_jetpack_memberships_contains_paywalled_content":false,"_jetpack_memberships_contains_paid_content":false,"footnotes":""},"categories":[54],"tags":[],"class_list":["post-5524","post","type-post","status-publish","format-standard","hentry","category-medios"],"jetpack_featured_media_url":"","jetpack_shortlink":"https:\/\/wp.me\/p2JWE0-1r6","jetpack-related-posts":[{"id":4632,"url":"https:\/\/www.24baires.com\/?p=4632","url_meta":{"origin":5524,"position":0},"title":"Se realizar\u00e1 un ciclo de charlas sobre el 7D en la Facultad de Periodismo de la UNLP","author":"AF","date":"06\/11\/2012","format":false,"excerpt":"Este martes, a partir de las 19, se llevar\u00e1 a cabo en el Edificio N\u00e9stor Kirchner de la Facultad de Periodismo y Comunicaci\u00f3n Social de la Universidad Nacional de La Plata (UNLP), la charla \u201cHacia un escenario democr\u00e1tico de la comunicaci\u00f3n: batallas y hegemon\u00edas\u201d. El presidente de la Autoridad Federal\u2026","rel":"","context":"En \u00abMedios\u00bb","block_context":{"text":"Medios","link":"https:\/\/www.24baires.com\/?cat=54"},"img":{"alt_text":"","src":"","width":0,"height":0},"classes":[]},{"id":30886,"url":"https:\/\/www.24baires.com\/?p=30886","url_meta":{"origin":5524,"position":1},"title":"La Facultad de Periodismo de La Plata llama a una movilizaci\u00f3n en pos de defender la Ley de Medios","author":"GB","date":"27\/08\/2013","format":false,"excerpt":"La casa de altos convoc\u00f3 a sus alumnos a participar de la movilizaci\u00f3n a la Corte Suprema de Justicia para \"defender\" la Ley de Servicios de Comunicaci\u00f3n Audiovisual, en el marco de la audiencia p\u00fablica que se realizar\u00e1 ma\u00f1ana. La convocatoria la formaliz\u00f3 la decana Florencia Saintout a trav\u00e9s de\u2026","rel":"","context":"En \u00abMedios\u00bb","block_context":{"text":"Medios","link":"https:\/\/www.24baires.com\/?cat=54"},"img":{"alt_text":"","src":"","width":0,"height":0},"classes":[]},{"id":48230,"url":"https:\/\/www.24baires.com\/?p=48230","url_meta":{"origin":5524,"position":2},"title":"En homenaje a la Ley de Medios, buscan crear el D\u00eda de la Comunicaci\u00f3n","author":"Grupo Sierra","date":"17\/06\/2014","format":false,"excerpt":"Lo impuls\u00f3 en la facultad de Periodismo el diputado del FpV Marcelo Torres. Quiere que la fecha sea el 10 de octubre, d\u00eda en el que se aprob\u00f3 la Ley de Servicios de Comunicaci\u00f3n Audiovisual. \u201cSe trata del d\u00eda del derecho a la comunicaci\u00f3n, un derecho con una larga historia\u2026","rel":"","context":"En \u00abGeneral\u00bb","block_context":{"text":"General","link":"https:\/\/www.24baires.com\/?cat=67"},"img":{"alt_text":"marcha ley de medios","src":"https:\/\/i0.wp.com\/www.24baires.com\/wp-content\/uploads\/2013\/08\/marcha-ley-de-medios-300x204.jpg?resize=350%2C200","width":350,"height":200},"classes":[]},{"id":9213,"url":"https:\/\/www.24baires.com\/?p=9213","url_meta":{"origin":5524,"position":3},"title":"Papaleo: \u00abRecuerdo m\u00e1s los ojos de Magnetto que los ojos de los que me secuestraron\u00bb","author":"AF","date":"15\/12\/2012","format":false,"excerpt":"La viuda de David Graiver, Lidia Papaleo, fue recibida en la Facultad de Periodismo de La Plata por la decana Florencia Saintout. Fue en el marco de una mesa de debate sobre Papel Prensa y la complicidad civil con la \u00faltima dictadura. Tambi\u00e9n participaron Osvaldo Papaleo y el senador Santiago\u2026","rel":"","context":"En \u00abMemoria\u00bb","block_context":{"text":"Memoria","link":"https:\/\/www.24baires.com\/?cat=50"},"img":{"alt_text":"","src":"","width":0,"height":0},"classes":[]},{"id":7906,"url":"https:\/\/www.24baires.com\/?p=7906","url_meta":{"origin":5524,"position":4},"title":"Rafael Correa en La Plata: \u201cLa pluma de Walsh sigue escribiendo\u201d","author":"Grupo Sierra","date":"04\/12\/2012","format":false,"excerpt":"El presidente de Ecuador recibi\u00f3 la distinci\u00f3n \u201cRodolfo Walsh, Presidente Latinoamericano por la Comunicaci\u00f3n Popular\u201d, otorgada por la Facultad de Periodismo de la Universidad Nacional de La Plata. Durante el discurso critic\u00f3 a las corporaciones que en su pa\u00eds son due\u00f1os de los medios de comunicaci\u00f3n. Destac\u00f3 la importancia de\u2026","rel":"","context":"En \u00abPol\u00edtica\u00bb","block_context":{"text":"Pol\u00edtica","link":"https:\/\/www.24baires.com\/?cat=51"},"img":{"alt_text":"","src":"https:\/\/i0.wp.com\/www.24baires.com\/wp-content\/uploads\/2012\/12\/Correa_en_La_Plata.jpg?resize=350%2C200","width":350,"height":200,"srcset":"https:\/\/i0.wp.com\/www.24baires.com\/wp-content\/uploads\/2012\/12\/Correa_en_La_Plata.jpg?resize=350%2C200 1x, https:\/\/i0.wp.com\/www.24baires.com\/wp-content\/uploads\/2012\/12\/Correa_en_La_Plata.jpg?resize=525%2C300 1.5x"},"classes":[]},{"id":6135,"url":"https:\/\/www.24baires.com\/?p=6135","url_meta":{"origin":5524,"position":5},"title":"Correa recibir\u00e1 de la Facultad de Periodismo en la UNLP el Premio Rodolfo Walsh","author":"Grupo Sierra","date":"20\/11\/2012","format":false,"excerpt":"\u201cEl 4 de diciembre pr\u00f3ximo a las 16 horas tendremos el honor de recibir al Presidente Rafael Correa en la FPyCS para hacer entrega del Premio Rodolfo Walsh\u201d, inform\u00f3 desde su cuenta en Twitter la decana de Periodismo y Comunicaci\u00f3n Social de la Universidad Nacional de La Plata. Conforme fue\u2026","rel":"","context":"En \u00abPol\u00edtica\u00bb","block_context":{"text":"Pol\u00edtica","link":"https:\/\/www.24baires.com\/?cat=51"},"img":{"alt_text":"","src":"https:\/\/i0.wp.com\/www.24baires.com\/wp-content\/uploads\/2012\/11\/Correa.jpg?resize=350%2C200","width":350,"height":200,"srcset":"https:\/\/i0.wp.com\/www.24baires.com\/wp-content\/uploads\/2012\/11\/Correa.jpg?resize=350%2C200 1x, https:\/\/i0.wp.com\/www.24baires.com\/wp-content\/uploads\/2012\/11\/Correa.jpg?resize=525%2C300 1.5x"},"classes":[]}],"jetpack_sharing_enabled":true,"jetpack_likes_enabled":true,"_links":{"self":[{"href":"https:\/\/www.24baires.com\/index.php?rest_route=\/wp\/v2\/posts\/5524","targetHints":{"allow":["GET"]}}],"collection":[{"href":"https:\/\/www.24baires.com\/index.php?rest_route=\/wp\/v2\/posts"}],"about":[{"href":"https:\/\/www.24baires.com\/index.php?rest_route=\/wp\/v2\/types\/post"}],"author":[{"embeddable":true,"href":"https:\/\/www.24baires.com\/index.php?rest_route=\/wp\/v2\/users\/11"}],"replies":[{"embeddable":true,"href":"https:\/\/www.24baires.com\/index.php?rest_route=%2Fwp%2Fv2%2Fcomments&post=5524"}],"version-history":[{"count":4,"href":"https:\/\/www.24baires.com\/index.php?rest_route=\/wp\/v2\/posts\/5524\/revisions"}],"predecessor-version":[{"id":5529,"href":"https:\/\/www.24baires.com\/index.php?rest_route=\/wp\/v2\/posts\/5524\/revisions\/5529"}],"wp:attachment":[{"href":"https:\/\/www.24baires.com\/index.php?rest_route=%2Fwp%2Fv2%2Fmedia&parent=5524"}],"wp:term":[{"taxonomy":"category","embeddable":true,"href":"https:\/\/www.24baires.com\/index.php?rest_route=%2Fwp%2Fv2%2Fcategories&post=5524"},{"taxonomy":"post_tag","embeddable":true,"href":"https:\/\/www.24baires.com\/index.php?rest_route=%2Fwp%2Fv2%2Ftags&post=5524"}],"curies":[{"name":"wp","href":"https:\/\/api.w.org\/{rel}","templated":true}]}}