{"id":55183,"date":"2014-10-10T21:00:39","date_gmt":"2014-10-11T00:00:39","guid":{"rendered":"http:\/\/www.24baires.com\/?p=55183"},"modified":"2014-10-10T20:23:07","modified_gmt":"2014-10-10T23:23:07","slug":"el-representante-argentino-en-el-mundial-de-cocina-busca-mostrar-la-identidad-del-pais","status":"publish","type":"post","link":"https:\/\/www.24baires.com\/?p=55183","title":{"rendered":"El representante argentino en el Mundial de Cocina busca \u00abmostrar la identidad del pa\u00eds"},"content":{"rendered":"<p><img data-recalc-dims=\"1\" loading=\"lazy\" decoding=\"async\" class=\"aligncenter size-full wp-image-55184\" src=\"https:\/\/i0.wp.com\/www.24baires.com\/wp-content\/uploads\/2014\/10\/cocinero-mundial.jpg?resize=560%2C420\" alt=\"cocinero mundial\" width=\"560\" height=\"420\" srcset=\"https:\/\/i0.wp.com\/www.24baires.com\/wp-content\/uploads\/2014\/10\/cocinero-mundial.jpg?w=560&amp;ssl=1 560w, https:\/\/i0.wp.com\/www.24baires.com\/wp-content\/uploads\/2014\/10\/cocinero-mundial.jpg?resize=300%2C225&amp;ssl=1 300w\" sizes=\"auto, (max-width: 560px) 100vw, 560px\" \/>El cocinero de San Carlos de Bariloche Emiliano Schobert ocupar\u00e1 uno de las tres cupos de Am\u00e9rica Latina en el certamen gastron\u00f3mico Mundial Bocuse D\u2019Or, de Lyon, Francia, una legendaria prueba.<!--more--><\/p>\n<p>En el marco de una disertaci\u00f3n en la semana de la gastronom\u00eda Bariloche a la Carta, Schobert dijo que \u00abexpresar la identidad es lo m\u00e1ximo a lo que puede aspirar un cocinero, buscar en el entorno humano, la cultura y el paisaje, no s\u00f3lo en materia de productos y t\u00e9cnicas\u00bb.<\/p>\n<p>\u00abConocer las recetas de los antiguos pobladores, los elementos de los pobladores originarios y tambi\u00e9n la de los abuelos, cuando el cocinero encuentra esto es el punto m\u00e1ximo de su tarea\u00bb, agreg\u00f3.<\/p>\n<p>El chef, muy reconocido en el \u00e1mbito culinario regional y nacional, tiene 40 a\u00f1os y despu\u00e9s de estudiar en C\u00f3rdoba se desempe\u00f1\u00f3 en prestigiosos restaurantes de esa ciudad y de Bariloche, hasta que en 2007 abri\u00f3 la escuela de arte culinario El Obrador.<\/p>\n<p>Este a\u00f1o se impuso en los cert\u00e1menes clasificatorios de Argentina y Am\u00e9rica Latina (M\u00e9xico), y se gan\u00f3 el derecho a participar en enero el Bocuse D&#8217;Or, competencia creada por el considerado padre de la cocina mundial, Paul Bocuse.<\/p>\n<p>La norma del concurso establece que el cocinero titular deber\u00e1 ir acompa\u00f1ado por un colaborador \u00absub 20\u00bb, por lo que Schobert ir\u00e1 con una de sus alumnas, Aixa Carosio, y adem\u00e1s cuenta con la colaboraci\u00f3n de otros estudiantes y colegas de prestigio de la ciudad.<\/p>\n<p>Justamente con ellos -Felidoro Bahamondes, Yal Croce y Mauro Trinarolli- Schobert present\u00f3 anoche el concurso franc\u00e9s, su camino clasificatorio y brind\u00f3 una charla magistral sobre el Proyecto Identidad Patag\u00f3nica, con la preparaci\u00f3n en vivo de dos platos similares a los que presentar\u00e1 en Lyon.<\/p>\n<p>Tambi\u00e9n narr\u00f3 su obsesi\u00f3n por clasificar en los \u00faltimos cinco mundiales \u2013se hacen cada dos a\u00f1os- e incluso asisti\u00f3 al \u00faltimo con Aixa: \u00abse me pianta el lagrim\u00f3n\u00bb, expres\u00f3 mientras mostraba un v\u00eddeo del encuentro, que convoca a 25 pa\u00edses en cada oportunidad, con hinchadas muy futboleras que llenan el megaestadio en que se desarrolla.<\/p>\n<p>La presentaci\u00f3n posterior fue mucho m\u00e1s all\u00e1 de la cocina de los platos en vivo y mostr\u00f3 elementos que tambi\u00e9n llevar\u00e1 a Francia como parte del concurso de artistas y dise\u00f1adores industriales de Bariloche, todos del mismo nivel de reconocimiento.<\/p>\n<p>Eso incluye un afiche realizado por el artista pl\u00e1stico y escritor Pablo Bernasconi, vajilla y elementos de Designo Patagonia (dise\u00f1adores Manuel Rapoport y Mart\u00edn Sabatini), molder\u00eda del escultor Marcelo Iglesias y una campana de cocina que representa el viento patag\u00f3nico, de la dise\u00f1adora Patricia N\u00fa\u00f1ez.<\/p>\n<p>En el concurso preparar\u00e1, como todos, un plato de carne (basado en gallina de Guinea) y otro de pescado sorpresa (no se conocer\u00e1 hasta noviembre) y, a la hora de los ingredientes, tambi\u00e9n el sello patag\u00f3nico estar\u00e1 presente.<\/p>\n<p>En este caso, Schobert recurri\u00f3 al bi\u00f3logo y ec\u00f3logo Eduardo Rapoport, de quien toma su cat\u00e1logo de \u00abBuenezas\u00bb, cientos de malezas comestibles de la regi\u00f3n, que con su pr\u00e9dica cada vez est\u00e1n en m\u00e1s platos regionales.<\/p>\n<p>\u00abLo que m\u00e1s quiero es traer el Oro, y por qu\u00e9 no los 23 mil euros (del premio) para repartir entre los muchachos, pero lo principal y lo que m\u00e1s me alegra es que voy a mostrarle a todos nuestra identidad\u00bb, afirm\u00f3.<\/p>\n<p>Bariloche a la Carta es una muestra exhaustiva de la industria y cultura gastron\u00f3mica de esta ciudad andino patag\u00f3nica, en la que participan de unos 70 restaurantes.<\/p>\n<p>Los establecimientos participantes -identificados con una gran calcoman\u00ed\u00ada en sus vidrieras- ofrecen los platos especiales del concurso \u00abPlato de Oro 2014\u00bb, que se hace en todo el circuito gastron\u00f3mico con la votaci\u00f3n del p\u00fablico en Facebook, que adem\u00e1s tiene acceso a precios promocionales.<\/p>\n<p>El encuentro, que se extender\u00e1 hasta el lunes pr\u00f3ximo, es organizado por la Asociaci\u00f3n Empresaria Hotelera Gastron\u00f3mica de Bariloche (AEHGB) y respaldada por la Secretar\u00ed\u00ada de Turismo y el ente promocional de la ciudad, adem\u00e1s del gobierno provincial y la federaci\u00f3n empresaria nacional del sector.<\/p>\n<p>&nbsp;<\/p>\n<p>&nbsp;<\/p>\n<p>&nbsp;<\/p>\n<p>&nbsp;<\/p>\n<p>&nbsp;<\/p>\n<p>&nbsp;<\/p>\n<p>&nbsp;<\/p>\n<p>&nbsp;<\/p>\n<p>&nbsp;<\/p>\n<p>&nbsp;<\/p>\n<p>Foto: cortes\u00eda de Bariloche2000<\/p>\n","protected":false},"excerpt":{"rendered":"<p>El cocinero de San Carlos de Bariloche Emiliano Schobert ocupar\u00e1 uno de las tres cupos de Am\u00e9rica Latina en el certamen gastron\u00f3mico Mundial Bocuse D\u2019Or, de Lyon, Francia, una legendaria prueba.<\/p>\n","protected":false},"author":8,"featured_media":0,"comment_status":"open","ping_status":"open","sticky":false,"template":"","format":"standard","meta":{"_jetpack_newsletter_access":"","_jetpack_dont_email_post_to_subs":false,"_jetpack_newsletter_tier_id":0,"_jetpack_memberships_contains_paywalled_content":false,"_jetpack_memberships_contains_paid_content":false,"footnotes":""},"categories":[52],"tags":[],"class_list":["post-55183","post","type-post","status-publish","format-standard","hentry","category-cocina-vinos"],"jetpack_featured_media_url":"","jetpack_shortlink":"https:\/\/wp.me\/p2JWE0-em3","jetpack-related-posts":[{"id":64728,"url":"https:\/\/www.24baires.com\/?p=64728","url_meta":{"origin":55183,"position":0},"title":"Chile: entr\u00f3 en erupci\u00f3n un volc\u00e1n y podr\u00edan caer cenizas en Argentina","author":"AF","date":"22\/04\/2015","format":false,"excerpt":"El volc\u00e1n emiti\u00f3 una columna de m\u00e1s de 10 kil\u00f3metros de cenizas y materiales, cuyo hongo es f\u00e1cilmente visible desde Bariloche y Villa La Angostura, donde las municipalidades ya reunieron sus comit\u00e9s de emergencia. La entrada en erupci\u00f3n del volc\u00e1n Calbuco en Chile, a unos 140 kil\u00f3metros al sudoeste de\u2026","rel":"","context":"En \u00abLocales\u00bb","block_context":{"text":"Locales","link":"https:\/\/www.24baires.com\/?cat=38"},"img":{"alt_text":"volc\u00e1n chile","src":"https:\/\/i0.wp.com\/www.24baires.com\/wp-content\/uploads\/2015\/04\/volc%C3%A1n-chile.jpg?resize=350%2C200","width":350,"height":200,"srcset":"https:\/\/i0.wp.com\/www.24baires.com\/wp-content\/uploads\/2015\/04\/volc%C3%A1n-chile.jpg?resize=350%2C200 1x, https:\/\/i0.wp.com\/www.24baires.com\/wp-content\/uploads\/2015\/04\/volc%C3%A1n-chile.jpg?resize=525%2C300 1.5x"},"classes":[]},{"id":44086,"url":"https:\/\/www.24baires.com\/?p=44086","url_meta":{"origin":55183,"position":1},"title":"17 de abril: D\u00eda Mundial del Malbec","author":"GB","date":"17\/04\/2014","format":false,"excerpt":"La famosa cepa ser\u00e1 homenajeada en m\u00e1s de 50 ciudades alrededor del planeta, entre ellas, Buenos Aires. En Mendoza, chefs porte\u00f1os y cuyanos le rindieron tributo con platos t\u00edpicos de esa provincia. Hoy es el D\u00eda Mundial del Malbec. Y qu\u00e9 mejor que celebrarlo en uno de los pa\u00edses que\u2026","rel":"","context":"En \u00abCocina &amp; Vinos\u00bb","block_context":{"text":"Cocina &amp; Vinos","link":"https:\/\/www.24baires.com\/?cat=52"},"img":{"alt_text":"copasde malbec","src":"https:\/\/i0.wp.com\/www.24baires.com\/wp-content\/uploads\/2014\/04\/copasde-malbec.jpg?resize=350%2C200","width":350,"height":200,"srcset":"https:\/\/i0.wp.com\/www.24baires.com\/wp-content\/uploads\/2014\/04\/copasde-malbec.jpg?resize=350%2C200 1x, https:\/\/i0.wp.com\/www.24baires.com\/wp-content\/uploads\/2014\/04\/copasde-malbec.jpg?resize=525%2C300 1.5x"},"classes":[]},{"id":34895,"url":"https:\/\/www.24baires.com\/?p=34895","url_meta":{"origin":55183,"position":2},"title":"Maru Botana caus\u00f3 indignaci\u00f3n entre mexicanos por falsa receta de tacos","author":"AF","date":"09\/11\/2013","format":false,"excerpt":"La cocinera Maru Botana ha causado una fuerte pol\u00e9mica entre la comunidad mexicana al difundir la grabaci\u00f3n de una receta de tacos que no son tales y que roza lo rid\u00edculo por la manera en que elabora las tortillas. En el video, posteado en la p\u00e1gina oficial (http:\/\/www.marutv.com.ar\/receta\/283711\/tacos) de una\u2026","rel":"","context":"En \u00abCocina &amp; Vinos\u00bb","block_context":{"text":"Cocina &amp; Vinos","link":"https:\/\/www.24baires.com\/?cat=52"},"img":{"alt_text":"maru botana","src":"https:\/\/i0.wp.com\/www.24baires.com\/wp-content\/uploads\/2013\/11\/maru-botana.jpg?resize=350%2C200","width":350,"height":200,"srcset":"https:\/\/i0.wp.com\/www.24baires.com\/wp-content\/uploads\/2013\/11\/maru-botana.jpg?resize=350%2C200 1x, https:\/\/i0.wp.com\/www.24baires.com\/wp-content\/uploads\/2013\/11\/maru-botana.jpg?resize=525%2C300 1.5x"},"classes":[]},{"id":19712,"url":"https:\/\/www.24baires.com\/?p=19712","url_meta":{"origin":55183,"position":3},"title":"El &#8216;superfinde&#8217; colm\u00f3 todos los centros tur\u00edsticos del pa\u00eds","author":"Grupo Sierra","date":"29\/03\/2013","format":false,"excerpt":"Cientos de miles de personas colmaban hoteles en destinos tur\u00edsticos al inicio del fin de semana extendido por Pascuas y el aniversario de Malvinas, que comenz\u00f3 con excelente clima en gran parte del pa\u00eds e intenso movimiento en las rutas terrestres y a\u00e9reas. Los principales destinos recibir\u00e1n casi dos millones\u2026","rel":"","context":"En \u00abSociedad\u00bb","block_context":{"text":"Sociedad","link":"https:\/\/www.24baires.com\/?cat=1"},"img":{"alt_text":"turistas_mardel290312_99877","src":"https:\/\/i0.wp.com\/www.24baires.com\/wp-content\/uploads\/2013\/03\/turistas_mardel290312_99877.jpg?resize=350%2C200","width":350,"height":200,"srcset":"https:\/\/i0.wp.com\/www.24baires.com\/wp-content\/uploads\/2013\/03\/turistas_mardel290312_99877.jpg?resize=350%2C200 1x, https:\/\/i0.wp.com\/www.24baires.com\/wp-content\/uploads\/2013\/03\/turistas_mardel290312_99877.jpg?resize=525%2C300 1.5x"},"classes":[]},{"id":103466,"url":"https:\/\/www.24baires.com\/?p=103466","url_meta":{"origin":55183,"position":4},"title":"Macri volvi\u00f3 a apuntar contra los mapuches","author":"AF","date":"20\/07\/2018","format":false,"excerpt":"\"Todos tenemos que vivir dentro de la ley\", dijo Macri al ser consultado en Bariloche por las protestas de la comunidad mapuche. Sobre la muerte de Rafael Nahuel se limit\u00f3 a responder que \u201cla Justicia es un poder independiente, que est\u00e1 investigando lo que pas\u00f3\" y no hizo menci\u00f3n a\u2026","rel":"","context":"En \u00abSociedad\u00bb","block_context":{"text":"Sociedad","link":"https:\/\/www.24baires.com\/?cat=1"},"img":{"alt_text":"","src":"https:\/\/i0.wp.com\/www.24baires.com\/wp-content\/uploads\/2016\/05\/macri-2.jpg?resize=350%2C200","width":350,"height":200,"srcset":"https:\/\/i0.wp.com\/www.24baires.com\/wp-content\/uploads\/2016\/05\/macri-2.jpg?resize=350%2C200 1x, https:\/\/i0.wp.com\/www.24baires.com\/wp-content\/uploads\/2016\/05\/macri-2.jpg?resize=525%2C300 1.5x"},"classes":[]},{"id":117260,"url":"https:\/\/www.24baires.com\/?p=117260","url_meta":{"origin":55183,"position":5},"title":"\u00abNada quiero m\u00e1s en el mundo que ser el Presidente que una a los argentinos\u00bb","author":"AF","date":"03\/03\/2021","format":false,"excerpt":"Durante su visita al Instituto de Investigaciones Aplicadas (Invap) de la ciudad rionegrina, el Presidente abog\u00f3 por \"una Argentina para todos\", sin bander\u00edas pol\u00edticas, y \"con respeto en la diversidad\". El presidente Alberto Fern\u00e1ndez asegur\u00f3 este mi\u00e9rcoles que nada quiere \"m\u00e1s en el mundo\" que \"ser el Presidente que una\u2026","rel":"","context":"En \u00abSociedad\u00bb","block_context":{"text":"Sociedad","link":"https:\/\/www.24baires.com\/?cat=1"},"img":{"alt_text":"","src":"https:\/\/i0.wp.com\/www.24baires.com\/wp-content\/uploads\/2021\/03\/603fdbe0103d1.03.2021-565_1004x565.jpg?resize=350%2C200","width":350,"height":200,"srcset":"https:\/\/i0.wp.com\/www.24baires.com\/wp-content\/uploads\/2021\/03\/603fdbe0103d1.03.2021-565_1004x565.jpg?resize=350%2C200 1x, https:\/\/i0.wp.com\/www.24baires.com\/wp-content\/uploads\/2021\/03\/603fdbe0103d1.03.2021-565_1004x565.jpg?resize=525%2C300 1.5x"},"classes":[]}],"jetpack_sharing_enabled":true,"jetpack_likes_enabled":true,"_links":{"self":[{"href":"https:\/\/www.24baires.com\/index.php?rest_route=\/wp\/v2\/posts\/55183","targetHints":{"allow":["GET"]}}],"collection":[{"href":"https:\/\/www.24baires.com\/index.php?rest_route=\/wp\/v2\/posts"}],"about":[{"href":"https:\/\/www.24baires.com\/index.php?rest_route=\/wp\/v2\/types\/post"}],"author":[{"embeddable":true,"href":"https:\/\/www.24baires.com\/index.php?rest_route=\/wp\/v2\/users\/8"}],"replies":[{"embeddable":true,"href":"https:\/\/www.24baires.com\/index.php?rest_route=%2Fwp%2Fv2%2Fcomments&post=55183"}],"version-history":[{"count":1,"href":"https:\/\/www.24baires.com\/index.php?rest_route=\/wp\/v2\/posts\/55183\/revisions"}],"predecessor-version":[{"id":55185,"href":"https:\/\/www.24baires.com\/index.php?rest_route=\/wp\/v2\/posts\/55183\/revisions\/55185"}],"wp:attachment":[{"href":"https:\/\/www.24baires.com\/index.php?rest_route=%2Fwp%2Fv2%2Fmedia&parent=55183"}],"wp:term":[{"taxonomy":"category","embeddable":true,"href":"https:\/\/www.24baires.com\/index.php?rest_route=%2Fwp%2Fv2%2Fcategories&post=55183"},{"taxonomy":"post_tag","embeddable":true,"href":"https:\/\/www.24baires.com\/index.php?rest_route=%2Fwp%2Fv2%2Ftags&post=55183"}],"curies":[{"name":"wp","href":"https:\/\/api.w.org\/{rel}","templated":true}]}}