{"id":55009,"date":"2014-10-08T12:00:02","date_gmt":"2014-10-08T15:00:02","guid":{"rendered":"http:\/\/www.24baires.com\/?p=55009"},"modified":"2014-10-08T11:36:37","modified_gmt":"2014-10-08T14:36:37","slug":"cavallo-el-cinico-que-le-robo-al-diablo","status":"publish","type":"post","link":"https:\/\/www.24baires.com\/?p=55009","title":{"rendered":"Cavallo, el c\u00ednico que le rob\u00f3 al Diablo"},"content":{"rendered":"<p><img data-recalc-dims=\"1\" loading=\"lazy\" decoding=\"async\" class=\"aligncenter size-full wp-image-55010\" src=\"https:\/\/i0.wp.com\/www.24baires.com\/wp-content\/uploads\/2014\/10\/cavallo3.jpg?resize=560%2C314\" alt=\"cavallo3\" width=\"560\" height=\"314\" srcset=\"https:\/\/i0.wp.com\/www.24baires.com\/wp-content\/uploads\/2014\/10\/cavallo3.jpg?w=560&amp;ssl=1 560w, https:\/\/i0.wp.com\/www.24baires.com\/wp-content\/uploads\/2014\/10\/cavallo3.jpg?resize=300%2C168&amp;ssl=1 300w\" sizes=\"auto, (max-width: 560px) 100vw, 560px\" \/>\u201cHe sido juzgado y absuelto. Simplemente porque no comet\u00ed nunca ning\u00fan delito.\u201d, as\u00ed se expresaba Domingo Cavallo en su cuenta de Twitter luego de conocerse despu\u00e9s de 14 a\u00f1os el fallo absolutorio de la Justicia por la causa del Megacanje. M\u00e1s tarde, en diversos medios, hizo gala de una facilidad pasmosa tanto para la victimizaci\u00f3n como para tergiversaci\u00f3n de la realidad. Acomod\u00f3 tanto los hechos a su medida que parec\u00eda poder calzarse los sucesos como un guante.<\/p>\n<p><!--more--><br \/>\nDomingo Cavallo, te acord\u00e1s, \u00bfno? No fue hace tanto, lo s\u00e9, pero pregunto porque la memoria cortoplacista a veces hace escuela. Pero imagino que lo record\u00e1s bien. Lo ten\u00e9s presente con Menem y con De La R\u00faa, Ministro de Econom\u00eda ambas veces. Correcto. Sab\u00e9s lo que hizo.<br \/>\nNo pido que lo recuerdes llorando mientras Norma Pl\u00e1 lo consolaba, a ella le hab\u00edan bajado la miseria que cobraba de jubilaci\u00f3n y el dec\u00eda que no pod\u00eda vivir con los miles de d\u00f3lares que percib\u00eda por mes. Pero quiz\u00e1 s\u00ed recuerdes eso. Mejor. Lo pinta bastante bien.<br \/>\nEs su caravana medi\u00e1tica luego de conocerse el fallo de la justicia, Cavallo dijo muchas cosas, entre ellas que \u201cLos que se quejaron (del corralito) eran evasores\u201d. Quiz\u00e1 vos hayas sido uno de los ahorristas que perdi\u00f3 lo que ten\u00eda por esta decisi\u00f3n del ex Ministro, probablemente no seas un evasor como \u00e9l quiere hacer creer, entonces no tengo que adjetivar nada. Y si sos uno de los que, como yo, no ten\u00eda un peso en los bancos, (ni fuera de los bancos), tambi\u00e9n deb\u00e9s recordar eso, porque cuando pas\u00e1s necesidades, no se olvida nunca. Entonces compartimos el conocimiento de que fue Cavallo, junto con Menem, De La R\u00faa, Bullrich (Ministra de Trabajo de la Alianza que baj\u00f3 el sueldo a los jubilados) y muchos otros los que nos llevaron a la peor crisis de la historia de nuestro amado pa\u00eds. Y Cavallo tira lujos: \u201cLa situaci\u00f3n actual es mucho peor que en el 2001\u201d, dice. Cualquiera que pueda pensar por s\u00ed mismo y comparar sabe qu\u00e9 descarada mentira escupe este c\u00ednico.<br \/>\n\u00bfViste este tema de los fondos buitre y lo que quieren cobrarnos de la mano del fiel juez buitrero, Thomas Griesa? Bueno, \u00e9se es el logro de Cavallo, por el cual fue absuelto: \u201cLos bonos por los cuales Griesa nos est\u00e1 acorralando son bonos provenientes del Megacanje, es una consecuencia de esa operaci\u00f3n financiera, donde los banqueros se prepararon para la crisis inflando su deuda. Esa deuda nunca tuvo una quita\u201d, explic\u00f3 Mario Cafiero en FM Nacional Rock y agreg\u00f3: \u201cCavallo canje\u00f3 esos bonos por unos de plazo mas largo, pero triplicando la tasa de inter\u00e9s. Entonces el valor de esos bonos se infl\u00f3\u201d. Se entiende todo, no hace falta explicar lo obvio. Pero podemos agregar porque nos salimos de la vaina, que fue un negocio para un pu\u00f1ado de multimillonarios que luego le sirvi\u00f3 a Cavallo para obtener empleos de favor en Estados Unidos, por ejemplo. Y nosotros, sangrando en la plaza.<br \/>\nFabiana Le\u00f3n, la fiscal de juicio, hab\u00eda pedido tres a\u00f1os de prisi\u00f3n e inhabilitaci\u00f3n perpetua para ejercer cargos p\u00fablicos porque ella entendi\u00f3 que tuvo \u201cpleno\u201d conocimiento del proceso de negociaci\u00f3n del Megacanje y dio por probado que se actu\u00f3 para favorecer a unos bancos por sobre otros para actuar como intermediarios en la operaci\u00f3n. Pero nada, Cavallo fue absuelto.<br \/>\nCuando se habla de la necesidad de democratizar la Justicia dicen que vienen por todo, que quieren copar el Poder Judicial y limitarlo, bueno, fijate lo que hace esta Justicia. Mir\u00e1 a Pino Solanas que se queja del fallo absolutorio pero no vot\u00f3 en el Congreso las leyes que propuso el gobierno nacional sobre el Poder Judicial. Cavallo no es el \u00fanico incoherente.<br \/>\nNos rob\u00f3. Nos rob\u00f3 el presente, cuando fue Ministro, dos veces, y as\u00ed le rob\u00f3 el futuro a millones. Nos rob\u00f3. Hasta nos roba ahora la posibilidad de ver que se haga justicia y nos burla a todos diciendo que en la \u00e9poca en que \u00e9l nos robaba sin reparos y hac\u00eda sus negocios que condenar\u00edan al pa\u00eds a deudas usurarias por d\u00e9cadas, est\u00e1bamos mejor que ahora.<br \/>\nEs una cuesti\u00f3n de memoria, como suele pasar. Cuando Cavallo asumi\u00f3 en el menemismo, yo era muy chiquita, pero recuerdo que mi t\u00eda dijo, mirando el televisor Talent, a color que ten\u00edamos: \u201cTiene las cejas del Diablo\u201d. Yo no s\u00e9 si hay un Diablo, pero estoy segura que, de existir, no tiene cejas, Cavallo tambi\u00e9n se debe haber robado eso.<\/p>\n","protected":false},"excerpt":{"rendered":"<p>\u201cHe sido juzgado y absuelto. Simplemente porque no comet\u00ed nunca ning\u00fan delito.\u201d, as\u00ed se expresaba Domingo Cavallo en su cuenta de Twitter luego de conocerse despu\u00e9s de 14 a\u00f1os el fallo absolutorio de la Justicia por la causa del Megacanje. M\u00e1s tarde, en diversos medios, hizo gala de una facilidad pasmosa tanto para la victimizaci\u00f3n como para tergiversaci\u00f3n de la [&#8230;]<\/p>\n","protected":false},"author":4,"featured_media":0,"comment_status":"open","ping_status":"open","sticky":false,"template":"","format":"standard","meta":{"_jetpack_newsletter_access":"","_jetpack_dont_email_post_to_subs":false,"_jetpack_newsletter_tier_id":0,"_jetpack_memberships_contains_paywalled_content":false,"_jetpack_memberships_contains_paid_content":false,"footnotes":""},"categories":[64],"tags":[],"class_list":["post-55009","post","type-post","status-publish","format-standard","hentry","category-opinion"],"jetpack_featured_media_url":"","jetpack_shortlink":"https:\/\/wp.me\/p2JWE0-ejf","jetpack-related-posts":[{"id":68300,"url":"https:\/\/www.24baires.com\/?p=68300","url_meta":{"origin":55009,"position":0},"title":"Sinverg\u00fcenza: Cavallo le da consejos a Grecia para salir del corralito","author":"GB","date":"29\/06\/2015","format":false,"excerpt":"El dos veces ministro de Econom\u00eda public\u00f3 una columna de opini\u00f3n en su p\u00e1gina web en la que insiste con las recetas impuestas por el FMI que derivaron en el estallido social de 2001. Tras el ajuste heleno, propone un ajuste mayor. El dos veces ministro de Econom\u00eda de la\u2026","rel":"","context":"En \u00abInternacionales\u00bb","block_context":{"text":"Internacionales","link":"https:\/\/www.24baires.com\/?cat=73"},"img":{"alt_text":"cavallo (1)","src":"https:\/\/i0.wp.com\/www.24baires.com\/wp-content\/uploads\/2014\/08\/cavallo-1.jpg?resize=350%2C200","width":350,"height":200,"srcset":"https:\/\/i0.wp.com\/www.24baires.com\/wp-content\/uploads\/2014\/08\/cavallo-1.jpg?resize=350%2C200 1x, https:\/\/i0.wp.com\/www.24baires.com\/wp-content\/uploads\/2014\/08\/cavallo-1.jpg?resize=525%2C300 1.5x"},"classes":[]},{"id":107397,"url":"https:\/\/www.24baires.com\/?p=107397","url_meta":{"origin":55009,"position":1},"title":"Condenaron a Menem y a Cavallo a m\u00e1s de tres a\u00f1os de prisi\u00f3n por la venta del predio de La Rural","author":"AF","date":"27\/03\/2019","format":false,"excerpt":"El ex presidente fue sentenciado por el delito de peculado, por lo que le decretaron la inhabilitaci\u00f3n perpetua para ejercer cargos p\u00fablicos. Su otrora ministro de Econom\u00eda fue part\u00edcipe necesario en el caso. El ex presidente Carlos Menem fue condenado este mi\u00e9rcoles a tres a\u00f1os y nueve meses de c\u00e1rcel\u2026","rel":"","context":"En \u00abJUDICIALES\u00bb","block_context":{"text":"JUDICIALES","link":"https:\/\/www.24baires.com\/?cat=68"},"img":{"alt_text":"","src":"https:\/\/i0.wp.com\/www.24baires.com\/wp-content\/uploads\/2015\/12\/cavallo-menem.jpg?resize=350%2C200","width":350,"height":200,"srcset":"https:\/\/i0.wp.com\/www.24baires.com\/wp-content\/uploads\/2015\/12\/cavallo-menem.jpg?resize=350%2C200 1x, https:\/\/i0.wp.com\/www.24baires.com\/wp-content\/uploads\/2015\/12\/cavallo-menem.jpg?resize=525%2C300 1.5x"},"classes":[]},{"id":102097,"url":"https:\/\/www.24baires.com\/?p=102097","url_meta":{"origin":55009,"position":2},"title":"Berazategui: piden investigar a Mussi por la muerte de dos ni\u00f1os tras ingerir agua contaminada","author":"AF","date":"11\/05\/2018","format":false,"excerpt":"Una fiscal federal pidi\u00f3 la declaraci\u00f3n indagatoria al intendente de Berazategui, Patricio Mussi, en la causa que investiga la muerte de dos ni\u00f1os a causa de la ingesta de agua con altos grados de contaminaci\u00f3n. La fiscal federal de Quilmes, Silvia Cavallo, le pidi\u00f3 al juez Luis Armella que cite\u2026","rel":"","context":"En \u00abLocales\u00bb","block_context":{"text":"Locales","link":"https:\/\/www.24baires.com\/?cat=38"},"img":{"alt_text":"","src":"https:\/\/i0.wp.com\/www.24baires.com\/wp-content\/uploads\/2018\/05\/mussi.jpg?resize=350%2C200","width":350,"height":200,"srcset":"https:\/\/i0.wp.com\/www.24baires.com\/wp-content\/uploads\/2018\/05\/mussi.jpg?resize=350%2C200 1x, https:\/\/i0.wp.com\/www.24baires.com\/wp-content\/uploads\/2018\/05\/mussi.jpg?resize=525%2C300 1.5x"},"classes":[]},{"id":104913,"url":"https:\/\/www.24baires.com\/?p=104913","url_meta":{"origin":55009,"position":3},"title":"Causa de los sobresueldos: ratificaron las condenas de Menem y Cavallo","author":"AF","date":"12\/10\/2018","format":false,"excerpt":"La C\u00e1mara Federal de Casaci\u00f3n Penal dej\u00f3 firme las condenas al ex Presidente y al ex ministro de Econom\u00eda en la causa de los sobresueldos. La condena para Menem es de 4 a\u00f1os y medio de prisi\u00f3n, mientras que a Cavallo le corresponden 3 a\u00f1os y medio. En un fallo\u2026","rel":"","context":"En \u00abJUDICIALES\u00bb","block_context":{"text":"JUDICIALES","link":"https:\/\/www.24baires.com\/?cat=68"},"img":{"alt_text":"","src":"https:\/\/i0.wp.com\/www.24baires.com\/wp-content\/uploads\/2016\/05\/menem-c.jpg?resize=350%2C200","width":350,"height":200,"srcset":"https:\/\/i0.wp.com\/www.24baires.com\/wp-content\/uploads\/2016\/05\/menem-c.jpg?resize=350%2C200 1x, https:\/\/i0.wp.com\/www.24baires.com\/wp-content\/uploads\/2016\/05\/menem-c.jpg?resize=525%2C300 1.5x"},"classes":[]},{"id":97961,"url":"https:\/\/www.24baires.com\/?p=97961","url_meta":{"origin":55009,"position":4},"title":"Cavallo sostiene que el plan econ\u00f3mico de Macri es como el de los &#8217;90","author":"AF","date":"09\/10\/2017","format":false,"excerpt":"El ex ministro de Econom\u00eda elogi\u00f3 el camino elegido por el gobierno de Macri y adelant\u00f3 que tras las elecciones deber\u00eda aplicarse un fuerte ajuste. El ex ministro de Econom\u00eda Domingo Cavallo, sostuvo este elunes que hay \"una gran coincidencia entre la econom\u00eda de Macri y la de los '90\",\u2026","rel":"","context":"En \u00abEconom\u00eda\u00bb","block_context":{"text":"Econom\u00eda","link":"https:\/\/www.24baires.com\/?cat=45"},"img":{"alt_text":"","src":"https:\/\/i0.wp.com\/www.24baires.com\/wp-content\/uploads\/2014\/08\/cavallo-1.jpg?resize=350%2C200","width":350,"height":200,"srcset":"https:\/\/i0.wp.com\/www.24baires.com\/wp-content\/uploads\/2014\/08\/cavallo-1.jpg?resize=350%2C200 1x, https:\/\/i0.wp.com\/www.24baires.com\/wp-content\/uploads\/2014\/08\/cavallo-1.jpg?resize=525%2C300 1.5x"},"classes":[]},{"id":52167,"url":"https:\/\/www.24baires.com\/?p=52167","url_meta":{"origin":55009,"position":5},"title":"Cavallo fue agredido \u00aba huevazos\u00bb en la UCA","author":"Grupo Sierra","date":"20\/08\/2014","format":false,"excerpt":"El exministro de Econom\u00eda brindaba una conferencia de prensa cuando un grupo de j\u00f3venes le arroj\u00f3 huevos. Ocurri\u00f3 en la Universidad Cat\u00f3lica Argentina. Se trat\u00f3 de un grupo de militantes de Quebracho que ingresaron al lugar donde Domingo Cavallo se dispon\u00eda a brindar un seminario sobre pol\u00edtica monetaria. Todo comenz\u00f3\u2026","rel":"","context":"En \u00abSociedad\u00bb","block_context":{"text":"Sociedad","link":"https:\/\/www.24baires.com\/?cat=1"},"img":{"alt_text":"cavallo huevazos","src":"https:\/\/i0.wp.com\/www.24baires.com\/wp-content\/uploads\/2014\/08\/cavallo-huevazos.jpg?resize=350%2C200","width":350,"height":200,"srcset":"https:\/\/i0.wp.com\/www.24baires.com\/wp-content\/uploads\/2014\/08\/cavallo-huevazos.jpg?resize=350%2C200 1x, https:\/\/i0.wp.com\/www.24baires.com\/wp-content\/uploads\/2014\/08\/cavallo-huevazos.jpg?resize=525%2C300 1.5x"},"classes":[]}],"jetpack_sharing_enabled":true,"jetpack_likes_enabled":true,"_links":{"self":[{"href":"https:\/\/www.24baires.com\/index.php?rest_route=\/wp\/v2\/posts\/55009","targetHints":{"allow":["GET"]}}],"collection":[{"href":"https:\/\/www.24baires.com\/index.php?rest_route=\/wp\/v2\/posts"}],"about":[{"href":"https:\/\/www.24baires.com\/index.php?rest_route=\/wp\/v2\/types\/post"}],"author":[{"embeddable":true,"href":"https:\/\/www.24baires.com\/index.php?rest_route=\/wp\/v2\/users\/4"}],"replies":[{"embeddable":true,"href":"https:\/\/www.24baires.com\/index.php?rest_route=%2Fwp%2Fv2%2Fcomments&post=55009"}],"version-history":[{"count":1,"href":"https:\/\/www.24baires.com\/index.php?rest_route=\/wp\/v2\/posts\/55009\/revisions"}],"predecessor-version":[{"id":55011,"href":"https:\/\/www.24baires.com\/index.php?rest_route=\/wp\/v2\/posts\/55009\/revisions\/55011"}],"wp:attachment":[{"href":"https:\/\/www.24baires.com\/index.php?rest_route=%2Fwp%2Fv2%2Fmedia&parent=55009"}],"wp:term":[{"taxonomy":"category","embeddable":true,"href":"https:\/\/www.24baires.com\/index.php?rest_route=%2Fwp%2Fv2%2Fcategories&post=55009"},{"taxonomy":"post_tag","embeddable":true,"href":"https:\/\/www.24baires.com\/index.php?rest_route=%2Fwp%2Fv2%2Ftags&post=55009"}],"curies":[{"name":"wp","href":"https:\/\/api.w.org\/{rel}","templated":true}]}}