{"id":5489,"date":"2012-11-15T09:20:22","date_gmt":"2012-11-15T12:20:22","guid":{"rendered":"http:\/\/www.24baires.com\/?p=5489"},"modified":"2012-11-15T01:26:40","modified_gmt":"2012-11-15T04:26:40","slug":"laprida-la-facultad-de-periodismo-de-la-unlp-inaugurara-una-nueva-extension-aulica","status":"publish","type":"post","link":"https:\/\/www.24baires.com\/?p=5489","title":{"rendered":"Laprida: la Facultad de Periodismo de la UNLP inaugurar\u00e1 una nueva extensi\u00f3n \u00e1ulica"},"content":{"rendered":"<p>El intendente de Laprida, Alfredo Fisher, y las autoridades de la Facultad de Periodismo y Comunicaci\u00f3n Social de la Universidad Nacional de La Plata , anunciaron el lanzamiento de una nueva extensi\u00f3n \u00e1ulica en esa ciudad.<!--more--><\/p>\n<p>El convenio entre el municipio y dicha unidad acad\u00e9mica establece que a partir del ciclo lectivo 2013 se habilitar\u00e1 una nueva sede local en donde los alumnos podr\u00e1n cursar la Tecnicatura Superior Universitaria en Periodismo Deportivo.<\/p>\n<p>De esta forma, desde la Facultad indican que esta localidad de 10 mil habitantes se suma a la extensi\u00f3n de Formosa que, desde el a\u00f1o pasado, cuenta con esta posibilidad de cursar una carrera que solamente la UNLP dicta de manera p\u00fablica y gratuita.<\/p>\n<p>En este sentido, vale destacar que la Tecnicatura tiene una duraci\u00f3n de tres a\u00f1os y entre su curr\u00edculo contiene una formaci\u00f3n te\u00f3rico-pr\u00e1ctica sobre el ejercicio del Periodismo Deportivo.<\/p>\n<p>As\u00ed, se espera que esta nueva oferta atraiga alumnado no solo oriundo de Laprida sino tambi\u00e9n de la regi\u00f3n del centro-sudoeste de la Provincia.<\/p>\n","protected":false},"excerpt":{"rendered":"<p>El intendente de Laprida, Alfredo Fisher, y las autoridades de la Facultad de Periodismo y Comunicaci\u00f3n Social de la Universidad Nacional de La Plata , anunciaron el lanzamiento de una nueva extensi\u00f3n \u00e1ulica en esa ciudad.<\/p>\n","protected":false},"author":4,"featured_media":0,"comment_status":"open","ping_status":"open","sticky":false,"template":"","format":"standard","meta":{"_jetpack_newsletter_access":"","_jetpack_dont_email_post_to_subs":false,"_jetpack_newsletter_tier_id":0,"_jetpack_memberships_contains_paywalled_content":false,"_jetpack_memberships_contains_paid_content":false,"footnotes":""},"categories":[1],"tags":[],"class_list":["post-5489","post","type-post","status-publish","format-standard","hentry","category-sociedad"],"jetpack_featured_media_url":"","jetpack_shortlink":"https:\/\/wp.me\/p2JWE0-1qx","jetpack-related-posts":[{"id":18854,"url":"https:\/\/www.24baires.com\/?p=18854","url_meta":{"origin":5489,"position":0},"title":"La UNLP dictar\u00e1 la carrera de Periodismo Deportivo en la ex ESMA","author":"AF","date":"19\/03\/2013","format":false,"excerpt":"La decana de la Facultad de Periodismo y Comunicaci\u00f3n Social de la Universidad Nacional de La Plata (UNLP), Florencia Saintout, firm\u00f3 un acuerdo para dictar la carrera de Periodismo Deportivo en la sede que la organizaci\u00f3n H.I.J.O.S. tiene en el predio de la ex ESMA. Los cursos comenzar\u00e1n el 2\u2026","rel":"","context":"En \u00abSociedad\u00bb","block_context":{"text":"Sociedad","link":"https:\/\/www.24baires.com\/?cat=1"},"img":{"alt_text":"","src":"","width":0,"height":0},"classes":[]},{"id":52584,"url":"https:\/\/www.24baires.com\/?p=52584","url_meta":{"origin":5489,"position":1},"title":"Realizar\u00e1n una charla sobre Comunicaci\u00f3n Popular en Ensenada","author":"GB","date":"27\/08\/2014","format":false,"excerpt":"Una charla sobre Comunicaci\u00f3n Popular se realizar\u00e1 este mi\u00e9rcoles a las 18.30 horas en la sede de la C\u00e1mara de Comercio e Industria de Ensenada, ubicada en calle La Merced entre Don Bosco y Presidente Per\u00f3n. Cabe destacar que la charla ser\u00e1 abierta a todo p\u00fablico y estar\u00e1 enmarcada dentro\u2026","rel":"","context":"En \u00abLocales\u00bb","block_context":{"text":"Locales","link":"https:\/\/www.24baires.com\/?cat=38"},"img":{"alt_text":"walsh","src":"https:\/\/i0.wp.com\/www.24baires.com\/wp-content\/uploads\/2014\/08\/walsh.jpg?resize=350%2C200","width":350,"height":200,"srcset":"https:\/\/i0.wp.com\/www.24baires.com\/wp-content\/uploads\/2014\/08\/walsh.jpg?resize=350%2C200 1x, https:\/\/i0.wp.com\/www.24baires.com\/wp-content\/uploads\/2014\/08\/walsh.jpg?resize=525%2C300 1.5x"},"classes":[]},{"id":19610,"url":"https:\/\/www.24baires.com\/?p=19610","url_meta":{"origin":5489,"position":2},"title":"Carrera de Periodismo en la ex ESMA: \u201cHay que animarse a enfrentar el pasado\u201d","author":"Grupo Sierra","date":"28\/03\/2013","format":false,"excerpt":"Juan Marcos Chiramberro, profesor de la Tecnicatura Superior en Periodismo Deportivo, se refiri\u00f3 al convenio firmado por esa la UNLP y la Secretaria de Derechos Humanos de la Naci\u00f3n. El docente llam\u00f3 a resignificar los espacios, donde alguna vez, \u201clas mentes m\u00e1s siniestras de nuestro pa\u00eds se desenvolvieron con impunidad\u201d.\u2026","rel":"","context":"En \u00abMemoria\u00bb","block_context":{"text":"Memoria","link":"https:\/\/www.24baires.com\/?cat=50"},"img":{"alt_text":"ESMA","src":"https:\/\/i0.wp.com\/www.24baires.com\/wp-content\/uploads\/2013\/01\/ESMA.jpg?resize=350%2C200","width":350,"height":200,"srcset":"https:\/\/i0.wp.com\/www.24baires.com\/wp-content\/uploads\/2013\/01\/ESMA.jpg?resize=350%2C200 1x, https:\/\/i0.wp.com\/www.24baires.com\/wp-content\/uploads\/2013\/01\/ESMA.jpg?resize=525%2C300 1.5x"},"classes":[]},{"id":33876,"url":"https:\/\/www.24baires.com\/?p=33876","url_meta":{"origin":5489,"position":3},"title":"Realizan en La Plata el Primer Congreso de Periodismo Deportivo","author":"AF","date":"21\/10\/2013","format":false,"excerpt":"Este martes y mi\u00e9rcoles se celebrar\u00e1 en la Facultad de Periodismo y Comunicaci\u00f3n Social de la Universidad Nacional de La Plata. Las jornadas, que se desarrollar\u00e1n en el edificio Presidente N\u00e9tor Kirchner, contar\u00e1 con la presencia de destacados periodistas entre ellos Viviana Vila, Ezequiel Fern\u00e1ndez Moores y Pablo Llonto. La\u2026","rel":"","context":"En \u00abSociedad\u00bb","block_context":{"text":"Sociedad","link":"https:\/\/www.24baires.com\/?cat=1"},"img":{"alt_text":"","src":"","width":0,"height":0},"classes":[]},{"id":42994,"url":"https:\/\/www.24baires.com\/?p=42994","url_meta":{"origin":5489,"position":4},"title":"Impulsan campa\u00f1a de vacunaci\u00f3n para universitarios","author":"Grupo Sierra","date":"29\/03\/2014","format":false,"excerpt":"LA PLATA- La Direcci\u00f3n de Salud de la Universidad Nacional de La Plata (UNLP) informa que ya est\u00e1 en marcha el Programa de Vacunaci\u00f3n destinado a todos los alumnos que cursan estudios de grado con alto riesgo de salud cuando realizan las pr\u00e1cticas curriculares. Se prev\u00e9 que la iniciativa alcanzar\u00e1\u2026","rel":"","context":"En \u00abLocales\u00bb","block_context":{"text":"Locales","link":"https:\/\/www.24baires.com\/?cat=38"},"img":{"alt_text":"vacuna","src":"https:\/\/i0.wp.com\/www.24baires.com\/wp-content\/uploads\/2014\/01\/vacuna.jpg?resize=350%2C200","width":350,"height":200,"srcset":"https:\/\/i0.wp.com\/www.24baires.com\/wp-content\/uploads\/2014\/01\/vacuna.jpg?resize=350%2C200 1x, https:\/\/i0.wp.com\/www.24baires.com\/wp-content\/uploads\/2014\/01\/vacuna.jpg?resize=525%2C300 1.5x"},"classes":[]},{"id":92903,"url":"https:\/\/www.24baires.com\/?p=92903","url_meta":{"origin":5489,"position":5},"title":"Har\u00e1n testeos gratis de HIV en la Universidad de La Plata","author":"AF","date":"08\/03\/2017","format":false,"excerpt":"A partir de este mi\u00e9rcoles, y luego los primeros mi\u00e9rcoles de cada mes, estudiantes, docentes y no docentes de la UNLP podr\u00e1n saber en cuesti\u00f3n de minutos si tienen alguna infecci\u00f3n de transmisi\u00f3n sexual a trav\u00e9s de un simple an\u00e1lisis de sangre, sin turno previo, de forma gratuita y an\u00f3nima.\u2026","rel":"","context":"En \u00abLocales\u00bb","block_context":{"text":"Locales","link":"https:\/\/www.24baires.com\/?cat=38"},"img":{"alt_text":"","src":"https:\/\/i0.wp.com\/www.24baires.com\/wp-content\/uploads\/2017\/03\/test-vih2.jpg?resize=350%2C200","width":350,"height":200,"srcset":"https:\/\/i0.wp.com\/www.24baires.com\/wp-content\/uploads\/2017\/03\/test-vih2.jpg?resize=350%2C200 1x, https:\/\/i0.wp.com\/www.24baires.com\/wp-content\/uploads\/2017\/03\/test-vih2.jpg?resize=525%2C300 1.5x"},"classes":[]}],"jetpack_sharing_enabled":true,"jetpack_likes_enabled":true,"_links":{"self":[{"href":"https:\/\/www.24baires.com\/index.php?rest_route=\/wp\/v2\/posts\/5489","targetHints":{"allow":["GET"]}}],"collection":[{"href":"https:\/\/www.24baires.com\/index.php?rest_route=\/wp\/v2\/posts"}],"about":[{"href":"https:\/\/www.24baires.com\/index.php?rest_route=\/wp\/v2\/types\/post"}],"author":[{"embeddable":true,"href":"https:\/\/www.24baires.com\/index.php?rest_route=\/wp\/v2\/users\/4"}],"replies":[{"embeddable":true,"href":"https:\/\/www.24baires.com\/index.php?rest_route=%2Fwp%2Fv2%2Fcomments&post=5489"}],"version-history":[{"count":2,"href":"https:\/\/www.24baires.com\/index.php?rest_route=\/wp\/v2\/posts\/5489\/revisions"}],"predecessor-version":[{"id":5492,"href":"https:\/\/www.24baires.com\/index.php?rest_route=\/wp\/v2\/posts\/5489\/revisions\/5492"}],"wp:attachment":[{"href":"https:\/\/www.24baires.com\/index.php?rest_route=%2Fwp%2Fv2%2Fmedia&parent=5489"}],"wp:term":[{"taxonomy":"category","embeddable":true,"href":"https:\/\/www.24baires.com\/index.php?rest_route=%2Fwp%2Fv2%2Fcategories&post=5489"},{"taxonomy":"post_tag","embeddable":true,"href":"https:\/\/www.24baires.com\/index.php?rest_route=%2Fwp%2Fv2%2Ftags&post=5489"}],"curies":[{"name":"wp","href":"https:\/\/api.w.org\/{rel}","templated":true}]}}