{"id":5484,"date":"2012-11-14T20:06:06","date_gmt":"2012-11-14T23:06:06","guid":{"rendered":"http:\/\/www.24baires.com\/?p=5484"},"modified":"2012-11-14T21:56:13","modified_gmt":"2012-11-15T00:56:13","slug":"peligra-la-continuidad-del-servicio-de-dialisis-bonaerense-por-millonaria-deuda","status":"publish","type":"post","link":"https:\/\/www.24baires.com\/?p=5484","title":{"rendered":"Peligra la continuidad del servicio de di\u00e1lisis bonaerense por millonaria deuda"},"content":{"rendered":"<p><img data-recalc-dims=\"1\" loading=\"lazy\" decoding=\"async\" class=\"alignleft size-medium wp-image-5485\" title=\"di\u00e1lisis\" src=\"https:\/\/i0.wp.com\/www.24baires.com\/wp-content\/uploads\/2012\/11\/di%C3%A1lisis.jpg?resize=300%2C198\" alt=\"\" width=\"300\" height=\"198\" srcset=\"https:\/\/i0.wp.com\/www.24baires.com\/wp-content\/uploads\/2012\/11\/di%C3%A1lisis.jpg?resize=300%2C198&amp;ssl=1 300w, https:\/\/i0.wp.com\/www.24baires.com\/wp-content\/uploads\/2012\/11\/di%C3%A1lisis.jpg?w=456&amp;ssl=1 456w\" sizes=\"auto, (max-width: 300px) 100vw, 300px\" \/><\/p>\n<p>El ministerio de Salud le debe 5 millones a la Asociaci\u00f3n Regional de Di\u00e1lisis y Trasplantes Renales, prestadora del servicio a m\u00e1s de 300 pacientes sin recursos.<!--more--><\/p>\n<p>M\u00e1s de 300 pacientes sin recursos que deben ser sometidos a un servicio regular de di\u00e1lisis corren perder esa posibilidad debido a una deuda millonaria que el gobierno bonaerense mantiene con la Asociaci\u00f3n Regional de Di\u00e1lisis y Trasplantes Renales de Capital Federal y la Provincia de Buenos Aires (ARD).<\/p>\n<div>\u00a0As\u00ed lo denunci\u00f3 ese organismo, la cual denunci\u00f3 que esa deuda asciende a los 5 millones de pesos. Adem\u00e1s plantearon que \u00aben una decisi\u00f3n unilateral\u00bb, el Ministerio estipul\u00f3 la sesi\u00f3n del tratamiento un 20% debajo del costo real.<\/div>\n<p>La ARD \u00abalerta una vez m\u00e1s la insostenible situaci\u00f3n de los pacientes sin recursos que atienden los centros de di\u00e1lisis. La deuda de $ 4.880.000,00 que tiene el Ministerio de Salud de la provincia correspondientes a julio y agosto del presente a\u00f1o, pone en peligro la continuidad en la prestaci\u00f3n del servicio\u00bb, dice el comunicado.<\/p>\n<p>Sin embargo, la falta de pago no es lo \u00fanico que preocupa, sino tambi\u00e9n que el Ministerio \u00abdecret\u00f3 unilateralmente el valor de los m\u00f3dulos para realizar el tratamiento. El mismo es de un 20% menor de lo que les cuesta a los centros ofrecer el servicio, por lo que en breve va a ser imposible financieramente continuar con la atenci\u00f3n de los 315 pacientes\u00bb.<\/p>\n<p>\u00abLa falta de pagos en tiempo y forma ocasionar\u00e1 la mora de los centros, que no podr\u00e1n cumplir con la compra de insumos imprescindibles para realizar las pr\u00e1cticas con los sueldos de todo el personal y con los impuestos nacionales y provinciales, haci\u00e9ndose pasibles de sanciones econ\u00f3micas\u00bb, agregan.<\/p>\n<p>\u00abSe pone en serio riesgo la vida de los pacientes. La pol\u00edtica sanitaria es una responsabilidad indelegable del Estado, que no debe desentenderse pretendiendo que los centros privados la tomen a su cargo\u201d explic\u00f3 Alfredo Casaliba, presidente de la ARD.<\/p>\n","protected":false},"excerpt":{"rendered":"<p>El ministerio de Salud le debe 5 millones a la Asociaci\u00f3n Regional de Di\u00e1lisis y Trasplantes Renales, prestadora del servicio a m\u00e1s de 300 pacientes sin recursos.<\/p>\n","protected":false},"author":4,"featured_media":0,"comment_status":"open","ping_status":"open","sticky":false,"template":"","format":"standard","meta":{"_jetpack_newsletter_access":"","_jetpack_dont_email_post_to_subs":false,"_jetpack_newsletter_tier_id":0,"_jetpack_memberships_contains_paywalled_content":false,"_jetpack_memberships_contains_paid_content":false,"footnotes":""},"categories":[1],"tags":[],"class_list":["post-5484","post","type-post","status-publish","format-standard","hentry","category-sociedad"],"jetpack_featured_media_url":"","jetpack_shortlink":"https:\/\/wp.me\/p2JWE0-1qs","jetpack-related-posts":[{"id":69487,"url":"https:\/\/www.24baires.com\/?p=69487","url_meta":{"origin":5484,"position":0},"title":"Por deuda, prestadores advierten que peligran tratamientos de di\u00e1lisis en Provincia","author":"AF","date":"24\/07\/2015","format":false,"excerpt":"Prestadores del servicio de di\u00e1lisis en la provincia advirtieron que, por una deuda millonaria del Estado, podr\u00edan interrumpirse los tratamientos de di\u00e1lisis que se realizan un total de 3.700 pacientes bonaerenses al tiempo que reclamaron un incremento en las tarifas de las prestaciones. Los prestadores \u2013de 105 centros nucleados en\u2026","rel":"","context":"En \u00abProvincia\u00bb","block_context":{"text":"Provincia","link":"https:\/\/www.24baires.com\/?cat=40"},"img":{"alt_text":"","src":"","width":0,"height":0},"classes":[]},{"id":112812,"url":"https:\/\/www.24baires.com\/?p=112812","url_meta":{"origin":5484,"position":1},"title":"Por falta de pago suspenden el servicio de di\u00e1lisis","author":"GB","date":"01\/11\/2019","format":false,"excerpt":"La medida pone en vilo a cinco mil pacientes bonaerenses que cuentan con el programa federal de Incluir Salud para realizarse el tratamiento. La Asociaci\u00f3n Regional de Di\u00e1lisis y Trasplantes Renales de Capital federal y Provincia de Buenos Aires (ARD) inform\u00f3 que suspender\u00e1n los tratamientos de di\u00e1lisis en centros de\u2026","rel":"","context":"En \u00abProvincia\u00bb","block_context":{"text":"Provincia","link":"https:\/\/www.24baires.com\/?cat=40"},"img":{"alt_text":"","src":"https:\/\/i0.wp.com\/www.24baires.com\/wp-content\/uploads\/2019\/11\/dialisi.jpg?resize=350%2C200","width":350,"height":200,"srcset":"https:\/\/i0.wp.com\/www.24baires.com\/wp-content\/uploads\/2019\/11\/dialisi.jpg?resize=350%2C200 1x, https:\/\/i0.wp.com\/www.24baires.com\/wp-content\/uploads\/2019\/11\/dialisi.jpg?resize=525%2C300 1.5x"},"classes":[]},{"id":29880,"url":"https:\/\/www.24baires.com\/?p=29880","url_meta":{"origin":5484,"position":2},"title":"Garantizan la cobertura de los tratamientos de di\u00e1lisis en la Provincia","author":"AF","date":"10\/08\/2013","format":false,"excerpt":"Se trata de la continuidad de las prestaciones para los 800 pacientes, sin cobertura social. Es para los tratamientos en convenio con la Asociaci\u00f3n Regional de Di\u00e1lisis y otros centros independientes. El Ministerio de Salud bonaerense inform\u00f3 que est\u00e1 \u201cabsolutamente garantizada\u201d la continuidad de las prestaciones para los 800 pacientes,\u2026","rel":"","context":"En \u00abSociedad\u00bb","block_context":{"text":"Sociedad","link":"https:\/\/www.24baires.com\/?cat=1"},"img":{"alt_text":"dialisis","src":"https:\/\/i0.wp.com\/www.24baires.com\/wp-content\/uploads\/2013\/08\/dialisis-300x225.jpg?resize=350%2C200","width":350,"height":200},"classes":[]},{"id":108102,"url":"https:\/\/www.24baires.com\/?p=108102","url_meta":{"origin":5484,"position":3},"title":"Nuevo parte m\u00e9dico de Olivares: \u00abEl estado es cr\u00edtico, con riesgo de vida\u00bb","author":"AF","date":"10\/05\/2019","format":false,"excerpt":"El diputado que fue baleado a metros del Congreso se encuentra con asistencia respiratoria y presetan un compromiso en sus \u00f3rganos renales. El estado de H\u00e9ctor Olivares\"es cr\u00edtico, con riesgo de vida y tiene 3 \u00f3rganos comprometidos\u201d, seg\u00fan el parte m\u00e9dico informado este viernes por Pablo Rossini, sub director del\u2026","rel":"","context":"En \u00abPoliciales\u00bb","block_context":{"text":"Policiales","link":"https:\/\/www.24baires.com\/?cat=49"},"img":{"alt_text":"","src":"https:\/\/i0.wp.com\/www.24baires.com\/wp-content\/uploads\/2019\/05\/Hector-Olivares.jpg?resize=350%2C200","width":350,"height":200,"srcset":"https:\/\/i0.wp.com\/www.24baires.com\/wp-content\/uploads\/2019\/05\/Hector-Olivares.jpg?resize=350%2C200 1x, https:\/\/i0.wp.com\/www.24baires.com\/wp-content\/uploads\/2019\/05\/Hector-Olivares.jpg?resize=525%2C300 1.5x"},"classes":[]},{"id":55759,"url":"https:\/\/www.24baires.com\/?p=55759","url_meta":{"origin":5484,"position":4},"title":"Scioli inaugurar\u00e1 el servicio de Nefrolog\u00eda y Di\u00e1lisis del hospital Presidente Per\u00f3n","author":"GB","date":"21\/10\/2014","format":false,"excerpt":"SARAND\u00cd-En la localidad de Sarand\u00ed, junto a Alejandro Collia, el Mandatario bonaerense estrenar\u00e1 el servicio de nefrolog\u00eda y di\u00e1lisis del establecimiento. Esta tarde, el Gobernador de la Provincia de Buenos Aires, Daniel Scioli, inaugurar\u00e1 el servicio de Nefrolog\u00eda y Di\u00e1lisis del hospital Presidente Per\u00f3n de Avellaneda, acompa\u00f1ado por el ministro\u2026","rel":"","context":"En \u00abMunicipios\u00bb","block_context":{"text":"Municipios","link":"https:\/\/www.24baires.com\/?cat=44"},"img":{"alt_text":"scioli5","src":"https:\/\/i0.wp.com\/www.24baires.com\/wp-content\/uploads\/2014\/08\/scioli5.jpg?resize=350%2C200","width":350,"height":200,"srcset":"https:\/\/i0.wp.com\/www.24baires.com\/wp-content\/uploads\/2014\/08\/scioli5.jpg?resize=350%2C200 1x, https:\/\/i0.wp.com\/www.24baires.com\/wp-content\/uploads\/2014\/08\/scioli5.jpg?resize=525%2C300 1.5x"},"classes":[]},{"id":28906,"url":"https:\/\/www.24baires.com\/?p=28906","url_meta":{"origin":5484,"position":5},"title":"Doce bonaerenses viajar\u00e1n a Sud\u00e1frica para participar del Mundial de Trasplantados 2013","author":"AF","date":"25\/07\/2013","format":false,"excerpt":"En la \u00faltima edici\u00f3n, en Suecia, la Provincia obtuvo 11 medallas. Los deportistas cuentan con auspicio del Cucaiba y el apoyo del Gobierno provincial para participar en el certamen, cuya pr\u00f3xima sede ser\u00e1 Mar del Plata. Todos tienen algo en com\u00fan: son bonaerenses, recibieron un \u00f3rgano que les salv\u00f3 la\u2026","rel":"","context":"En \u00abSociedad\u00bb","block_context":{"text":"Sociedad","link":"https:\/\/www.24baires.com\/?cat=1"},"img":{"alt_text":"juegos trasplantados","src":"https:\/\/i0.wp.com\/www.24baires.com\/wp-content\/uploads\/2013\/07\/juegos-300x225.jpg?resize=350%2C200","width":350,"height":200},"classes":[]}],"jetpack_sharing_enabled":true,"jetpack_likes_enabled":true,"_links":{"self":[{"href":"https:\/\/www.24baires.com\/index.php?rest_route=\/wp\/v2\/posts\/5484","targetHints":{"allow":["GET"]}}],"collection":[{"href":"https:\/\/www.24baires.com\/index.php?rest_route=\/wp\/v2\/posts"}],"about":[{"href":"https:\/\/www.24baires.com\/index.php?rest_route=\/wp\/v2\/types\/post"}],"author":[{"embeddable":true,"href":"https:\/\/www.24baires.com\/index.php?rest_route=\/wp\/v2\/users\/4"}],"replies":[{"embeddable":true,"href":"https:\/\/www.24baires.com\/index.php?rest_route=%2Fwp%2Fv2%2Fcomments&post=5484"}],"version-history":[{"count":2,"href":"https:\/\/www.24baires.com\/index.php?rest_route=\/wp\/v2\/posts\/5484\/revisions"}],"predecessor-version":[{"id":5487,"href":"https:\/\/www.24baires.com\/index.php?rest_route=\/wp\/v2\/posts\/5484\/revisions\/5487"}],"wp:attachment":[{"href":"https:\/\/www.24baires.com\/index.php?rest_route=%2Fwp%2Fv2%2Fmedia&parent=5484"}],"wp:term":[{"taxonomy":"category","embeddable":true,"href":"https:\/\/www.24baires.com\/index.php?rest_route=%2Fwp%2Fv2%2Fcategories&post=5484"},{"taxonomy":"post_tag","embeddable":true,"href":"https:\/\/www.24baires.com\/index.php?rest_route=%2Fwp%2Fv2%2Ftags&post=5484"}],"curies":[{"name":"wp","href":"https:\/\/api.w.org\/{rel}","templated":true}]}}