{"id":5465,"date":"2012-11-15T10:48:55","date_gmt":"2012-11-15T13:48:55","guid":{"rendered":"http:\/\/www.24baires.com\/?p=5465"},"modified":"2012-11-15T10:50:24","modified_gmt":"2012-11-15T13:50:24","slug":"el-estado-resarciria-a-las-victimas-de-la-represion-de-diciembre-de-2001","status":"publish","type":"post","link":"https:\/\/www.24baires.com\/?p=5465","title":{"rendered":"El Estado resarcir\u00eda a las v\u00edctimas de la represi\u00f3n de diciembre de 2001"},"content":{"rendered":"<p>As\u00ed lo establece un proyecto de ley aprobado este mi\u00e9rcoles por la C\u00e1mara baja. La reparaci\u00f3n equivaldr\u00eda, en caso de muerte, a cien salarios de la Categor\u00eda 1 a nivel nacional. Tambi\u00e9n se prev\u00e9n beneficios para los afectados por lesiones. Avanza en la C\u00e1mara de Diputados el proyecto que propone un resarcimiento econ\u00f3mico para las v\u00edctimas de la represi\u00f3n que tuvo lugar en Plaza de Mayo durante la recordada movilizaci\u00f3n de los d\u00edas 19, 20 y 21 de diciembre de 2001.<\/p>\n<p><!--more--><\/p>\n<p>La iniciativa fue aprobada y girada al Senado durante la sesi\u00f3n de este mi\u00e9rcoles, con 217 votos a favor y 5 abstenciones.<\/p>\n<p>En caso de muerte, la reparaci\u00f3n equivale a cien salarios de la Categor\u00eda 1 de la estructura nacional, y ser\u00e1n beneficiarios tanto los derechohabientes como quienes hayan vivido con la v\u00edctima en uni\u00f3n de hecho por lo menos dos a\u00f1os anteriores al fallecimiento.<\/p>\n<p>Para las lesiones grav\u00edsimas, comprende el equivalente a treinta salarios de esa misma categor\u00eda, y en el caso de lesiones graves, corresponde a veinte salarios.<\/p>\n<p>Frente a los problemas de salud f\u00edsica y mental de las v\u00edctimas, el proyecto plantea que el Estado debe asumir toda la responsabilidad y \u201cafrontar eventuales gastos de internaci\u00f3n, operaci\u00f3n y recuperaci\u00f3n\u201d.<\/p>\n<p>La iniciativa hab\u00eda sido impulsada por el bloque oficialista, con Remo Carlotto a la cabeza, y ten\u00eda tambi\u00e9n el apoyo de Victoria Donda (Libres del Sur).<\/p>\n","protected":false},"excerpt":{"rendered":"<p>As\u00ed lo establece un proyecto de ley aprobado este mi\u00e9rcoles por la C\u00e1mara baja. La reparaci\u00f3n equivaldr\u00eda, en caso de muerte, a cien salarios de la Categor\u00eda 1 a nivel nacional. Tambi\u00e9n se prev\u00e9n beneficios para los afectados por lesiones. Avanza en la C\u00e1mara de Diputados el proyecto que propone un resarcimiento econ\u00f3mico para las v\u00edctimas de la represi\u00f3n que [&#8230;]<\/p>\n","protected":false},"author":4,"featured_media":0,"comment_status":"open","ping_status":"open","sticky":false,"template":"","format":"standard","meta":{"_jetpack_newsletter_access":"","_jetpack_dont_email_post_to_subs":false,"_jetpack_newsletter_tier_id":0,"_jetpack_memberships_contains_paywalled_content":false,"_jetpack_memberships_contains_paid_content":false,"footnotes":""},"categories":[1],"tags":[],"class_list":["post-5465","post","type-post","status-publish","format-standard","hentry","category-sociedad"],"jetpack_featured_media_url":"","jetpack_shortlink":"https:\/\/wp.me\/p2JWE0-1q9","jetpack-related-posts":[{"id":10581,"url":"https:\/\/www.24baires.com\/?p=10581","url_meta":{"origin":5465,"position":0},"title":"Familiares de los muertos en diciembre de 2001 ir\u00e1n a la Corte tras el sobreseimiento a De la R\u00faa","author":"AF","date":"27\/12\/2012","format":false,"excerpt":"La querella de los familiares tom\u00f3 esa decisi\u00f3n tras el fallo de la C\u00e1mara de Casaci\u00f3n que dej\u00f3 firme el sobreseimiento al ex presidente de la Alianza en la causa por cinco cr\u00edmenes y cientos de heridos en la represi\u00f3n de diciembre de 2001. \"Por supuesto, no vamos a dejar\u2026","rel":"","context":"En \u00abSociedad\u00bb","block_context":{"text":"Sociedad","link":"https:\/\/www.24baires.com\/?cat=1"},"img":{"alt_text":"diciembre 2001","src":"https:\/\/i0.wp.com\/www.24baires.com\/wp-content\/uploads\/2012\/12\/diciembre-2001.jpg?resize=350%2C200","width":350,"height":200,"srcset":"https:\/\/i0.wp.com\/www.24baires.com\/wp-content\/uploads\/2012\/12\/diciembre-2001.jpg?resize=350%2C200 1x, https:\/\/i0.wp.com\/www.24baires.com\/wp-content\/uploads\/2012\/12\/diciembre-2001.jpg?resize=525%2C300 1.5x"},"classes":[]},{"id":8938,"url":"https:\/\/www.24baires.com\/?p=8938","url_meta":{"origin":5465,"position":1},"title":"Piden procesar a De la R\u00faa por 5 de los muertos que dej\u00f3 la represi\u00f3n de diciembre de 2001","author":"AF","date":"13\/12\/2012","format":false,"excerpt":"El Centro de Estudios Legales y Sociales (CELS) pidi\u00f3 este mi\u00e9rcoles el procesamiento del ex presidente Fernando De la R\u00faa por el homicidio culposo de cinco personas durante la brutal represi\u00f3n del 19 y 20 de diciembre de 2001, en la antesala de la ca\u00edda de su Gobierno. En la\u2026","rel":"","context":"En \u00abSociedad\u00bb","block_context":{"text":"Sociedad","link":"https:\/\/www.24baires.com\/?cat=1"},"img":{"alt_text":"","src":"","width":0,"height":0},"classes":[]},{"id":104041,"url":"https:\/\/www.24baires.com\/?p=104041","url_meta":{"origin":5465,"position":2},"title":"Bullrich justific\u00f3 la brutal represi\u00f3n a trabajadores del Astillero R\u00edo Santiago","author":"AF","date":"22\/08\/2018","format":false,"excerpt":"El senador por la provincia de Buenos Aires insisti\u00f3 en que los trabajadores intentaron ingresar a la gobernaci\u00f3n y resalt\u00f3 que \"hay 15 polic\u00edas heridos\". La violenta represi\u00f3n desatada contra los trabajadores del Astillero R\u00edo Santiago que protestaban ante la gobernaci\u00f3n de la provincia de Buenos Aires se col\u00f3 con\u2026","rel":"","context":"En \u00abPol\u00edtica\u00bb","block_context":{"text":"Pol\u00edtica","link":"https:\/\/www.24baires.com\/?cat=51"},"img":{"alt_text":"","src":"https:\/\/i0.wp.com\/www.24baires.com\/wp-content\/uploads\/2018\/08\/represi%C3%B3n.jpg?resize=350%2C200","width":350,"height":200,"srcset":"https:\/\/i0.wp.com\/www.24baires.com\/wp-content\/uploads\/2018\/08\/represi%C3%B3n.jpg?resize=350%2C200 1x, https:\/\/i0.wp.com\/www.24baires.com\/wp-content\/uploads\/2018\/08\/represi%C3%B3n.jpg?resize=525%2C300 1.5x"},"classes":[]},{"id":120503,"url":"https:\/\/www.24baires.com\/?p=120503","url_meta":{"origin":5465,"position":3},"title":"Salario m\u00ednimo: aprobaron un aumento del 32,2%","author":"AF","date":"27\/09\/2023","format":false,"excerpt":"Los representantes de los trabajadores y las c\u00e1maras empresarias alcanzaron un acuerdo en la Comisi\u00f3n del Salario M\u00ednimo, Vital y M\u00f3vil para el trimestre octubre-diciembre, que elevar\u00e1 la base de los ingresos m\u00ednimos, actualmente en 118 mil pesos. Sindicalistas de la CGT y de la CTA de los Trabajadores y\u2026","rel":"","context":"En \u00abSociedad\u00bb","block_context":{"text":"Sociedad","link":"https:\/\/www.24baires.com\/?cat=1"},"img":{"alt_text":"","src":"https:\/\/i0.wp.com\/www.24baires.com\/wp-content\/uploads\/2023\/03\/industriajpg.jpg?resize=350%2C200","width":350,"height":200,"srcset":"https:\/\/i0.wp.com\/www.24baires.com\/wp-content\/uploads\/2023\/03\/industriajpg.jpg?resize=350%2C200 1x, https:\/\/i0.wp.com\/www.24baires.com\/wp-content\/uploads\/2023\/03\/industriajpg.jpg?resize=525%2C300 1.5x, https:\/\/i0.wp.com\/www.24baires.com\/wp-content\/uploads\/2023\/03\/industriajpg.jpg?resize=700%2C400 2x"},"classes":[]},{"id":119433,"url":"https:\/\/www.24baires.com\/?p=119433","url_meta":{"origin":5465,"position":4},"title":"Tragedia de Croma\u00f1on: Diputados aprob\u00f3 expropiar el edificio para la memoria","author":"GB","date":"13\/10\/2022","format":false,"excerpt":"Tras dos horas de debate el proyecto en diputados fue aprobado por unanimidad, sumando 207 votos positivos, en una votaci\u00f3n de la que no participaron 49 legisladores por estar ausentes. La C\u00e1mara de Diputados aprob\u00f3 este mi\u00e9rcoles por unanimidad y envi\u00f3 al Senado el proyecto que busca expropiar el edificio\u2026","rel":"","context":"En \u00abSociedad\u00bb","block_context":{"text":"Sociedad","link":"https:\/\/www.24baires.com\/?cat=1"},"img":{"alt_text":"","src":"https:\/\/i0.wp.com\/www.24baires.com\/wp-content\/uploads\/2016\/12\/cromagnon.jpg?resize=350%2C200","width":350,"height":200,"srcset":"https:\/\/i0.wp.com\/www.24baires.com\/wp-content\/uploads\/2016\/12\/cromagnon.jpg?resize=350%2C200 1x, https:\/\/i0.wp.com\/www.24baires.com\/wp-content\/uploads\/2016\/12\/cromagnon.jpg?resize=525%2C300 1.5x, https:\/\/i0.wp.com\/www.24baires.com\/wp-content\/uploads\/2016\/12\/cromagnon.jpg?resize=700%2C400 2x"},"classes":[]},{"id":37188,"url":"https:\/\/www.24baires.com\/?p=37188","url_meta":{"origin":5465,"position":5},"title":"Diputados reclaman medidas urgentes en rutas provinciales","author":"Grupo Sierra","date":"20\/12\/2013","format":false,"excerpt":"Legisladores pidieron la r\u00e1pida reparaci\u00f3n de varios caminos. Pol\u00e9mica por el estado de la ruta 86. Diputados del oficialismo y la oposici\u00f3n formularon duras cr\u00edticas por el estado de las rutas de la Provincia y presentaron pedidos de informes que en algunos de los casos fueron aprobados por la C\u00e1mara\u2026","rel":"","context":"En \u00abProvincia\u00bb","block_context":{"text":"Provincia","link":"https:\/\/www.24baires.com\/?cat=40"},"img":{"alt_text":"ruta","src":"https:\/\/i0.wp.com\/www.24baires.com\/wp-content\/uploads\/2013\/12\/ruta.jpg?resize=350%2C200","width":350,"height":200,"srcset":"https:\/\/i0.wp.com\/www.24baires.com\/wp-content\/uploads\/2013\/12\/ruta.jpg?resize=350%2C200 1x, https:\/\/i0.wp.com\/www.24baires.com\/wp-content\/uploads\/2013\/12\/ruta.jpg?resize=525%2C300 1.5x"},"classes":[]}],"jetpack_sharing_enabled":true,"jetpack_likes_enabled":true,"_links":{"self":[{"href":"https:\/\/www.24baires.com\/index.php?rest_route=\/wp\/v2\/posts\/5465","targetHints":{"allow":["GET"]}}],"collection":[{"href":"https:\/\/www.24baires.com\/index.php?rest_route=\/wp\/v2\/posts"}],"about":[{"href":"https:\/\/www.24baires.com\/index.php?rest_route=\/wp\/v2\/types\/post"}],"author":[{"embeddable":true,"href":"https:\/\/www.24baires.com\/index.php?rest_route=\/wp\/v2\/users\/4"}],"replies":[{"embeddable":true,"href":"https:\/\/www.24baires.com\/index.php?rest_route=%2Fwp%2Fv2%2Fcomments&post=5465"}],"version-history":[{"count":4,"href":"https:\/\/www.24baires.com\/index.php?rest_route=\/wp\/v2\/posts\/5465\/revisions"}],"predecessor-version":[{"id":5510,"href":"https:\/\/www.24baires.com\/index.php?rest_route=\/wp\/v2\/posts\/5465\/revisions\/5510"}],"wp:attachment":[{"href":"https:\/\/www.24baires.com\/index.php?rest_route=%2Fwp%2Fv2%2Fmedia&parent=5465"}],"wp:term":[{"taxonomy":"category","embeddable":true,"href":"https:\/\/www.24baires.com\/index.php?rest_route=%2Fwp%2Fv2%2Fcategories&post=5465"},{"taxonomy":"post_tag","embeddable":true,"href":"https:\/\/www.24baires.com\/index.php?rest_route=%2Fwp%2Fv2%2Ftags&post=5465"}],"curies":[{"name":"wp","href":"https:\/\/api.w.org\/{rel}","templated":true}]}}