{"id":54634,"date":"2014-10-02T10:30:06","date_gmt":"2014-10-02T13:30:06","guid":{"rendered":"http:\/\/www.24baires.com\/?p=54634"},"modified":"2014-10-02T10:16:35","modified_gmt":"2014-10-02T13:16:35","slug":"ella-desacatada-y-de-pie","status":"publish","type":"post","link":"https:\/\/www.24baires.com\/?p=54634","title":{"rendered":"Ella, desacatada y de pie"},"content":{"rendered":"<p><img data-recalc-dims=\"1\" loading=\"lazy\" decoding=\"async\" class=\"aligncenter size-full wp-image-54636\" src=\"https:\/\/i0.wp.com\/www.24baires.com\/wp-content\/uploads\/2014\/10\/cristina23.jpg?resize=560%2C280\" alt=\"cristina23\" width=\"560\" height=\"280\" srcset=\"https:\/\/i0.wp.com\/www.24baires.com\/wp-content\/uploads\/2014\/10\/cristina23.jpg?w=560&amp;ssl=1 560w, https:\/\/i0.wp.com\/www.24baires.com\/wp-content\/uploads\/2014\/10\/cristina23.jpg?resize=300%2C150&amp;ssl=1 300w\" sizes=\"auto, (max-width: 560px) 100vw, 560px\" \/>\u00abSectores concentrados de la econom\u00eda quieren voltear al Gobierno con ayuda extranjera\u201d. As\u00ed, cortita y al pie. Estaba aguda, afilad\u00edsima. Dispar\u00f3 con munici\u00f3n pesada: \u201cSi me pasa algo, en serio lo digo, no miren hacia Oriente, miren hacia el norte\u201d, as\u00ed hizo menci\u00f3n a Estados Unidos en su \u00faltimo discurso nuestra presidenta, Cristina Fern\u00e1ndez de Kirchner. Adem\u00e1s dijo que era un desprop\u00f3sito que el Juez Griesa declarara a nuestro pa\u00eds en desacato: \u201cNunca se ha llegado tan lejos: es un disparate y siguen agreg\u00e1ndose disparates\u201d. Ese fue el tono del discurso ofrecido ayer en el Sal\u00f3n de las Mujeres, en la Casa Rosada, donde adem\u00e1s realiz\u00f3 anuncios, como el segundo pago del vencimiento de la deuda y la creaci\u00f3n de la Secretar\u00eda de H\u00e1bitat, que es sin dudas un muy acertado paso en el camino de la inclusi\u00f3n social.<!--more--><\/p>\n<p>Pero volviendo al discurso presidencial, es necesario destacar la vehemencia de la cr\u00edtica de la Jefa de Estado con respecto al \u201cpa\u00eds del norte\u201d. Con frases que deben haber producido descargas el\u00e9ctricas en izquierdistas anti K que odian a los Estados Unidos pero no apoyan al gobierno en esta cruzada anti buitre, Cristina hundi\u00f3 m\u00e1s bandera que hab\u00eda plantado en la ONU hace ya algunos d\u00edas. \u201cSi para eso tienen que arrasar con la soberan\u00eda, con el respeto a las normas internacionales, no tienen ning\u00fan problema, arrasan como arrasan por todo, en todo el mundo\u201d, dijo en referencia al accionar no s\u00f3lo de la justicia norteamericana, sino tambi\u00e9n de su pol\u00edtica exterior. Ya en la Asamblea de la ONU y ante la atenta y poco cari\u00f1osa mirada de Barack Obama, Cristina se hab\u00eda preguntado por qu\u00e9 el vecino norte\u00f1o de M\u00e9xico generaba terroristas, los instru\u00eda y les daba armas para que luchen sus guerras y estos luego se den vuelta y ataquen a sus creadores y al resto del mundo, \u00bfAcaso vamos a creer que Osama Bin Laden sali\u00f3 de un hongo despu\u00e9s de la lluvia?, se preguntaba, con la iron\u00eda a flor de piel.<br \/>\nEsa es la batalla que est\u00e1 dando la Argentina desde hace mucho. Que es la batalla de todos los pa\u00edses en desarrollo, pero que s\u00f3lo una Presidenta se anima a dar. S\u00f3lo una Presidenta se pone de pi\u00e9 frente a las potencias del mundo que siempre tienen lista la bota para pisar a quienes osan desairarlos. S\u00f3lo una Presidenta se niega a estar de rodillas ante los sectores macro econ\u00f3micos que rigen el mundo, los poderosos concentrados que viven de la sangre verde d\u00f3lar de pa\u00edses como el nuestro. Y esa Presidenta es la que gan\u00f3 las \u00faltimas elecciones presidenciales por m\u00e1s del 54% de los votos en Argentina: Cristina. No le tiembla el pulso, no le falla la voz, no necesita apuntes. Sabe.<br \/>\nA un pueblo soberano no se le hacen estas cosas. Y si as\u00ed sucede, no debe tolerarse, vengan de quien vengan. \u00bfPor qu\u00e9 hay que temerle a los Estados Unidos? Ellos, que cuando ven a pa\u00edses peque\u00f1os o en desarrollo (que empiezan a surgir al mercado, que avanzan en inclusi\u00f3n, que achican la brecha entre los que m\u00e1s y menos tienen, que estabilizan econom\u00edas que iban de crisis en crisis), no ven posibles potencias emergentes, sino naranjas para exprimir y hacer jugo. Hasta la \u00faltima gota.<br \/>\nY como est\u00e1 ella, que no le afloja, que no da un paso atr\u00e1s ni para tomar carrera contra los fondos buitre, dentro de nuestro pa\u00eds hay peque\u00f1os buitres, avechuchos con hambre de carro\u00f1a que creen que deben seguir el manual del esclavo al pie de la letra, que elijen vivir de rodillas con la cabeza agachada, casi lista para el hachazo. \u201cNosotros ser\u00edamos m\u00e1s respetuosos de la primera econom\u00eda del mundo\u201d, dijo el diputado del FAUNEN, Hermes Binner, qui\u00e9n est\u00e1 tan alejado del socialismo como sus acciones y palabras demuestran.<br \/>\nBinner debe haber olvidado La Internacional, himno del partido que preside, que reza: \u201cDe pi\u00e9, malditos de la tierra. Alzad, esclavos del dolor\u201d, por eso votar\u00eda por Capriles, por eso gusta acunarse en el brazo invisible del Mercado, por eso besa pies yanquis. Pero la que gan\u00f3 las elecciones, fortuna grande la nuestra aunque muchos as\u00ed no lo vean, es Cristina, que cuanto m\u00e1s atacan la soberan\u00eda argentina, m\u00e1s firme se planta. Y as\u00ed est\u00e1 ella, desacatada y de pie. Y as\u00ed est\u00e1 Binner, obediente y de rodillas.<\/p>\n","protected":false},"excerpt":{"rendered":"<p>\u00abSectores concentrados de la econom\u00eda quieren voltear al Gobierno con ayuda extranjera\u201d. As\u00ed, cortita y al pie. Estaba aguda, afilad\u00edsima. Dispar\u00f3 con munici\u00f3n pesada: \u201cSi me pasa algo, en serio lo digo, no miren hacia Oriente, miren hacia el norte\u201d, as\u00ed hizo menci\u00f3n a Estados Unidos en su \u00faltimo discurso nuestra presidenta, Cristina Fern\u00e1ndez de Kirchner. Adem\u00e1s dijo que era [&#8230;]<\/p>\n","protected":false},"author":4,"featured_media":0,"comment_status":"open","ping_status":"open","sticky":false,"template":"","format":"standard","meta":{"_jetpack_newsletter_access":"","_jetpack_dont_email_post_to_subs":false,"_jetpack_newsletter_tier_id":0,"_jetpack_memberships_contains_paywalled_content":false,"_jetpack_memberships_contains_paid_content":false,"footnotes":""},"categories":[64],"tags":[],"class_list":["post-54634","post","type-post","status-publish","format-standard","hentry","category-opinion"],"jetpack_featured_media_url":"","jetpack_shortlink":"https:\/\/wp.me\/p2JWE0-edc","jetpack-related-posts":[{"id":54554,"url":"https:\/\/www.24baires.com\/?p=54554","url_meta":{"origin":54634,"position":0},"title":"\u00abSi me pasa algo, que nadie mire hacia Oriente, miren hacia el Norte\u00bb","author":"Grupo Sierra","date":"30\/09\/2014","format":false,"excerpt":"La Presidenta, Cristina Fern\u00e1ndez de Kirchner, se refiri\u00f3 as\u00ed a las supuestas amenazas por parte del grupo Isis, publicadas por algunos medios. \"Que no nos vuelvan a armar la novela\", advirti\u00f3. Luego de una jornada importante con respecto a la econom\u00eda, su discurso no pod\u00eda dejar de lado el pago\u2026","rel":"","context":"En \u00abGeneral\u00bb","block_context":{"text":"General","link":"https:\/\/www.24baires.com\/?cat=67"},"img":{"alt_text":"cristina","src":"https:\/\/i0.wp.com\/www.24baires.com\/wp-content\/uploads\/2014\/09\/cristina3.jpg?resize=350%2C200","width":350,"height":200,"srcset":"https:\/\/i0.wp.com\/www.24baires.com\/wp-content\/uploads\/2014\/09\/cristina3.jpg?resize=350%2C200 1x, https:\/\/i0.wp.com\/www.24baires.com\/wp-content\/uploads\/2014\/09\/cristina3.jpg?resize=525%2C300 1.5x"},"classes":[]},{"id":54491,"url":"https:\/\/www.24baires.com\/?p=54491","url_meta":{"origin":54634,"position":1},"title":"Desde Canciller\u00eda consideraron que la decisi\u00f3n de Griesa \u00abviola el derecho internacional\u00bb","author":"GB","date":"29\/09\/2014","format":false,"excerpt":"El Ministerio de Relaciones Exteriores advirti\u00f3 sobre la postura del juez neoyorquino de declarar a Argentina en desacato y volvi\u00f3 a solicitar al gobierno de Estados Unidos que acepte la jurisdicci\u00f3n del Tribunal Internacional de La Haya para dirimir esta controversia. El Ministerio de Relaciones Exteriores advirti\u00f3 que la decisi\u00f3n\u2026","rel":"","context":"En \u00abPol\u00edtica\u00bb","block_context":{"text":"Pol\u00edtica","link":"https:\/\/www.24baires.com\/?cat=51"},"img":{"alt_text":"timerman","src":"https:\/\/i0.wp.com\/www.24baires.com\/wp-content\/uploads\/2014\/08\/timerman.jpg?resize=350%2C200","width":350,"height":200,"srcset":"https:\/\/i0.wp.com\/www.24baires.com\/wp-content\/uploads\/2014\/08\/timerman.jpg?resize=350%2C200 1x, https:\/\/i0.wp.com\/www.24baires.com\/wp-content\/uploads\/2014\/08\/timerman.jpg?resize=525%2C300 1.5x"},"classes":[]},{"id":87200,"url":"https:\/\/www.24baires.com\/?p=87200","url_meta":{"origin":54634,"position":2},"title":"\u201cEs un disparate que no haya detenidos\u201d por la agresi\u00f3n a Macri, dijo Vidal","author":"GB","date":"05\/09\/2016","format":false,"excerpt":"\u201cHay una impunidad instalada\u201d, dijo la gobernadora sobre el ataque al auto del Presidente durante un acto en Mar del Plata La gobernadora bonaerense, Mar\u00eda Eugenia Vidal, calific\u00f3 hoy como \u201cun disparate\u201d que \u201cno haya nadie detenido\u201d por el ataque a pedradas contra el auto en el que se desplazaba\u2026","rel":"","context":"En \u00abProvincia\u00bb","block_context":{"text":"Provincia","link":"https:\/\/www.24baires.com\/?cat=40"},"img":{"alt_text":"vidal","src":"https:\/\/i0.wp.com\/www.24baires.com\/wp-content\/uploads\/2016\/08\/vidal.jpg?resize=350%2C200","width":350,"height":200,"srcset":"https:\/\/i0.wp.com\/www.24baires.com\/wp-content\/uploads\/2016\/08\/vidal.jpg?resize=350%2C200 1x, https:\/\/i0.wp.com\/www.24baires.com\/wp-content\/uploads\/2016\/08\/vidal.jpg?resize=525%2C300 1.5x"},"classes":[]},{"id":101503,"url":"https:\/\/www.24baires.com\/?p=101503","url_meta":{"origin":54634,"position":3},"title":"Que florezcan mil Lulas","author":"AF","date":"09\/04\/2018","format":false,"excerpt":"No les gusta cuando un pobre se declara en desacato contra la miseria. No soportan cuando un pobre no se arrodilla, aunque la bota pese como monta\u00f1as sobre sus hombros. Detestan que los pobres se organicen. Cuando un pobre empieza a hablar de derechos, reclama y pide justicia, lo castigan.\u2026","rel":"","context":"En \u00abOpini\u00f3n\u00bb","block_context":{"text":"Opini\u00f3n","link":"https:\/\/www.24baires.com\/?cat=64"},"img":{"alt_text":"","src":"https:\/\/i0.wp.com\/www.24baires.com\/wp-content\/uploads\/2018\/04\/lula-3.jpg?resize=350%2C200","width":350,"height":200,"srcset":"https:\/\/i0.wp.com\/www.24baires.com\/wp-content\/uploads\/2018\/04\/lula-3.jpg?resize=350%2C200 1x, https:\/\/i0.wp.com\/www.24baires.com\/wp-content\/uploads\/2018\/04\/lula-3.jpg?resize=525%2C300 1.5x"},"classes":[]},{"id":116138,"url":"https:\/\/www.24baires.com\/?p=116138","url_meta":{"origin":54634,"position":4},"title":"\u00abLa Argentina se est\u00e1 poniendo de pie, vamos a superar la pandemia y el pasado\u00bb","author":"AF","date":"03\/09\/2020","format":false,"excerpt":"El Presidente particip\u00f3 del lanzamiento del nuevo Peugeot 208 y la nueva plataforma global multienerg\u00e9tica en la planta automotriz, en la localidad boanerense de El Palomar. El presidente Alberto Fern\u00e1ndez asegur\u00f3 que \"nadie nos va a derrumbar el \u00e1nimo\", sostuvo que el pa\u00eds \"se est\u00e1 poniendo de pie\", y asever\u00f3\u2026","rel":"","context":"En \u00abSociedad\u00bb","block_context":{"text":"Sociedad","link":"https:\/\/www.24baires.com\/?cat=1"},"img":{"alt_text":"","src":"https:\/\/i0.wp.com\/www.24baires.com\/wp-content\/uploads\/2020\/09\/fern%C3%A1ndez-Peugeot.jpg?resize=350%2C200","width":350,"height":200,"srcset":"https:\/\/i0.wp.com\/www.24baires.com\/wp-content\/uploads\/2020\/09\/fern%C3%A1ndez-Peugeot.jpg?resize=350%2C200 1x, https:\/\/i0.wp.com\/www.24baires.com\/wp-content\/uploads\/2020\/09\/fern%C3%A1ndez-Peugeot.jpg?resize=525%2C300 1.5x"},"classes":[]},{"id":62337,"url":"https:\/\/www.24baires.com\/?p=62337","url_meta":{"origin":54634,"position":5},"title":"\u00abSiempre dijimos que la denuncia de Nisman era un disparate y hoy lo confirm\u00f3 un juez\u00bb","author":"GB","date":"26\/02\/2015","format":false,"excerpt":"As\u00ed se refiri\u00f3 el ministro del Interior y Transporte de la Naci\u00f3n a la resoluci\u00f3n del juez federal Daniel Rafecas, por la cual desestima la denuncia presentada el 14 de enero por el fiscal Alberto Nisman contra la Presidenta. El ministro del Interior y Transporte de la Naci\u00f3n, Florencio Randazzo,\u2026","rel":"","context":"En \u00abPol\u00edtica\u00bb","block_context":{"text":"Pol\u00edtica","link":"https:\/\/www.24baires.com\/?cat=51"},"img":{"alt_text":"randazzo","src":"https:\/\/i0.wp.com\/www.24baires.com\/wp-content\/uploads\/2013\/01\/randazzo.jpg?resize=350%2C200","width":350,"height":200},"classes":[]}],"jetpack_sharing_enabled":true,"jetpack_likes_enabled":true,"_links":{"self":[{"href":"https:\/\/www.24baires.com\/index.php?rest_route=\/wp\/v2\/posts\/54634","targetHints":{"allow":["GET"]}}],"collection":[{"href":"https:\/\/www.24baires.com\/index.php?rest_route=\/wp\/v2\/posts"}],"about":[{"href":"https:\/\/www.24baires.com\/index.php?rest_route=\/wp\/v2\/types\/post"}],"author":[{"embeddable":true,"href":"https:\/\/www.24baires.com\/index.php?rest_route=\/wp\/v2\/users\/4"}],"replies":[{"embeddable":true,"href":"https:\/\/www.24baires.com\/index.php?rest_route=%2Fwp%2Fv2%2Fcomments&post=54634"}],"version-history":[{"count":2,"href":"https:\/\/www.24baires.com\/index.php?rest_route=\/wp\/v2\/posts\/54634\/revisions"}],"predecessor-version":[{"id":54637,"href":"https:\/\/www.24baires.com\/index.php?rest_route=\/wp\/v2\/posts\/54634\/revisions\/54637"}],"wp:attachment":[{"href":"https:\/\/www.24baires.com\/index.php?rest_route=%2Fwp%2Fv2%2Fmedia&parent=54634"}],"wp:term":[{"taxonomy":"category","embeddable":true,"href":"https:\/\/www.24baires.com\/index.php?rest_route=%2Fwp%2Fv2%2Fcategories&post=54634"},{"taxonomy":"post_tag","embeddable":true,"href":"https:\/\/www.24baires.com\/index.php?rest_route=%2Fwp%2Fv2%2Ftags&post=54634"}],"curies":[{"name":"wp","href":"https:\/\/api.w.org\/{rel}","templated":true}]}}