{"id":5462,"date":"2012-11-14T20:47:53","date_gmt":"2012-11-14T23:47:53","guid":{"rendered":"http:\/\/www.24baires.com\/?p=5462"},"modified":"2012-11-14T21:14:30","modified_gmt":"2012-11-15T00:14:30","slug":"la-camara-baja-sanciono-el-proyecto-original-para-penalizar-el-femicidio","status":"publish","type":"post","link":"https:\/\/www.24baires.com\/?p=5462","title":{"rendered":"La C\u00e1mara baja sancion\u00f3 el proyecto original para penalizar el femicidio"},"content":{"rendered":"<p>Diputados convirti\u00f3 en ley, por unanimidad, el texto all\u00ed aprobado en abril, que hab\u00eda sido modificado en el Senado. El texto aprobado agrava las penas por el asesinato \u201ca una mujer cuando el hecho sea perpetrado por un hombre y mediare violencia de g\u00e9nero\u201d.<!--more--><\/p>\n<p>De manera un\u00e1nime, la C\u00e1mara de Diputados sancion\u00f3, con su redacci\u00f3n original, el proyecto venido del Senado que agrava las penas por casos de femicidio o asesinatos cometidos por violencia de g\u00e9nero.<\/p>\n<p>Se trata del mismo proyecto aprobado por este cuerpo en abril, pero que los senadores hab\u00edan modificado al dedicarle al delito un art\u00edculo particular en el C\u00f3digo Penal \u2013el 80 bis-, cuando la C\u00e1mara baja propon\u00eda incorporarlo como agravante.<\/p>\n<p>Ante la opci\u00f3n de tomar partida por una de las versiones, en la C\u00e1mara de origen acordaron insistir y sancionar el primer texto, para lo cual necesitaban el voto favorable de los dos tercios de los presentes.<\/p>\n<p>As\u00ed, se buscan agravar las penas por homicidios cometidos por \u201codio de g\u00e9nero o a la orientaci\u00f3n sexual, identidad de g\u00e9nero o su expresi\u00f3n\u201d, ya que hasta el momento s\u00f3lo se contemplan los delitos \u201cpor placer, codicia, odio racial o religioso\u201d. Frente a estos casos, se impondr\u00e1 reclusi\u00f3n o prisi\u00f3n perpetua.<\/p>\n<p>En lo que hace al femicidio, el proyecto de Diputados crea el inciso 11 del art\u00edculo 80, para agravar las penas por el asesinato \u201ca una mujer cuando el hecho sea perpetrado por un hombre y mediare violencia de g\u00e9nero\u201d.<\/p>\n<p>Asimismo, se contempla -adem\u00e1s del c\u00f3nyuge- el delito contra el \u201cex c\u00f3nyuge, o a la persona con quien mantiene o ha mantenido una relaci\u00f3n de pareja, mediare o no convivencia\u201d, con el prop\u00f3sito de equiparar a quienes han formalizado el v\u00ednculo con aquellos que no lo han formalizado. Esta modificaci\u00f3n va en l\u00ednea con la reforma del C\u00f3digo Civil, en el sentido de contemplar nuevas formas de familia.<\/p>\n<p>Por otra parte, se reforzar\u00e1n las penas para los casos de \u201chomicidio vinculado\u201d; esto es, el homicidio de otra persona con el fin de causar sufrimiento a una persona con la que ha mantenido o mantiene una relaci\u00f3n afectiva.<\/p>\n<p>El proyecto establece que, cuando en los casos de relaciones de pareja \u201cmediaren circunstancias extraordinarias de atenuaci\u00f3n, el juez podr\u00e1 aplicar prisi\u00f3n o reclusi\u00f3n de 8 a 25 a\u00f1os\u201d, lo que \u201cno ser\u00e1 aplicable a quien anteriormente hubiera realizado actos de violencia contra la mujer v\u00edctima\u201d.<\/p>\n","protected":false},"excerpt":{"rendered":"<p>Diputados convirti\u00f3 en ley, por unanimidad, el texto all\u00ed aprobado en abril, que hab\u00eda sido modificado en el Senado. El texto aprobado agrava las penas por el asesinato \u201ca una mujer cuando el hecho sea perpetrado por un hombre y mediare violencia de g\u00e9nero\u201d.<\/p>\n","protected":false},"author":4,"featured_media":0,"comment_status":"open","ping_status":"open","sticky":false,"template":"","format":"standard","meta":{"_jetpack_newsletter_access":"","_jetpack_dont_email_post_to_subs":false,"_jetpack_newsletter_tier_id":0,"_jetpack_memberships_contains_paywalled_content":false,"_jetpack_memberships_contains_paid_content":false,"footnotes":""},"categories":[1],"tags":[],"class_list":["post-5462","post","type-post","status-publish","format-standard","hentry","category-sociedad"],"jetpack_featured_media_url":"","jetpack_shortlink":"https:\/\/wp.me\/p2JWE0-1q6","jetpack-related-posts":[{"id":5066,"url":"https:\/\/www.24baires.com\/?p=5066","url_meta":{"origin":5462,"position":0},"title":"Con penas m\u00e1s altas, Diputados ratificar\u00eda el proyecto original sobre femicidio","author":"AF","date":"11\/11\/2012","format":false,"excerpt":"Necesita los dos tercios de los votos para mantener el texto aprobado en su momento en ese cuerpo, que fue modificado en el Senado. Habr\u00eda consenso para obtenerlo. La C\u00e1mara baja discutir\u00e1 este mi\u00e9rcoles el proyecto sobre \u201cper saltum\u201d, pero si as\u00ed se acuerda en Labor Parlamentaria, tambi\u00e9n podr\u00eda incluir\u2026","rel":"","context":"En \u00abSociedad\u00bb","block_context":{"text":"Sociedad","link":"https:\/\/www.24baires.com\/?cat=1"},"img":{"alt_text":"","src":"","width":0,"height":0},"classes":[]},{"id":10860,"url":"https:\/\/www.24baires.com\/?p=10860","url_meta":{"origin":5462,"position":1},"title":"El a\u00f1o legislativo, mes a mes","author":"AF","date":"30\/12\/2012","format":false,"excerpt":"De marzo a diciembre, ambas C\u00e1maras del Congreso Nacional aprobaron y sancionaron m\u00faltiples proyectos de ley, resoluci\u00f3n y declaraci\u00f3n. En un repaso mes a mes, el recorrido de los acontecimientos que marcaron el a\u00f1o legislativo. Marzo Apertura per\u00edodo ordinario 130\u00ba. La presidenta Cristina Fern\u00e1ndez inaugur\u00f3 por quinta vez consecutiva el\u2026","rel":"","context":"En \u00abSociedad\u00bb","block_context":{"text":"Sociedad","link":"https:\/\/www.24baires.com\/?cat=1"},"img":{"alt_text":"","src":"","width":0,"height":0},"classes":[]},{"id":106002,"url":"https:\/\/www.24baires.com\/?p=106002","url_meta":{"origin":5462,"position":2},"title":"Diputados dio media sanci\u00f3n a la \u201cLey Micaela\u201d contra la violencia de g\u00e9nero","author":"GB","date":"19\/12\/2018","format":false,"excerpt":"La iniciativa tuvo luz verde en la C\u00e1mara baja con 171 votos a favor y uno en contra del diputado Alfredo Olmedo. El proyecto plantea la capacitaci\u00f3n obligatoria en tem\u00e1tica de g\u00e9nero para todos los funcionarios p\u00fablicos de los tres poderes del Estado. La C\u00e1mara de Diputados dio media sanci\u00f3n\u2026","rel":"","context":"En \u00abPol\u00edtica\u00bb","block_context":{"text":"Pol\u00edtica","link":"https:\/\/www.24baires.com\/?cat=51"},"img":{"alt_text":"","src":"https:\/\/i0.wp.com\/www.24baires.com\/wp-content\/uploads\/2017\/04\/micaela-garc%C3%ADa.jpg?resize=350%2C200","width":350,"height":200,"srcset":"https:\/\/i0.wp.com\/www.24baires.com\/wp-content\/uploads\/2017\/04\/micaela-garc%C3%ADa.jpg?resize=350%2C200 1x, https:\/\/i0.wp.com\/www.24baires.com\/wp-content\/uploads\/2017\/04\/micaela-garc%C3%ADa.jpg?resize=525%2C300 1.5x"},"classes":[]},{"id":94111,"url":"https:\/\/www.24baires.com\/?p=94111","url_meta":{"origin":5462,"position":3},"title":"Diputados busca aprobar ley que restringe la patria potestad a femicidas","author":"AF","date":"26\/04\/2017","format":false,"excerpt":"El proyecto, que busca la privaci\u00f3n autom\u00e1tica de la responsabilidad parental a los femicidas, ya ten\u00eda la media sanci\u00f3n del Senado. La C\u00e1mara de Diputados se re\u00fane este mi\u00e9rcoles en sesi\u00f3n especial con la intenci\u00f3n de aprobar un proyecto de ley de privaci\u00f3n de la responsabilidad parental para femicidas. Adem\u00e1s,\u2026","rel":"","context":"En \u00abSociedad\u00bb","block_context":{"text":"Sociedad","link":"https:\/\/www.24baires.com\/?cat=1"},"img":{"alt_text":"","src":"https:\/\/i0.wp.com\/www.24baires.com\/wp-content\/uploads\/2016\/06\/ni-una-menos2.jpg?resize=350%2C200","width":350,"height":200,"srcset":"https:\/\/i0.wp.com\/www.24baires.com\/wp-content\/uploads\/2016\/06\/ni-una-menos2.jpg?resize=350%2C200 1x, https:\/\/i0.wp.com\/www.24baires.com\/wp-content\/uploads\/2016\/06\/ni-una-menos2.jpg?resize=525%2C300 1.5x"},"classes":[]},{"id":987,"url":"https:\/\/www.24baires.com\/?p=987","url_meta":{"origin":5462,"position":4},"title":"La Ministra \u00c1lvarez Rodr\u00edguez aplaudi\u00f3 las modificaciones contra la violencia de g\u00e9nero del C\u00f3digo Penal","author":"Grupo Sierra","date":"04\/10\/2012","format":false,"excerpt":"La ministra de Gobierno bonaerense, Cristina Alvarez Rodr\u00edguez, celebr\u00f3 desde Balcarce que el Senado de la Naci\u00f3n haya aprobado una ley que modifica el C\u00f3digo Penal e impone penas de reclusi\u00f3n perpetua a los hombres que asesinen a mujeres o a personas que se consideran a s\u00ed mismas con identidad\u2026","rel":"","context":"En \u00abSociedad\u00bb","block_context":{"text":"Sociedad","link":"https:\/\/www.24baires.com\/?cat=1"},"img":{"alt_text":"","src":"https:\/\/i0.wp.com\/www.24baires.com\/wp-content\/uploads\/2012\/10\/alvarez-rodriguez-cristina.jpg?resize=350%2C200","width":350,"height":200,"srcset":"https:\/\/i0.wp.com\/www.24baires.com\/wp-content\/uploads\/2012\/10\/alvarez-rodriguez-cristina.jpg?resize=350%2C200 1x, https:\/\/i0.wp.com\/www.24baires.com\/wp-content\/uploads\/2012\/10\/alvarez-rodriguez-cristina.jpg?resize=525%2C300 1.5x"},"classes":[]},{"id":116717,"url":"https:\/\/www.24baires.com\/?p=116717","url_meta":{"origin":5462,"position":5},"title":"Diputados aprob\u00f3 el Presupuesto 2021 y lo convirti\u00f3 en ley","author":"AF","date":"17\/11\/2020","format":false,"excerpt":"El plan de gastos y recursos del Estado para el pr\u00f3ximo a\u00f1o fue sancionado por 139 votos, pero hubo 83 abstenciones. La C\u00e1mara de Diputados convirti\u00f3 en ley el proyecto de Presupuesto 2021 durante la sesi\u00f3n de este martes con 139 votos a favor, 20 en contra y 83 abstenciones.\u2026","rel":"","context":"En \u00abSociedad\u00bb","block_context":{"text":"Sociedad","link":"https:\/\/www.24baires.com\/?cat=1"},"img":{"alt_text":"","src":"https:\/\/i0.wp.com\/www.24baires.com\/wp-content\/uploads\/2020\/08\/congreso.jpg?resize=350%2C200","width":350,"height":200,"srcset":"https:\/\/i0.wp.com\/www.24baires.com\/wp-content\/uploads\/2020\/08\/congreso.jpg?resize=350%2C200 1x, https:\/\/i0.wp.com\/www.24baires.com\/wp-content\/uploads\/2020\/08\/congreso.jpg?resize=525%2C300 1.5x"},"classes":[]}],"jetpack_sharing_enabled":true,"jetpack_likes_enabled":true,"_links":{"self":[{"href":"https:\/\/www.24baires.com\/index.php?rest_route=\/wp\/v2\/posts\/5462","targetHints":{"allow":["GET"]}}],"collection":[{"href":"https:\/\/www.24baires.com\/index.php?rest_route=\/wp\/v2\/posts"}],"about":[{"href":"https:\/\/www.24baires.com\/index.php?rest_route=\/wp\/v2\/types\/post"}],"author":[{"embeddable":true,"href":"https:\/\/www.24baires.com\/index.php?rest_route=\/wp\/v2\/users\/4"}],"replies":[{"embeddable":true,"href":"https:\/\/www.24baires.com\/index.php?rest_route=%2Fwp%2Fv2%2Fcomments&post=5462"}],"version-history":[{"count":3,"href":"https:\/\/www.24baires.com\/index.php?rest_route=\/wp\/v2\/posts\/5462\/revisions"}],"predecessor-version":[{"id":5474,"href":"https:\/\/www.24baires.com\/index.php?rest_route=\/wp\/v2\/posts\/5462\/revisions\/5474"}],"wp:attachment":[{"href":"https:\/\/www.24baires.com\/index.php?rest_route=%2Fwp%2Fv2%2Fmedia&parent=5462"}],"wp:term":[{"taxonomy":"category","embeddable":true,"href":"https:\/\/www.24baires.com\/index.php?rest_route=%2Fwp%2Fv2%2Fcategories&post=5462"},{"taxonomy":"post_tag","embeddable":true,"href":"https:\/\/www.24baires.com\/index.php?rest_route=%2Fwp%2Fv2%2Ftags&post=5462"}],"curies":[{"name":"wp","href":"https:\/\/api.w.org\/{rel}","templated":true}]}}