{"id":5460,"date":"2012-11-15T10:20:22","date_gmt":"2012-11-15T13:20:22","guid":{"rendered":"http:\/\/www.24baires.com\/?p=5460"},"modified":"2012-11-15T01:27:17","modified_gmt":"2012-11-15T04:27:17","slug":"los-campos-inundados-no-deberan-pagar-la-cuota-extra-del-inmobiliario-rural","status":"publish","type":"post","link":"https:\/\/www.24baires.com\/?p=5460","title":{"rendered":"Los campos inundados no deber\u00e1n pagar la cuota extra del inmobiliario rural"},"content":{"rendered":"<p>\u00abMientras miles de hect\u00e1reas de la provincia permanecen inundadas total o parcialmente, el Estado Provincial, en vez de asistirnos y ayudar a salir de esta penosa situaci\u00f3n, nos pretende cobrar una cuota extra\u00bb, dijo el presidente del Bloque Proyecto Bonaerense y director de la Federaci\u00f3n Agraria, Jorge Solmi, quien explic\u00f3 que los productores afectados por las inundaciones no tendr\u00e1n que pagar la cuota extra del Inmobiliario Rural o en su defecto tendr\u00e1n una  pr\u00f3rroga en el vencimiento, que se cumple este mes.<!--more--><\/p>\n<p>\u00abNo puede ser que tenemos que pensar en esto cuando hay miles de hect\u00e1reas inundadas y la situaci\u00f3n de cientos de chacareros es muy triste\u00bb dijo Solmi.<\/p>\n<p>\u00abPara no recaer en mora o en tr\u00e1mites innecesarios, aquellos productores que se encuentren en los distritos afectados deber\u00e1n presentarse en ARBA v con la constancia  que le entreg\u00f3 el Municipio de su tr\u00e1mite individual de solicitud de Emergencia o Desastre para que se le  efect\u00fae  la pr\u00f3rroga o exenci\u00f3n, seg\u00fan corresponda\u00bb, record\u00f3 tambi\u00e9n el diputado bonaerense.<\/p>\n<p>Dicha constancia consta de un n\u00famero de solicitud Individual que el Ministerio de Asuntos Agrarios carga en un sistema inform\u00e1tico que  luego tomar\u00e1 ARBA para  aplicar   los criterios que indica la Ley de Emergencia Agropecuaria  de manera autom\u00e1tica a cada parcela, se explic\u00f3.<\/p>\n<p>\u00abLas inundaciones padecidas en los \u00faltimos meses condujeron a que gran cantidad de productores soliciten que se declaren sus chacras en Estado de Emergencia o Desastre, seg\u00fan corresponda, mediante un tr\u00e1mite personal que comienza en el Distrito respectivo que haya sido declarado total o parcialmente en emergencia\u00bb advirti\u00f3 el presidente del bloque Proyecto Bonaerense, Jorge Solmi.<\/p>\n<p>En ese marco, se inform\u00f3 que aquellos productores que desconozcan su Numero de Tramite Individual podr\u00e1n comunicarse a la Oficina de Emergencia Agropecuaria del Ministerio de Asuntos Agrarios telefonos   (0221) 429 5353 o  429 5457 para obtenerlo. All\u00ed tambi\u00e9n podr\u00e1n corroborar que su parcela est\u00e9 efectivamente, incluida en la Declaraci\u00f3n de Emergencia y\/o Desastre.<\/p>\n<p>Recordemos que la semana pasada y a instancia del diputado Solmi, la C\u00e1mara de Diputados Bonaerense le exigi\u00f3 al gobierno de Scioli la cantidad oficial de hect\u00e1reas inundadas, qui\u00e9nes son los sujetos implicados y c\u00f3mo se implementaran las medidas de asistencia para atenuar las consecuencias del exceso de agua en campos y chacras, entre otros pedidos que ahora debe responder el Poder Ejecutivo<\/p>\n","protected":false},"excerpt":{"rendered":"<p>\u00abMientras miles de hect\u00e1reas de la provincia permanecen inundadas total o parcialmente, el Estado Provincial, en vez de asistirnos y ayudar a salir de esta penosa situaci\u00f3n, nos pretende cobrar una cuota extra\u00bb, dijo el presidente del Bloque Proyecto Bonaerense y director de la Federaci\u00f3n Agraria, Jorge Solmi, quien explic\u00f3 que los productores afectados por las inundaciones no tendr\u00e1n que [&#8230;]<\/p>\n","protected":false},"author":4,"featured_media":0,"comment_status":"open","ping_status":"open","sticky":false,"template":"","format":"standard","meta":{"_jetpack_newsletter_access":"","_jetpack_dont_email_post_to_subs":false,"_jetpack_newsletter_tier_id":0,"_jetpack_memberships_contains_paywalled_content":false,"_jetpack_memberships_contains_paid_content":false,"footnotes":""},"categories":[45],"tags":[],"class_list":["post-5460","post","type-post","status-publish","format-standard","hentry","category-economia"],"jetpack_featured_media_url":"","jetpack_shortlink":"https:\/\/wp.me\/p2JWE0-1q4","jetpack-related-posts":[{"id":55235,"url":"https:\/\/www.24baires.com\/?p=55235","url_meta":{"origin":5460,"position":0},"title":"Tractorazo en 9 de Julio contra el Gobierno Bonaerense","author":"Grupo Sierra","date":"11\/10\/2014","format":false,"excerpt":"Dirigentes y productores agropecuarios realizaron ayer la primera protesta del sector desde que el Ejecutivo provincial blanque\u00f3 su intenci\u00f3n de aumentar 30 por ciento el Impuesto Inmobiliario Rural. Unos 200 productores se concentraron desde las 14 horas a la vera de la ruta 65, en el acceso a la localidad\u2026","rel":"","context":"En \u00abLocales\u00bb","block_context":{"text":"Locales","link":"https:\/\/www.24baires.com\/?cat=38"},"img":{"alt_text":"federaci\u00f3n agragria corte campo protesta tractor","src":"https:\/\/i0.wp.com\/www.24baires.com\/wp-content\/uploads\/2014\/10\/federaci%C3%B3n-agragria-corte-campo-protesta-tractor.jpg?resize=350%2C200","width":350,"height":200,"srcset":"https:\/\/i0.wp.com\/www.24baires.com\/wp-content\/uploads\/2014\/10\/federaci%C3%B3n-agragria-corte-campo-protesta-tractor.jpg?resize=350%2C200 1x, https:\/\/i0.wp.com\/www.24baires.com\/wp-content\/uploads\/2014\/10\/federaci%C3%B3n-agragria-corte-campo-protesta-tractor.jpg?resize=525%2C300 1.5x"},"classes":[]},{"id":94538,"url":"https:\/\/www.24baires.com\/?p=94538","url_meta":{"origin":5460,"position":1},"title":"Productores inundados pedir\u00e1n beneficios impositivos","author":"AF","date":"16\/05\/2017","format":false,"excerpt":"La postergaci\u00f3n de vencimientos nacionales y la suspensi\u00f3n del reval\u00fao de la Agencia de Recaudaci\u00f3n de la provincia de Buenos Aires (ARBA), as\u00ed como la puesta en marcha de comisiones locales para la evaluaci\u00f3n de los da\u00f1os por las inundaciones, son algunas de las medidas que acordaron reclamar ante la\u2026","rel":"","context":"En \u00abProvincia\u00bb","block_context":{"text":"Provincia","link":"https:\/\/www.24baires.com\/?cat=40"},"img":{"alt_text":"","src":"https:\/\/i0.wp.com\/www.24baires.com\/wp-content\/uploads\/2017\/04\/villegas-inunda.png?resize=350%2C200","width":350,"height":200,"srcset":"https:\/\/i0.wp.com\/www.24baires.com\/wp-content\/uploads\/2017\/04\/villegas-inunda.png?resize=350%2C200 1x, https:\/\/i0.wp.com\/www.24baires.com\/wp-content\/uploads\/2017\/04\/villegas-inunda.png?resize=525%2C300 1.5x"},"classes":[]},{"id":91740,"url":"https:\/\/www.24baires.com\/?p=91740","url_meta":{"origin":5460,"position":2},"title":"Provincia anunci\u00f3 beneficios impositivos para damnificados por incendios e inundaciones","author":"GB","date":"19\/01\/2017","format":false,"excerpt":"Dict\u00f3 una pr\u00f3rroga en el vencimiento del Impuesto Inmobiliario y suspendi\u00f3 ejecuciones judiciales. Lacunza dijo que es para \"aliviar la situaci\u00f3n de los afectados en un momento muy dif\u00edcil\". El Gobierno bonaerense anunci\u00f3 hoy que brindar\u00e1 una serie de beneficios y facilidades a los afectados por las inundaciones y los\u2026","rel":"","context":"En \u00abProvincia\u00bb","block_context":{"text":"Provincia","link":"https:\/\/www.24baires.com\/?cat=40"},"img":{"alt_text":"","src":"https:\/\/i0.wp.com\/www.24baires.com\/wp-content\/uploads\/2017\/01\/inundaciones.jpg?resize=350%2C200","width":350,"height":200,"srcset":"https:\/\/i0.wp.com\/www.24baires.com\/wp-content\/uploads\/2017\/01\/inundaciones.jpg?resize=350%2C200 1x, https:\/\/i0.wp.com\/www.24baires.com\/wp-content\/uploads\/2017\/01\/inundaciones.jpg?resize=525%2C300 1.5x"},"classes":[]},{"id":46887,"url":"https:\/\/www.24baires.com\/?p=46887","url_meta":{"origin":5460,"position":3},"title":"Graves p\u00e9rdidas en los campos por las inundaciones en la cuenca del R\u00edo Arrecifes","author":"AF","date":"28\/05\/2014","format":false,"excerpt":"El Presidente del Distrito VII de la Federaci\u00f3n Agraria Argentina (FAA), Jorge Solmi, se refiri\u00f3 a la inundaci\u00f3n provocada por el desborde de la cuenca del R\u00edo Arrecifes y se\u00f1al\u00f3 que \u201chemos tenido cuantiosas p\u00e9rdidas en los campos que se ubican a 100 o 150 metros al costado de los\u2026","rel":"","context":"En \u00abLocales\u00bb","block_context":{"text":"Locales","link":"https:\/\/www.24baires.com\/?cat=38"},"img":{"alt_text":"r\u00edo arrecifes","src":"https:\/\/i0.wp.com\/www.24baires.com\/wp-content\/uploads\/2014\/05\/r%C3%ADo-arrecifes.jpg?resize=350%2C200","width":350,"height":200,"srcset":"https:\/\/i0.wp.com\/www.24baires.com\/wp-content\/uploads\/2014\/05\/r%C3%ADo-arrecifes.jpg?resize=350%2C200 1x, https:\/\/i0.wp.com\/www.24baires.com\/wp-content\/uploads\/2014\/05\/r%C3%ADo-arrecifes.jpg?resize=525%2C300 1.5x"},"classes":[]},{"id":525,"url":"https:\/\/www.24baires.com\/?p=525","url_meta":{"origin":5460,"position":4},"title":"Aseguran que hay m\u00e1s de 450 mil hect\u00e1reas afectadas por las inundaciones","author":"Grupo Sierra","date":"26\/09\/2012","format":false,"excerpt":"El presidente de la Confederaci\u00f3n de Asociaciones Rurales de Buenos Aires y La Pampa, Horacio Salaverri, se\u00f1al\u00f3 que \"hay m\u00e1s de 450 mil hect\u00e1reas afectadas de la cosecha fina\", por las inundaciones en territorio bonaerense. Tambi\u00e9n indic\u00f3 que \"hay m\u00e1s de 300 mil animales que han muerto, y calculamos en\u2026","rel":"","context":"En \u00abEconom\u00eda\u00bb","block_context":{"text":"Econom\u00eda","link":"https:\/\/www.24baires.com\/?cat=45"},"img":{"alt_text":"","src":"","width":0,"height":0},"classes":[]},{"id":8293,"url":"https:\/\/www.24baires.com\/?p=8293","url_meta":{"origin":5460,"position":5},"title":"Cr\u00edtico panorama en el noroeste bonaerense por las inundaciones","author":"Grupo Sierra","date":"07\/12\/2012","format":false,"excerpt":"Las lluvias siguen castigando a varios distritos del interior de la provincia. Productores agropecuarios hablan de p\u00e9rdidas millonarias y se quejan \u201cpor tener que seguir pagando el inmobiliario rural\u201d. En Carlos Tejedor, el 60% del partido est\u00e1 comprometido y en Florentino Ameghino, pese a que el agua est\u00e1 bajando, el\u2026","rel":"","context":"En \u00abLocales\u00bb","block_context":{"text":"Locales","link":"https:\/\/www.24baires.com\/?cat=38"},"img":{"alt_text":"","src":"https:\/\/i0.wp.com\/www.24baires.com\/wp-content\/uploads\/2012\/12\/oeste-bonaerense-inundado-300x225.jpg?resize=350%2C200","width":350,"height":200},"classes":[]}],"jetpack_sharing_enabled":true,"jetpack_likes_enabled":true,"_links":{"self":[{"href":"https:\/\/www.24baires.com\/index.php?rest_route=\/wp\/v2\/posts\/5460","targetHints":{"allow":["GET"]}}],"collection":[{"href":"https:\/\/www.24baires.com\/index.php?rest_route=\/wp\/v2\/posts"}],"about":[{"href":"https:\/\/www.24baires.com\/index.php?rest_route=\/wp\/v2\/types\/post"}],"author":[{"embeddable":true,"href":"https:\/\/www.24baires.com\/index.php?rest_route=\/wp\/v2\/users\/4"}],"replies":[{"embeddable":true,"href":"https:\/\/www.24baires.com\/index.php?rest_route=%2Fwp%2Fv2%2Fcomments&post=5460"}],"version-history":[{"count":3,"href":"https:\/\/www.24baires.com\/index.php?rest_route=\/wp\/v2\/posts\/5460\/revisions"}],"predecessor-version":[{"id":5494,"href":"https:\/\/www.24baires.com\/index.php?rest_route=\/wp\/v2\/posts\/5460\/revisions\/5494"}],"wp:attachment":[{"href":"https:\/\/www.24baires.com\/index.php?rest_route=%2Fwp%2Fv2%2Fmedia&parent=5460"}],"wp:term":[{"taxonomy":"category","embeddable":true,"href":"https:\/\/www.24baires.com\/index.php?rest_route=%2Fwp%2Fv2%2Fcategories&post=5460"},{"taxonomy":"post_tag","embeddable":true,"href":"https:\/\/www.24baires.com\/index.php?rest_route=%2Fwp%2Fv2%2Ftags&post=5460"}],"curies":[{"name":"wp","href":"https:\/\/api.w.org\/{rel}","templated":true}]}}