{"id":5457,"date":"2012-11-15T09:42:35","date_gmt":"2012-11-15T12:42:35","guid":{"rendered":"http:\/\/www.24baires.com\/?p=5457"},"modified":"2012-11-15T01:27:46","modified_gmt":"2012-11-15T04:27:46","slug":"mar-del-plata-habra-un-incremento-de-un-19-en-propiedades-y-20-en-balnearios","status":"publish","type":"post","link":"https:\/\/www.24baires.com\/?p=5457","title":{"rendered":"Mar del Plata: \u201chabr\u00e1 un incremento de un 19% en propiedades y 20% en balnearios\u201d"},"content":{"rendered":"<p><img data-recalc-dims=\"1\" loading=\"lazy\" decoding=\"async\" class=\"alignleft size-medium wp-image-5458\" title=\"playa\" src=\"https:\/\/i0.wp.com\/www.24baires.com\/wp-content\/uploads\/2012\/11\/playa.jpg?resize=300%2C201\" alt=\"\" width=\"300\" height=\"201\" srcset=\"https:\/\/i0.wp.com\/www.24baires.com\/wp-content\/uploads\/2012\/11\/playa.jpg?resize=300%2C201&amp;ssl=1 300w, https:\/\/i0.wp.com\/www.24baires.com\/wp-content\/uploads\/2012\/11\/playa.jpg?w=448&amp;ssl=1 448w\" sizes=\"auto, (max-width: 300px) 100vw, 300px\" \/>La Vicepresidenta del Ente Municipal de Turismo (EMTUR) de Mar del Plata, Valeria M\u00e9ndez, asegur\u00f3 que los precios de la ciudad \u2018feliz\u2019 son \u201ccompetitivos a nivel nacional e internacional\u201d y remarc\u00f3 el beneficio que genera la planificaci\u00f3n de los feriados.<!--more--><\/p>\n<p>La autoridad del ente tur\u00edstico de Mar del Plata, se\u00f1al\u00f3 que el conocimiento del calendario de feriados para el 2013, \u201cpuede ser muy positivo\u201d, y coment\u00f3: \u201cEsta medida tomada por el Gobierno Nacional de poder planificar los feriados durante todo el a\u00f1o es fundamental y sin dudas, uno de los destinos beneficiados es Mar del Plata\u201d.<\/p>\n<p>\u201cAdem\u00e1s, eso nos ayuda a establecer algo que nosotros queremos, como lograr ser un destino durante los 12 meses\u201d, agreg\u00f3.<\/p>\n<p>En ese sentido, indic\u00f3 que \u201cen verano se reciben 4 millones de turistas y en el invierno la cantidad se est\u00e1 incrementando a 4 millones y medio, gracias a los feriados y fines de semana largo durante el a\u00f1o\u201d.<\/p>\n<p>Por \u00faltimo, en relaci\u00f3n a los precios, M\u00e9ndez sostuvo que \u201csiempre las c\u00e1maras participan del directorio del ente de turismo, por lo tanto la razonabilidad en los precios es una de las pol\u00edticas de nuestra gesti\u00f3n y el sector privado se alinea a esa idea\u201d.<\/p>\n","protected":false},"excerpt":{"rendered":"<p>La Vicepresidenta del Ente Municipal de Turismo (EMTUR) de Mar del Plata, Valeria M\u00e9ndez, asegur\u00f3 que los precios de la ciudad \u2018feliz\u2019 son \u201ccompetitivos a nivel nacional e internacional\u201d y remarc\u00f3 el beneficio que genera la planificaci\u00f3n de los feriados.<\/p>\n","protected":false},"author":4,"featured_media":0,"comment_status":"open","ping_status":"open","sticky":false,"template":"","format":"standard","meta":{"_jetpack_newsletter_access":"","_jetpack_dont_email_post_to_subs":false,"_jetpack_newsletter_tier_id":0,"_jetpack_memberships_contains_paywalled_content":false,"_jetpack_memberships_contains_paid_content":false,"footnotes":""},"categories":[38],"tags":[],"class_list":["post-5457","post","type-post","status-publish","format-standard","hentry","category-locales"],"jetpack_featured_media_url":"","jetpack_shortlink":"https:\/\/wp.me\/p2JWE0-1q1","jetpack-related-posts":[{"id":96858,"url":"https:\/\/www.24baires.com\/?p=96858","url_meta":{"origin":5457,"position":0},"title":"Casi 100 mil turistas visitaron Mar del Plata en el fin de semana largo","author":"GB","date":"22\/08\/2017","format":false,"excerpt":"El feriado permiti\u00f3 que en Mar del Plata se alcanzara una ocupaci\u00f3n hotelera global cercano a al 65%, seg\u00fan inform\u00f3 el Ente Municipal de Turismo Si bien el 17 de agosto, d\u00eda del paso a la inmortalidad del General San Martin, fue el jueves; el gobierno nacional marc\u00f3 esa fecha\u2026","rel":"","context":"En \u00abLocales\u00bb","block_context":{"text":"Locales","link":"https:\/\/www.24baires.com\/?cat=38"},"img":{"alt_text":"","src":"https:\/\/i0.wp.com\/www.24baires.com\/wp-content\/uploads\/2014\/07\/mar-del-plata-turismo.jpg?resize=350%2C200","width":350,"height":200,"srcset":"https:\/\/i0.wp.com\/www.24baires.com\/wp-content\/uploads\/2014\/07\/mar-del-plata-turismo.jpg?resize=350%2C200 1x, https:\/\/i0.wp.com\/www.24baires.com\/wp-content\/uploads\/2014\/07\/mar-del-plata-turismo.jpg?resize=525%2C300 1.5x"},"classes":[]},{"id":15158,"url":"https:\/\/www.24baires.com\/?p=15158","url_meta":{"origin":5457,"position":1},"title":"R\u00e9cord de turistas en Mar del Plata: ocupaci\u00f3n hotelera del 90%","author":"AF","date":"09\/02\/2013","format":false,"excerpt":"La costa atl\u00e1ntica es el destino elegido por los turistas para disfrutar del fin de semana largo por el carnaval. M\u00e1s de 2.600 autos por hora circulaban por la ruta 2. El presidente de la Asociaci\u00f3n Empresaria Hotelera, Eduardo Palena, manifest\u00f3 a la prensa que \u201ceste fin de semana largo\u2026","rel":"","context":"En \u00abSociedad\u00bb","block_context":{"text":"Sociedad","link":"https:\/\/www.24baires.com\/?cat=1"},"img":{"alt_text":"mar del plata a full","src":"https:\/\/i0.wp.com\/www.24baires.com\/wp-content\/uploads\/2013\/02\/mar-del-plata-a-full.jpg?resize=350%2C200","width":350,"height":200,"srcset":"https:\/\/i0.wp.com\/www.24baires.com\/wp-content\/uploads\/2013\/02\/mar-del-plata-a-full.jpg?resize=350%2C200 1x, https:\/\/i0.wp.com\/www.24baires.com\/wp-content\/uploads\/2013\/02\/mar-del-plata-a-full.jpg?resize=525%2C300 1.5x"},"classes":[]},{"id":99304,"url":"https:\/\/www.24baires.com\/?p=99304","url_meta":{"origin":5457,"position":2},"title":"Mar del Plata recibi\u00f3 a m\u00e1s de 116 mil turistas por el fin de semana largo","author":"GB","date":"10\/12\/2017","format":false,"excerpt":"La ocupaci\u00f3n hotelera global ascendi\u00f3 a 73%. \"El balance es muy bueno\", reconoci\u00f3 la presidenta del Emtur, Gabriela Magnoler. Mar del Plata recibi\u00f3 a m\u00e1s de 116 mil turistas por el fin de semana largo. El dato fue suministrado por el Ente Municipal de Turismo, que adem\u00e1s consign\u00f3 que la\u2026","rel":"","context":"En \u00abMunicipios\u00bb","block_context":{"text":"Municipios","link":"https:\/\/www.24baires.com\/?cat=44"},"img":{"alt_text":"","src":"https:\/\/i0.wp.com\/www.24baires.com\/wp-content\/uploads\/2015\/01\/turistas-mar-del-plata.jpg?resize=350%2C200","width":350,"height":200,"srcset":"https:\/\/i0.wp.com\/www.24baires.com\/wp-content\/uploads\/2015\/01\/turistas-mar-del-plata.jpg?resize=350%2C200 1x, https:\/\/i0.wp.com\/www.24baires.com\/wp-content\/uploads\/2015\/01\/turistas-mar-del-plata.jpg?resize=525%2C300 1.5x"},"classes":[]},{"id":122963,"url":"https:\/\/www.24baires.com\/?p=122963","url_meta":{"origin":5457,"position":3},"title":"Mar del Plata celebr\u00f3 el flujo de turistas por el fin de semana largo","author":"GB","date":"06\/04\/2026","format":false,"excerpt":"Este a\u00f1o, el calendario jug\u00f3 a favor del movimiento tur\u00edstico, ya que Semana Santa coincidi\u00f3 con el D\u00eda del Veterano y de los Ca\u00eddos en la Guerra de Malvinas, a diferencia de 2025, cuando ambas fechas estuvieron m\u00e1s alejadas. La ciudad de Mar del Plata volvi\u00f3 a posicionarse como uno\u2026","rel":"","context":"En \u00abSociedad\u00bb","block_context":{"text":"Sociedad","link":"https:\/\/www.24baires.com\/?cat=1"},"img":{"alt_text":"","src":"https:\/\/i0.wp.com\/www.24baires.com\/wp-content\/uploads\/2026\/03\/mar_del_plata.webp?resize=350%2C200","width":350,"height":200,"srcset":"https:\/\/i0.wp.com\/www.24baires.com\/wp-content\/uploads\/2026\/03\/mar_del_plata.webp?resize=350%2C200 1x, https:\/\/i0.wp.com\/www.24baires.com\/wp-content\/uploads\/2026\/03\/mar_del_plata.webp?resize=525%2C300 1.5x, https:\/\/i0.wp.com\/www.24baires.com\/wp-content\/uploads\/2026\/03\/mar_del_plata.webp?resize=700%2C400 2x"},"classes":[]},{"id":112996,"url":"https:\/\/www.24baires.com\/?p=112996","url_meta":{"origin":5457,"position":4},"title":"Las reservas hoteleras alcanzan el 75% para el fin de semana largo en Mar del Plata","author":"GB","date":"14\/11\/2019","format":false,"excerpt":"Las cifras difundidas desde el Emtur. Buenas expectativas Las reservas hoteleras rondan el 75 por ciento en Mar del Plata para este fin de semana largo por el D\u00eda de la Soberan\u00eda Nacional, seg\u00fan cifras difundidas desde el Emtur (Ente Municipal de Turismo). \u201cEl relevamiento realizado por el ente y\u2026","rel":"","context":"En \u00abMunicipios\u00bb","block_context":{"text":"Municipios","link":"https:\/\/www.24baires.com\/?cat=44"},"img":{"alt_text":"","src":"https:\/\/i0.wp.com\/www.24baires.com\/wp-content\/uploads\/2017\/02\/mar-del-plata.jpg?resize=350%2C200","width":350,"height":200,"srcset":"https:\/\/i0.wp.com\/www.24baires.com\/wp-content\/uploads\/2017\/02\/mar-del-plata.jpg?resize=350%2C200 1x, https:\/\/i0.wp.com\/www.24baires.com\/wp-content\/uploads\/2017\/02\/mar-del-plata.jpg?resize=525%2C300 1.5x"},"classes":[]},{"id":26538,"url":"https:\/\/www.24baires.com\/?p=26538","url_meta":{"origin":5457,"position":5},"title":"Miles de turistas disfrutan del fin de semana largo en Mar del Plata","author":"AF","date":"21\/06\/2013","format":false,"excerpt":"Con una ocupaci\u00f3n del 80 por ciento, los turistas que aprovecharon el fin de semana largo le hacen frente al fr\u00edo y emprenden caminatas por la playa, recorren el puerto, donde la oferta gastron\u00f3mica se ve colmada, o eligen los puntos emblem\u00e1ticos de la ciudad. La ocupaci\u00f3n hotelera en Mar\u2026","rel":"","context":"En \u00abSociedad\u00bb","block_context":{"text":"Sociedad","link":"https:\/\/www.24baires.com\/?cat=1"},"img":{"alt_text":"mdp invierno","src":"https:\/\/i0.wp.com\/www.24baires.com\/wp-content\/uploads\/2013\/06\/mdp-invierno-300x217.jpg?resize=350%2C200","width":350,"height":200},"classes":[]}],"jetpack_sharing_enabled":true,"jetpack_likes_enabled":true,"_links":{"self":[{"href":"https:\/\/www.24baires.com\/index.php?rest_route=\/wp\/v2\/posts\/5457","targetHints":{"allow":["GET"]}}],"collection":[{"href":"https:\/\/www.24baires.com\/index.php?rest_route=\/wp\/v2\/posts"}],"about":[{"href":"https:\/\/www.24baires.com\/index.php?rest_route=\/wp\/v2\/types\/post"}],"author":[{"embeddable":true,"href":"https:\/\/www.24baires.com\/index.php?rest_route=\/wp\/v2\/users\/4"}],"replies":[{"embeddable":true,"href":"https:\/\/www.24baires.com\/index.php?rest_route=%2Fwp%2Fv2%2Fcomments&post=5457"}],"version-history":[{"count":3,"href":"https:\/\/www.24baires.com\/index.php?rest_route=\/wp\/v2\/posts\/5457\/revisions"}],"predecessor-version":[{"id":5495,"href":"https:\/\/www.24baires.com\/index.php?rest_route=\/wp\/v2\/posts\/5457\/revisions\/5495"}],"wp:attachment":[{"href":"https:\/\/www.24baires.com\/index.php?rest_route=%2Fwp%2Fv2%2Fmedia&parent=5457"}],"wp:term":[{"taxonomy":"category","embeddable":true,"href":"https:\/\/www.24baires.com\/index.php?rest_route=%2Fwp%2Fv2%2Fcategories&post=5457"},{"taxonomy":"post_tag","embeddable":true,"href":"https:\/\/www.24baires.com\/index.php?rest_route=%2Fwp%2Fv2%2Ftags&post=5457"}],"curies":[{"name":"wp","href":"https:\/\/api.w.org\/{rel}","templated":true}]}}