{"id":5449,"date":"2012-11-14T20:13:03","date_gmt":"2012-11-14T23:13:03","guid":{"rendered":"http:\/\/www.24baires.com\/?p=5449"},"modified":"2012-11-14T20:13:44","modified_gmt":"2012-11-14T23:13:44","slug":"nuevo-paro-docente-por-48-horas-jueves-22-y-viernes-23-sin-clases","status":"publish","type":"post","link":"https:\/\/www.24baires.com\/?p=5449","title":{"rendered":"Nuevo paro docente por 48 horas: jueves 22 y viernes 23 sin clases"},"content":{"rendered":"<p>La Federaci\u00f3n de Educadores Bonaerenses junto al Frente Gremial anunciaron que realizar\u00e1n una jornada de paro por 48 horas los d\u00edas 22 y 23 de noviembre, \u00abante la falta de respuesta de las autoridades bonaerenses\u00bb, expresaron desde la entidad.<!--more--><\/p>\n<p>Desde la FEB manifestaron que los representantes de Educaci\u00f3n y Econom\u00eda que participaron de la reuni\u00f3n \u201cfueron sin ninguna propuesta\u201d en lo referente \u201ca la creaci\u00f3n de la comisi\u00f3n de asignaciones familiares\u201d. Asimismo, fuentes gremiales expresaron que \u201cNora de Luc\u00eda (directora de Cultura y Educaci\u00f3n bonaerense) dijo que ten\u00eda firmado el decreto que equiparaba con Naci\u00f3n el monto de las asignaciones, pero esto no fue as\u00ed\u00bb.<\/p>\n<p>La medida de fuerza hab\u00eda sido definida en los congresos de cada entidad gremial la \u00faltima semana pero estaba sujeta al encuentro con funcionarios provinciales, con quienes al no llegar a un acuerdo, los maestros parar\u00e1n jueves y viernes.<\/p>\n","protected":false},"excerpt":{"rendered":"<p>La Federaci\u00f3n de Educadores Bonaerenses junto al Frente Gremial anunciaron que realizar\u00e1n una jornada de paro por 48 horas los d\u00edas 22 y 23 de noviembre, \u00abante la falta de respuesta de las autoridades bonaerenses\u00bb, expresaron desde la entidad.<\/p>\n","protected":false},"author":4,"featured_media":0,"comment_status":"open","ping_status":"open","sticky":false,"template":"","format":"standard","meta":{"_jetpack_newsletter_access":"","_jetpack_dont_email_post_to_subs":false,"_jetpack_newsletter_tier_id":0,"_jetpack_memberships_contains_paywalled_content":false,"_jetpack_memberships_contains_paid_content":false,"footnotes":""},"categories":[1],"tags":[],"class_list":["post-5449","post","type-post","status-publish","format-standard","hentry","category-sociedad"],"jetpack_featured_media_url":"","jetpack_shortlink":"https:\/\/wp.me\/p2JWE0-1pT","jetpack-related-posts":[{"id":4404,"url":"https:\/\/www.24baires.com\/?p=4404","url_meta":{"origin":5449,"position":0},"title":"Esta semana Scioli retoma las negociaciones con el gremio docente","author":"Grupo Sierra","date":"04\/11\/2012","format":false,"excerpt":"El Ejecutivo provincial y los gremios docentes retoman las negociaciones el pr\u00f3ximo martes. La Federaci\u00f3n de Educadores Bonaerenses defini\u00f3 un nuevo paro y lo at\u00f3 al resultado de la reuni\u00f3n. Amenaza con votar el no inicio de clases para el a\u00f1o pr\u00f3ximo. En medio de amenazas de nuevos paros en\u2026","rel":"","context":"En \u00abProvincia\u00bb","block_context":{"text":"Provincia","link":"https:\/\/www.24baires.com\/?cat=40"},"img":{"alt_text":"","src":"https:\/\/i0.wp.com\/www.24baires.com\/wp-content\/uploads\/2012\/11\/Scioli-clima-politico-300x214.jpg?resize=350%2C200","width":350,"height":200},"classes":[]},{"id":2341,"url":"https:\/\/www.24baires.com\/?p=2341","url_meta":{"origin":5449,"position":1},"title":"Docentes bonaerenses convocan a paro de 48 horas por \u00abpar\u00e1lisis en Educaci\u00f3n\u00bb","author":"AF","date":"16\/10\/2012","format":false,"excerpt":"Integrantes del Suteba, FEB, AMET, Sadop y UDA convocaron a una medida de fuerza para el martes 23 y el mi\u00e9rcoles 24 en reclamos del correcto cobro de salarios y la reapertura de paritarias del sector. Ma\u00f1ana habr\u00e1 una movilizaci\u00f3n a la Direcci\u00f3n General de Escuelas. El Frente Gremial Docente,\u2026","rel":"","context":"En \u00abSociedad\u00bb","block_context":{"text":"Sociedad","link":"https:\/\/www.24baires.com\/?cat=1"},"img":{"alt_text":"","src":"https:\/\/i0.wp.com\/www.24baires.com\/wp-content\/uploads\/2012\/10\/frentegremialdocentes1-300x226.jpg?resize=350%2C200","width":350,"height":200},"classes":[]},{"id":7157,"url":"https:\/\/www.24baires.com\/?p=7157","url_meta":{"origin":5449,"position":2},"title":"Docentes anunciaron que las clases no comenzar\u00e1n el 25 de febrero","author":"AF","date":"28\/11\/2012","format":false,"excerpt":"La presidente de la Federaci\u00f3n de Educadores Bonaerenses (FEB), Mirta Petrocini, explic\u00f3 que la medida de fuerza se llevar\u00e1 a cabo en caso de que las autoridades educativas, encabezadas por la ministra Nora De Luc\u00eda, sigan evitando dar \u201crespuestas concretas\u201d a los reclamos del sector. En un congreso extraordinario, los\u2026","rel":"","context":"En \u00abSociedad\u00bb","block_context":{"text":"Sociedad","link":"https:\/\/www.24baires.com\/?cat=1"},"img":{"alt_text":"","src":"","width":0,"height":0},"classes":[]},{"id":5536,"url":"https:\/\/www.24baires.com\/?p=5536","url_meta":{"origin":5449,"position":3},"title":"Suteba ratific\u00f3 el paro para el jueves 22 y el viernes 23","author":"AF","date":"15\/11\/2012","format":false,"excerpt":"El titular del Suteba, Roberto Baradel, ratific\u00f3 el paro de 48 horas de docentes bonaerenses anunciado para la semana pr\u00f3xima en reclamo de la reapertura de paritarias y pago de salarios adeudados. El dirigente gremial provincial reiter\u00f3 que la medida de fuerza se llevar\u00e1 a cabo el jueves y el\u2026","rel":"","context":"En \u00abSociedad\u00bb","block_context":{"text":"Sociedad","link":"https:\/\/www.24baires.com\/?cat=1"},"img":{"alt_text":"","src":"https:\/\/i0.wp.com\/www.24baires.com\/wp-content\/uploads\/2012\/11\/baradel-reuni%C3%B3n.jpg?resize=350%2C200","width":350,"height":200,"srcset":"https:\/\/i0.wp.com\/www.24baires.com\/wp-content\/uploads\/2012\/11\/baradel-reuni%C3%B3n.jpg?resize=350%2C200 1x, https:\/\/i0.wp.com\/www.24baires.com\/wp-content\/uploads\/2012\/11\/baradel-reuni%C3%B3n.jpg?resize=525%2C300 1.5x"},"classes":[]},{"id":56274,"url":"https:\/\/www.24baires.com\/?p=56274","url_meta":{"origin":5449,"position":4},"title":"Docentes bonaerenses ya pusieron fecha para el paro de actividades","author":"GB","date":"30\/10\/2014","format":false,"excerpt":"El Frente Gremial defini\u00f3 el momento en el que llevar\u00e1 adelante la huelga de 48 horas que fue convocada a principios de semana. \"Esperemos que tomen en cuenta nuestros pedidos\", reclamaron. La secretaria gremial de Suteba, Mar\u00eda Laura Torre, confirm\u00f3 este jueves que los docentes bonaerenses realizar\u00e1n un paro por\u2026","rel":"","context":"En \u00abSociedad\u00bb","block_context":{"text":"Sociedad","link":"https:\/\/www.24baires.com\/?cat=1"},"img":{"alt_text":"paro docente","src":"https:\/\/i0.wp.com\/www.24baires.com\/wp-content\/uploads\/2014\/10\/paro-docente.jpg?resize=350%2C200","width":350,"height":200,"srcset":"https:\/\/i0.wp.com\/www.24baires.com\/wp-content\/uploads\/2014\/10\/paro-docente.jpg?resize=350%2C200 1x, https:\/\/i0.wp.com\/www.24baires.com\/wp-content\/uploads\/2014\/10\/paro-docente.jpg?resize=525%2C300 1.5x"},"classes":[]},{"id":2412,"url":"https:\/\/www.24baires.com\/?p=2412","url_meta":{"origin":5449,"position":5},"title":"El Frente Gremial docente marcha a Direcci\u00f3n General de Educaci\u00f3n","author":"AF","date":"17\/10\/2012","format":false,"excerpt":"Miembros de la FEB, Suteba, Sadop, AMET y UDA, se concentran esta ma\u00f1ana para marchar al edificio de la cartera que conduce Nora de Luc\u00eda. Exigen el correcto pago de salarios de 3 mil docentes y la reapertura de paritarias. A partir de las 10 de la ma\u00f1ana, la Plaza\u2026","rel":"","context":"En \u00abSociedad\u00bb","block_context":{"text":"Sociedad","link":"https:\/\/www.24baires.com\/?cat=1"},"img":{"alt_text":"","src":"https:\/\/i0.wp.com\/www.24baires.com\/wp-content\/uploads\/2012\/10\/frentegremialdocentes2-300x179.jpg?resize=350%2C200","width":350,"height":200},"classes":[]}],"jetpack_sharing_enabled":true,"jetpack_likes_enabled":true,"_links":{"self":[{"href":"https:\/\/www.24baires.com\/index.php?rest_route=\/wp\/v2\/posts\/5449","targetHints":{"allow":["GET"]}}],"collection":[{"href":"https:\/\/www.24baires.com\/index.php?rest_route=\/wp\/v2\/posts"}],"about":[{"href":"https:\/\/www.24baires.com\/index.php?rest_route=\/wp\/v2\/types\/post"}],"author":[{"embeddable":true,"href":"https:\/\/www.24baires.com\/index.php?rest_route=\/wp\/v2\/users\/4"}],"replies":[{"embeddable":true,"href":"https:\/\/www.24baires.com\/index.php?rest_route=%2Fwp%2Fv2%2Fcomments&post=5449"}],"version-history":[{"count":3,"href":"https:\/\/www.24baires.com\/index.php?rest_route=\/wp\/v2\/posts\/5449\/revisions"}],"predecessor-version":[{"id":5452,"href":"https:\/\/www.24baires.com\/index.php?rest_route=\/wp\/v2\/posts\/5449\/revisions\/5452"}],"wp:attachment":[{"href":"https:\/\/www.24baires.com\/index.php?rest_route=%2Fwp%2Fv2%2Fmedia&parent=5449"}],"wp:term":[{"taxonomy":"category","embeddable":true,"href":"https:\/\/www.24baires.com\/index.php?rest_route=%2Fwp%2Fv2%2Fcategories&post=5449"},{"taxonomy":"post_tag","embeddable":true,"href":"https:\/\/www.24baires.com\/index.php?rest_route=%2Fwp%2Fv2%2Ftags&post=5449"}],"curies":[{"name":"wp","href":"https:\/\/api.w.org\/{rel}","templated":true}]}}